{"id":7400,"date":"2023-11-28T11:49:27","date_gmt":"2023-11-28T15:49:27","guid":{"rendered":"https:\/\/www.lediamant.ca\/?p=7400"},"modified":"2024-02-01T15:29:36","modified_gmt":"2024-02-01T19:29:36","slug":"ajouts-programmation-2023-2024","status":"publish","type":"post","link":"https:\/\/www.lediamant.ca\/fr\/ajouts-programmation-2023-2024","title":{"rendered":"SLAM! en premi\u00e8re mondiale et deux spectacles internationaux de cirque"},"content":{"rendered":"<div class=\"item wysiwyg component-heading\" >\n<h2 class=\"wp-block-heading\">Ajouts \u00e0 la programmation 2023-2024<\/h2>\n<\/div>\n\n<div class=\"item wysiwyg component-paragraph\" >\n<p><em><a href=\"https:\/\/www.lediamant.ca\/fr\/programmation\/slam\" target=\"_blank\" rel=\"noreferrer noopener\">SLAM!<\/a><\/em>, la nouvelle cr\u00e9ation de FLIP Fabrique et Ex Machina \/ Robert Lepage, sera pr\u00e9sent\u00e9e en premi\u00e8re mondiale au Diamant du 5 au 9 mars, puis \u00e0 la <a href=\"https:\/\/tohu.ca\/fr\" target=\"_blank\" rel=\"noreferrer noopener\">TOHU<\/a> \u00e0 Montr\u00e9al du 19 mars au 1<sup>er<\/sup> avril. Deux autres spectacles s\u2019ajoutent \u00e0 la programmation\u00a02023-2024 du Diamant\u2009: <em><a href=\"https:\/\/www.lediamant.ca\/fr\/programmation\/the-mirror\" target=\"_blank\" rel=\"noreferrer noopener\">The Mirror<\/a><\/em> de Gravity &amp; Other Myths (Australie), et <em><a href=\"https:\/\/www.lediamant.ca\/fr\/programmation\/esquive\" target=\"_blank\" rel=\"noreferrer noopener\">Esquive<\/a><\/em> du Plus Petit Cirque du Monde (France).<\/p>\n<\/div>\n\n<div class=\"item wysiwyg component-paragraph\" >\n<p>Les billets des spectacles sont en vente <strong>d\u00e8s maintenant <\/strong>pour <em><a href=\"https:\/\/www.lediamant.ca\/fr\/amants\" target=\"_blank\" rel=\"noreferrer noopener\">Les Amants du Diamant<\/a><\/em>, le programme d\u2019infid\u00e9lit\u00e9 du Diamant. La vente au grand public d\u00e9bute demain, <strong>le mercredi 29 novembre \u00e0 midi<\/strong>.<\/p>\n<\/div>\n\n\n<div id=\"themirror\" class=\"wp-block-group\"><div class=\"wp-block-group__inner-container is-layout-constrained wp-block-group-is-layout-constrained\"><div class=\"item wysiwyg component-heading\" >\n<h2 class=\"wp-block-heading\">The Mirror<br><span style=\"font-family: DomaineText, Serif\">8 \u2014 10 f\u00e9vr.<\/span><\/h2>\n<\/div>\n\n<div class=\"item component-columns\">\n<div class=\"wp-block-columns is-layout-flex wp-container-core-columns-is-layout-9d6595d7 wp-block-columns-is-layout-flex\">\n<div class=\"wp-block-column is-layout-flow wp-block-column-is-layout-flow\" style=\"flex-basis:66.66%\"><div class=\"item wysiwyg component-heading\" >\n<h4 class=\"wp-block-heading\">Gravity &amp; Other Myths (Australie)<\/h4>\n<\/div>\n\n<div class=\"item wysiwyg component-paragraph\" >\n<p><em>The Mirror<\/em> est le d\u00e9fi le plus ambitieux sur le plan physique et conceptuel de la compagnie australienne. Les artistes y explorent le concept de divertissement \u00e0 travers le langage du cirque contemporain, et remettent en question ce que l&rsquo;homme moderne trouve divertissant.<\/p>\n<\/div>\n\n<div class=\"item wysiwyg component-paragraph\" >\n<p>Les danses de haut niveau et les acrobaties dans cette cr\u00e9ation sont contrebalanc\u00e9es par une conception contemporaine innovante, utilisant un mur DEL, des cam\u00e9ras et des perches \u00e0 autoportrait. Hautement expressifs, ludiques et accompagn\u00e9s des compositions \u00e9lectroniques exceptionnelles et des m\u00e9langes pop du musicien Ekrem Eli Phoenix, les artistes de Gravity &amp; Other Myths se lancent \u00e0 la recherche du \u00ab vrai \u00bb soi.<\/p>\n<\/div>\n\n<div class=\"item wysiwyg component-paragraph\" >\n<p><\/p>\n<\/div>\n\n<div class=\"item wysiwyg component-link-button\" >\n<p><a class=\"btn btn--inverse\" href=\"https:\/\/www.lediamant.ca\/fr\/programmation\/the-mirror\" target=\"_blank\">D\u00e9tails et billets<\/a><\/p><\/div><\/div>\n\n\n\n<div class=\"wp-block-column is-layout-flow wp-block-column-is-layout-flow\" style=\"flex-basis:50%\"><div class=\"item wysiwyg component-image\" >\n<figure class=\"wp-block-image size-full\"><img decoding=\"async\" width=\"1000\" height=\"1495\" src=\"https:\/\/www.lediamant.ca\/wp-content\/uploads\/2023\/11\/2024-Mirror-devoilement-article.jpg\" alt=\"\" class=\"wp-image-7630\"\/ loading=\"lazy\" srcset=\"https:\/\/www.lediamant.ca\/wp-content\/uploads\/2023\/11\/2024-Mirror-devoilement-article.jpg 1000w, https:\/\/www.lediamant.ca\/wp-content\/uploads\/2023\/11\/2024-Mirror-devoilement-article-700x1047.jpg 700w, https:\/\/www.lediamant.ca\/wp-content\/uploads\/2023\/11\/2024-Mirror-devoilement-article-768x1148.jpg 768w, https:\/\/www.lediamant.ca\/wp-content\/uploads\/2023\/11\/2024-Mirror-devoilement-article-400x598.jpg 400w\" sizes=\"auto, (max-width: 1000px) 100vw, 1000px\" \/><figcaption class=\"wp-element-caption\">Photo \u2014 Andy Phillipson<\/figcaption><\/figure>\n<\/div><\/div>\n<\/div>\n<\/div><\/div><\/div>\n\n\n\n<div id=\"slam\" class=\"wp-block-group\"><div class=\"wp-block-group__inner-container is-layout-constrained wp-block-group-is-layout-constrained\"><div class=\"item wysiwyg component-heading\" >\n<h2 class=\"wp-block-heading\">SLAM!<br><span style=\"font-family: DomaineText, Serif\">5 \u2014 9 mars<\/span><\/h2>\n<\/div>\n\n<div class=\"item component-columns\">\n<div class=\"wp-block-columns is-layout-flex wp-container-core-columns-is-layout-9d6595d7 wp-block-columns-is-layout-flex\">\n<div class=\"wp-block-column is-layout-flow wp-block-column-is-layout-flow\" style=\"flex-basis:66.66%\"><div class=\"item wysiwyg component-heading\" >\n<h4 class=\"wp-block-heading\">FLIP Fabrique et Ex Machina \/ Robert Lepage<\/h4>\n<\/div>\n\n<div class=\"item wysiwyg component-paragraph\" >\n<p><strong>LA RENCONTRE DU TH\u00c9\u00c2TRE ET DU CIRQUE.<\/strong><\/p>\n<\/div>\n\n<div class=\"item wysiwyg component-paragraph\" >\n<p>Actuellement en cr\u00e9ation au studio Lepage Beaulieu, <em>SLAM!<\/em> de FLIP Fabrique et Ex Machina \/ Robert Lepage fait irruption dans le monde de la lutte, par le biais de leur discipline respective; un match d\u00e9cisif entre des titans du th\u00e9\u00e2tre et du cirque mis en sc\u00e8ne par Robert Lepage.<\/p>\n<\/div>\n\n<div class=\"item wysiwyg component-paragraph\" >\n<p><em>SLAM!<\/em> Un titre qui claque, \u00e0 la fois onomatop\u00e9e et violente prise de lutte o\u00f9 l\u2019adversaire est projet\u00e9 au sol. Dans ce spectacle d\u2019hyperth\u00e9\u00e2tre, les acrobates incarnent toute une galerie de personnages dans le ring et hors de celui-ci.<\/p>\n<\/div>\n\n<div class=\"item wysiwyg component-paragraph\" >\n<p>Rendu possible gr\u00e2ce \u00e0 la g\u00e9n\u00e9reuse participation du minist\u00e8re de la Culture et des Communications du Qu\u00e9bec.<\/p>\n<\/div>\n\n<div class=\"item wysiwyg component-paragraph\" >\n<p>Une pr\u00e9sentation de WKND et BLVD.<\/p>\n<\/div>\n\n<div class=\"item wysiwyg component-link-button\" >\n<p><a class=\"btn btn--inverse\" href=\"https:\/\/www.lediamant.ca\/fr\/programmation\/slam\" target=\"_blank\">D\u00e9tails et billets<\/a><\/p><\/div><\/div>\n\n\n\n<div class=\"wp-block-column is-layout-flow wp-block-column-is-layout-flow\" style=\"flex-basis:50%\"><div class=\"item wysiwyg component-image\" >\n<figure class=\"wp-block-image size-full\"><img decoding=\"async\" width=\"1000\" height=\"1495\" src=\"https:\/\/www.lediamant.ca\/wp-content\/uploads\/2023\/11\/2024-Slam-devoilement-article.jpg\" alt=\"\" class=\"wp-image-7632\"\/ loading=\"lazy\" srcset=\"https:\/\/www.lediamant.ca\/wp-content\/uploads\/2023\/11\/2024-Slam-devoilement-article.jpg 1000w, https:\/\/www.lediamant.ca\/wp-content\/uploads\/2023\/11\/2024-Slam-devoilement-article-700x1047.jpg 700w, https:\/\/www.lediamant.ca\/wp-content\/uploads\/2023\/11\/2024-Slam-devoilement-article-768x1148.jpg 768w, https:\/\/www.lediamant.ca\/wp-content\/uploads\/2023\/11\/2024-Slam-devoilement-article-400x598.jpg 400w\" sizes=\"auto, (max-width: 1000px) 100vw, 1000px\" \/><figcaption class=\"wp-element-caption\">Photo \u2014 St\u00e9phane Bourgeois<\/figcaption><\/figure>\n<\/div><\/div>\n<\/div>\n<\/div><\/div><\/div>\n\n\n\n<div id=\"esquive\" class=\"wp-block-group\"><div class=\"wp-block-group__inner-container is-layout-constrained wp-block-group-is-layout-constrained\"><div class=\"item wysiwyg component-heading\" >\n<h2 class=\"wp-block-heading\">Esquive<br><span style=\"font-family: DomaineText, Serif\">2 \u2014<\/span> <span style=\"font-family: DomaineText, Serif\">4 mai<\/span><\/h2>\n<\/div>\n\n<div class=\"item component-columns\">\n<div class=\"wp-block-columns is-layout-flex wp-container-core-columns-is-layout-9d6595d7 wp-block-columns-is-layout-flex\">\n<div class=\"wp-block-column is-layout-flow wp-block-column-is-layout-flow\" style=\"flex-basis:66.66%\"><div class=\"item wysiwyg component-heading\" >\n<h4 class=\"wp-block-heading\">Le Plus Petit Cirque du Monde (FRANCE)<\/h4>\n<\/div>\n\n<div class=\"item wysiwyg component-paragraph\" >\n<p>Rassembl\u00e9s autour de trois trampolines et d\u2019une structure offrant diff\u00e9rents plans, six acrobates explorent et rendent hommage \u00e0 une discipline\u2009: le trampoline. <\/p>\n<\/div>\n\n<div class=\"item wysiwyg component-paragraph\" >\n<p>En questionnant la gravit\u00e9, le poids, la suspension et les changements d\u2019\u00e9tat de corps, la partition acrobatique devient un langage. Celui qui traduit les fondements intimes du cirque : l\u2019art de l\u2019envol et de la prise de risque, un \u00e9loge de la fragilit\u00e9 et de l\u2019utopie.<\/p>\n<\/div>\n\n<div class=\"item wysiwyg component-paragraph\" >\n<p>Une pr\u00e9sentation de WKND.<\/p>\n<\/div>\n\n<div class=\"item wysiwyg component-link-button\" >\n<p><a class=\"btn btn--inverse\" href=\"https:\/\/www.lediamant.ca\/fr\/programmation\/esquive\" target=\"_blank\">D\u00e9tails et billets<\/a><\/p><\/div><\/div>\n\n\n\n<div class=\"wp-block-column is-layout-flow wp-block-column-is-layout-flow\" style=\"flex-basis:50%\"><div class=\"item wysiwyg component-image\" >\n<figure class=\"wp-block-image size-full\"><img decoding=\"async\" width=\"1000\" height=\"1495\" src=\"https:\/\/www.lediamant.ca\/wp-content\/uploads\/2023\/11\/2024-Esquive-devoilement-article.jpg\" alt=\"\" class=\"wp-image-7634\"\/ loading=\"lazy\" srcset=\"https:\/\/www.lediamant.ca\/wp-content\/uploads\/2023\/11\/2024-Esquive-devoilement-article.jpg 1000w, https:\/\/www.lediamant.ca\/wp-content\/uploads\/2023\/11\/2024-Esquive-devoilement-article-700x1047.jpg 700w, https:\/\/www.lediamant.ca\/wp-content\/uploads\/2023\/11\/2024-Esquive-devoilement-article-768x1148.jpg 768w, https:\/\/www.lediamant.ca\/wp-content\/uploads\/2023\/11\/2024-Esquive-devoilement-article-400x598.jpg 400w\" sizes=\"auto, (max-width: 1000px) 100vw, 1000px\" \/><figcaption class=\"wp-element-caption\">Photo \u2014 Irvin Anneix \/ H\u00e9l\u00e8ne Comball Weiss<\/figcaption><\/figure>\n<\/div><\/div>\n<\/div>\n<\/div><\/div><\/div>\n\n\n\n<div id=\"esquive\" class=\"wp-block-group\"><div class=\"wp-block-group__inner-container is-layout-constrained wp-block-group-is-layout-constrained\"><div class=\"item wysiwyg component-heading\" >\n<h2 class=\"wp-block-heading\">Suppl\u00e9mentaire <br>Machine de cirque<br><span style=\"font-family: DomaineText, Serif\">\u2014 28 d\u00e9c. \/ 11 h<\/span><\/h2>\n<\/div>\n\n<div class=\"item component-columns\">\n<div class=\"wp-block-columns is-layout-flex wp-container-core-columns-is-layout-9d6595d7 wp-block-columns-is-layout-flex\">\n<div class=\"wp-block-column is-layout-flow wp-block-column-is-layout-flow\" style=\"flex-basis:66.66%\"><div class=\"item wysiwyg component-heading\" >\n<h4 class=\"wp-block-heading\">Machine de Cirque<\/h4>\n<\/div>\n\n<div class=\"item wysiwyg component-paragraph\" >\n<p>Les six gars de Machine de Cirque sont au Diamant pendant la p\u00e9riode des f\u00eates pour divertir toute la famille, du 27 au 30 d\u00e9cembre ! En raison de sa popularit\u00e9, une autre suppl\u00e9mentaire a \u00e9t\u00e9 ajout\u00e9e, soit le <strong>28 d\u00e9cembre \u00e0 11h<\/strong>.<\/p>\n<\/div>\n\n<div class=\"item wysiwyg component-paragraph\" >\n<p>T\u00e9m\u00e9raires, touchants et comiques, vous ne pouvez pas vous ennuyer devant les gars de Machine de Cirque avec leurs num\u00e9ros de planche cor\u00e9enne, les quilles, la batterie et celui de la serviette de bain, leur classique qu\u2019ils ont pr\u00e9sent\u00e9 \u00e0 <a href=\"https:\/\/youtu.be\/a0RUuOQVYBM?si=ucXACC6PCbCJDpH7\">America\u2019s Got Talent en avril 2021<\/a>.<\/p>\n<\/div>\n\n<div class=\"item wysiwyg component-paragraph\" >\n<p>Une pr\u00e9sentation de WKND, en collaboration avec Le Soleil.<\/p>\n<\/div>\n\n<div class=\"item wysiwyg component-link-button\" >\n<p><a class=\"btn btn--inverse\" href=\"https:\/\/www.lediamant.ca\/fr\/programmation\/machine-de-cirque\" target=\"_blank\">D\u00e9tails et billets<\/a><\/p><\/div><\/div>\n\n\n\n<div class=\"wp-block-column is-layout-flow wp-block-column-is-layout-flow\" style=\"flex-basis:50%\"><div class=\"item wysiwyg component-image\" >\n<figure class=\"wp-block-image size-full\"><img decoding=\"async\" width=\"1000\" height=\"1495\" src=\"https:\/\/www.lediamant.ca\/wp-content\/uploads\/2023\/11\/2024-Machine-devoilement-article.jpg\" alt=\"\" class=\"wp-image-7636\"\/ loading=\"lazy\" srcset=\"https:\/\/www.lediamant.ca\/wp-content\/uploads\/2023\/11\/2024-Machine-devoilement-article.jpg 1000w, https:\/\/www.lediamant.ca\/wp-content\/uploads\/2023\/11\/2024-Machine-devoilement-article-700x1047.jpg 700w, https:\/\/www.lediamant.ca\/wp-content\/uploads\/2023\/11\/2024-Machine-devoilement-article-768x1148.jpg 768w, https:\/\/www.lediamant.ca\/wp-content\/uploads\/2023\/11\/2024-Machine-devoilement-article-400x598.jpg 400w\" sizes=\"auto, (max-width: 1000px) 100vw, 1000px\" \/><figcaption class=\"wp-element-caption\">Photo \u2014 St\u00e9phane Bourgeois<\/figcaption><\/figure>\n<\/div><\/div>\n<\/div>\n<\/div><\/div><\/div>\n\n\n<div class=\"item wysiwyg component-heading\" >\n<h2 class=\"wp-block-heading\">Les Amants du Diamant<\/h2>\n<\/div>\n\n<div class=\"item wysiwyg component-embed\" >\n<figure class=\"wp-block-embed is-type-video is-provider-youtube wp-block-embed-youtube wp-embed-aspect-16-9 wp-has-aspect-ratio\"><div class=\"wp-block-embed__wrapper\">\n<iframe loading=\"lazy\" title=\"Pourquoi s\u2019attacher au Diamant\u2009? | Les Amants du Diamant\" width=\"500\" height=\"281\" src=\"https:\/\/www.youtube.com\/embed\/ndIfs9pRyDA?feature=oembed\" frameborder=\"0\" allow=\"accelerometer; autoplay; clipboard-write; encrypted-media; gyroscope; picture-in-picture; web-share\" referrerpolicy=\"strict-origin-when-cross-origin\" allowfullscreen><\/iframe>\n<\/div><\/figure>\n<\/div>\n\n<div class=\"item wysiwyg component-paragraph\" >\n<p>Le programme d\u2019infid\u00e9lit\u00e9 <em>Les Amants du Diamant<\/em>, lanc\u00e9 voil\u00e0 un an d\u00e9j\u00e0, rassemble des centaines de personnes avides de d\u00e9couvertes. L\u2019adh\u00e9sion annuelle, offerte au co\u00fbt de 100$ + taxes, inclut un cr\u00e9dit de 50$ \u00e0 la billetterie, des rabais, un acc\u00e8s aux pr\u00e9ventes, des \u00e9v\u00e9nements exclusifs et des r\u00e9compenses pour vivre des exp\u00e9riences privil\u00e9gi\u00e9es tout au long de l\u2019ann\u00e9e.<\/p>\n<\/div>\n\n<div class=\"item wysiwyg component-link-button\" >\n<p><a class=\"btn btn--red\" href=\"https:\/\/www.lediamant.ca\/fr\/amants\" target=\"_blank\">D\u00e9tails et achat<\/a><\/p><\/div>","protected":false},"excerpt":{"rendered":"SLAM\u2009!, la nouvelle cr\u00e9ation de FLIP Fabrique et Ex Machina \/ Robert Lepage, sera pr\u00e9sent\u00e9e en premi\u00e8re mondiale au Diamant du 5 au 9 mars, puis \u00e0 la TOHU \u00e0 Montr\u00e9al du 21 mars au 5 avril. Deux autres spectacles s\u2019ajoutent \u00e0 la programmation\u00a02023-2024 du Diamant\u2009: The Mirror de Gravity &#038; Other Myths (Australie), et Esquive du Plus Petit Cirque du Monde (France).","protected":false},"author":2,"featured_media":7581,"comment_status":"closed","ping_status":"closed","sticky":false,"template":"","format":"standard","meta":{"_acf_changed":false,"footnotes":""},"categories":[43],"tags":[],"class_list":["post-7400","post","type-post","status-publish","format-standard","has-post-thumbnail","hentry","category-communique"],"acf":[],"yoast_head":"<!-- This site is optimized with the Yoast SEO plugin v26.5 - https:\/\/yoast.com\/wordpress\/plugins\/seo\/ -->\n<title>SLAM! en premi\u00e8re mondiale et deux spectacles internationaux de cirque - Le Diamant<\/title>\n<meta name=\"description\" content=\"SLAM\u2009!, la nouvelle cr\u00e9ation de FLIP Fabrique et Ex Machina \/ Robert Lepage, sera pr\u00e9sent\u00e9e en premi\u00e8re mondiale au Diamant du 5 au 9 mars.\" \/>\n<meta name=\"robots\" content=\"index, follow, max-snippet:-1, max-image-preview:large, max-video-preview:-1\" \/>\n<link rel=\"canonical\" href=\"https:\/\/www.lediamant.ca\/fr\/ajouts-programmation-2023-2024\" \/>\n<meta property=\"og:locale\" content=\"fr_FR\" \/>\n<meta property=\"og:type\" content=\"article\" \/>\n<meta property=\"og:title\" content=\"Premi\u00e8re mondiale de SLAM! et de deux spectacles internationaux de Cirque | Le Diamant\" \/>\n<meta property=\"og:description\" content=\"Ajouts \u00e0 la programmation 2023-2024\" \/>\n<meta property=\"og:url\" content=\"https:\/\/www.lediamant.ca\/fr\/ajouts-programmation-2023-2024\" \/>\n<meta property=\"og:site_name\" content=\"Le Diamant\" \/>\n<meta property=\"article:publisher\" content=\"https:\/\/www.facebook.com\/lediamantqc\/\" \/>\n<meta property=\"article:published_time\" content=\"2023-11-28T15:49:27+00:00\" \/>\n<meta property=\"article:modified_time\" content=\"2024-02-01T19:29:36+00:00\" \/>\n<meta property=\"og:image\" content=\"https:\/\/www.lediamant.ca\/wp-content\/uploads\/2023\/11\/Trois-nouveaux-spectacles-opengraph.jpg\" \/>\n\t<meta property=\"og:image:width\" content=\"1200\" \/>\n\t<meta property=\"og:image:height\" content=\"630\" \/>\n\t<meta property=\"og:image:type\" content=\"image\/jpeg\" \/>\n<meta name=\"author\" content=\"Le Diamant\" \/>\n<meta name=\"twitter:card\" content=\"summary_large_image\" \/>\n<meta name=\"twitter:creator\" content=\"@lediamant_qc\" \/>\n<meta name=\"twitter:site\" content=\"@lediamant_qc\" \/>\n<meta name=\"twitter:label1\" content=\"\u00c9crit par\" \/>\n\t<meta name=\"twitter:data1\" content=\"Le Diamant\" \/>\n\t<meta name=\"twitter:label2\" content=\"Dur\u00e9e de lecture estim\u00e9e\" \/>\n\t<meta name=\"twitter:data2\" content=\"4 minutes\" \/>\n<script type=\"application\/ld+json\" class=\"yoast-schema-graph\">{\"@context\":\"https:\/\/schema.org\",\"@graph\":[{\"@type\":\"Article\",\"@id\":\"https:\/\/www.lediamant.ca\/fr\/ajouts-programmation-2023-2024#article\",\"isPartOf\":{\"@id\":\"https:\/\/www.lediamant.ca\/fr\/ajouts-programmation-2023-2024\"},\"author\":{\"name\":\"Le Diamant\",\"@id\":\"https:\/\/www.lediamant.ca\/fr\/#\/schema\/person\/1df7cc9f6c6e5901ce19062096c025af\"},\"headline\":\"SLAM! en premi\u00e8re mondiale et deux spectacles internationaux de cirque\",\"datePublished\":\"2023-11-28T15:49:27+00:00\",\"dateModified\":\"2024-02-01T19:29:36+00:00\",\"mainEntityOfPage\":{\"@id\":\"https:\/\/www.lediamant.ca\/fr\/ajouts-programmation-2023-2024\"},\"wordCount\":676,\"publisher\":{\"@id\":\"https:\/\/www.lediamant.ca\/fr\/#organization\"},\"image\":{\"@id\":\"https:\/\/www.lediamant.ca\/fr\/ajouts-programmation-2023-2024#primaryimage\"},\"thumbnailUrl\":\"https:\/\/www.lediamant.ca\/wp-content\/uploads\/2023\/11\/Trois-nouveaux-spectacles-sajoutent-a-la-programmation-dhiver-2024.jpg\",\"articleSection\":[\"Communiqu\u00e9\"],\"inLanguage\":\"fr-FR\"},{\"@type\":\"WebPage\",\"@id\":\"https:\/\/www.lediamant.ca\/fr\/ajouts-programmation-2023-2024\",\"url\":\"https:\/\/www.lediamant.ca\/fr\/ajouts-programmation-2023-2024\",\"name\":\"SLAM! en premi\u00e8re mondiale et deux spectacles internationaux de cirque - Le Diamant\",\"isPartOf\":{\"@id\":\"https:\/\/www.lediamant.ca\/fr\/#website\"},\"primaryImageOfPage\":{\"@id\":\"https:\/\/www.lediamant.ca\/fr\/ajouts-programmation-2023-2024#primaryimage\"},\"image\":{\"@id\":\"https:\/\/www.lediamant.ca\/fr\/ajouts-programmation-2023-2024#primaryimage\"},\"thumbnailUrl\":\"https:\/\/www.lediamant.ca\/wp-content\/uploads\/2023\/11\/Trois-nouveaux-spectacles-sajoutent-a-la-programmation-dhiver-2024.jpg\",\"datePublished\":\"2023-11-28T15:49:27+00:00\",\"dateModified\":\"2024-02-01T19:29:36+00:00\",\"description\":\"SLAM\u2009!, la nouvelle cr\u00e9ation de FLIP Fabrique et Ex Machina \/ Robert Lepage, sera pr\u00e9sent\u00e9e en premi\u00e8re mondiale au Diamant du 5 au 9 mars.\",\"breadcrumb\":{\"@id\":\"https:\/\/www.lediamant.ca\/fr\/ajouts-programmation-2023-2024#breadcrumb\"},\"inLanguage\":\"fr-FR\",\"potentialAction\":[{\"@type\":\"ReadAction\",\"target\":[\"https:\/\/www.lediamant.ca\/fr\/ajouts-programmation-2023-2024\"]}]},{\"@type\":\"ImageObject\",\"inLanguage\":\"fr-FR\",\"@id\":\"https:\/\/www.lediamant.ca\/fr\/ajouts-programmation-2023-2024#primaryimage\",\"url\":\"https:\/\/www.lediamant.ca\/wp-content\/uploads\/2023\/11\/Trois-nouveaux-spectacles-sajoutent-a-la-programmation-dhiver-2024.jpg\",\"contentUrl\":\"https:\/\/www.lediamant.ca\/wp-content\/uploads\/2023\/11\/Trois-nouveaux-spectacles-sajoutent-a-la-programmation-dhiver-2024.jpg\",\"width\":2500,\"height\":1246},{\"@type\":\"BreadcrumbList\",\"@id\":\"https:\/\/www.lediamant.ca\/fr\/ajouts-programmation-2023-2024#breadcrumb\",\"itemListElement\":[{\"@type\":\"ListItem\",\"position\":1,\"name\":\"Accueil\",\"item\":\"https:\/\/www.lediamant.ca\/fr\"},{\"@type\":\"ListItem\",\"position\":2,\"name\":\"SLAM! en premi\u00e8re mondiale et deux spectacles internationaux de cirque\"}]},{\"@type\":\"WebSite\",\"@id\":\"https:\/\/www.lediamant.ca\/fr\/#website\",\"url\":\"https:\/\/www.lediamant.ca\/fr\/\",\"name\":\"Le Diamant\",\"description\":\"Salle de spectacle situ\u00e9e \u00e0 place D&#039;Youville, Qu\u00e9bec (Canada). D\u00e9couvrez notre programmation.\",\"publisher\":{\"@id\":\"https:\/\/www.lediamant.ca\/fr\/#organization\"},\"potentialAction\":[{\"@type\":\"SearchAction\",\"target\":{\"@type\":\"EntryPoint\",\"urlTemplate\":\"https:\/\/www.lediamant.ca\/fr\/?s={search_term_string}\"},\"query-input\":{\"@type\":\"PropertyValueSpecification\",\"valueRequired\":true,\"valueName\":\"search_term_string\"}}],\"inLanguage\":\"fr-FR\"},{\"@type\":\"Organization\",\"@id\":\"https:\/\/www.lediamant.ca\/fr\/#organization\",\"name\":\"Le Diamant\",\"url\":\"https:\/\/www.lediamant.ca\/fr\/\",\"logo\":{\"@type\":\"ImageObject\",\"inLanguage\":\"fr-FR\",\"@id\":\"https:\/\/www.lediamant.ca\/fr\/#\/schema\/logo\/image\/\",\"url\":\"https:\/\/www.lediamant.ca\/wp-content\/uploads\/2023\/05\/le-diamant-logo.png\",\"contentUrl\":\"https:\/\/www.lediamant.ca\/wp-content\/uploads\/2023\/05\/le-diamant-logo.png\",\"width\":1000,\"height\":750,\"caption\":\"Le Diamant\"},\"image\":{\"@id\":\"https:\/\/www.lediamant.ca\/fr\/#\/schema\/logo\/image\/\"},\"sameAs\":[\"https:\/\/www.facebook.com\/lediamantqc\/\",\"https:\/\/x.com\/lediamant_qc\"]},{\"@type\":\"Person\",\"@id\":\"https:\/\/www.lediamant.ca\/fr\/#\/schema\/person\/1df7cc9f6c6e5901ce19062096c025af\",\"name\":\"Le Diamant\",\"image\":{\"@type\":\"ImageObject\",\"inLanguage\":\"fr-FR\",\"@id\":\"https:\/\/www.lediamant.ca\/fr\/#\/schema\/person\/image\/\",\"url\":\"https:\/\/secure.gravatar.com\/avatar\/987afa0f07c5e880e415fd6bbdc5cc7ccbd67354d810536804d8f515d64bd014?s=96&d=mm&r=g\",\"contentUrl\":\"https:\/\/secure.gravatar.com\/avatar\/987afa0f07c5e880e415fd6bbdc5cc7ccbd67354d810536804d8f515d64bd014?s=96&d=mm&r=g\",\"caption\":\"Le Diamant\"}}]}<\/script>\n<!-- \/ Yoast SEO plugin. -->","yoast_head_json":{"title":"SLAM! en premi\u00e8re mondiale et deux spectacles internationaux de cirque - Le Diamant","description":"SLAM\u2009!, la nouvelle cr\u00e9ation de FLIP Fabrique et Ex Machina \/ Robert Lepage, sera pr\u00e9sent\u00e9e en premi\u00e8re mondiale au Diamant du 5 au 9 mars.","robots":{"index":"index","follow":"follow","max-snippet":"max-snippet:-1","max-image-preview":"max-image-preview:large","max-video-preview":"max-video-preview:-1"},"canonical":"https:\/\/www.lediamant.ca\/fr\/ajouts-programmation-2023-2024","og_locale":"fr_FR","og_type":"article","og_title":"Premi\u00e8re mondiale de SLAM! et de deux spectacles internationaux de Cirque | Le Diamant","og_description":"Ajouts \u00e0 la programmation 2023-2024","og_url":"https:\/\/www.lediamant.ca\/fr\/ajouts-programmation-2023-2024","og_site_name":"Le Diamant","article_publisher":"https:\/\/www.facebook.com\/lediamantqc\/","article_published_time":"2023-11-28T15:49:27+00:00","article_modified_time":"2024-02-01T19:29:36+00:00","og_image":[{"width":1200,"height":630,"url":"https:\/\/www.lediamant.ca\/wp-content\/uploads\/2023\/11\/Trois-nouveaux-spectacles-opengraph.jpg","type":"image\/jpeg"}],"author":"Le Diamant","twitter_card":"summary_large_image","twitter_creator":"@lediamant_qc","twitter_site":"@lediamant_qc","twitter_misc":{"\u00c9crit par":"Le Diamant","Dur\u00e9e de lecture estim\u00e9e":"4 minutes"},"schema":{"@context":"https:\/\/schema.org","@graph":[{"@type":"Article","@id":"https:\/\/www.lediamant.ca\/fr\/ajouts-programmation-2023-2024#article","isPartOf":{"@id":"https:\/\/www.lediamant.ca\/fr\/ajouts-programmation-2023-2024"},"author":{"name":"Le Diamant","@id":"https:\/\/www.lediamant.ca\/fr\/#\/schema\/person\/1df7cc9f6c6e5901ce19062096c025af"},"headline":"SLAM! en premi\u00e8re mondiale et deux spectacles internationaux de cirque","datePublished":"2023-11-28T15:49:27+00:00","dateModified":"2024-02-01T19:29:36+00:00","mainEntityOfPage":{"@id":"https:\/\/www.lediamant.ca\/fr\/ajouts-programmation-2023-2024"},"wordCount":676,"publisher":{"@id":"https:\/\/www.lediamant.ca\/fr\/#organization"},"image":{"@id":"https:\/\/www.lediamant.ca\/fr\/ajouts-programmation-2023-2024#primaryimage"},"thumbnailUrl":"https:\/\/www.lediamant.ca\/wp-content\/uploads\/2023\/11\/Trois-nouveaux-spectacles-sajoutent-a-la-programmation-dhiver-2024.jpg","articleSection":["Communiqu\u00e9"],"inLanguage":"fr-FR"},{"@type":"WebPage","@id":"https:\/\/www.lediamant.ca\/fr\/ajouts-programmation-2023-2024","url":"https:\/\/www.lediamant.ca\/fr\/ajouts-programmation-2023-2024","name":"SLAM! en premi\u00e8re mondiale et deux spectacles internationaux de cirque - Le Diamant","isPartOf":{"@id":"https:\/\/www.lediamant.ca\/fr\/#website"},"primaryImageOfPage":{"@id":"https:\/\/www.lediamant.ca\/fr\/ajouts-programmation-2023-2024#primaryimage"},"image":{"@id":"https:\/\/www.lediamant.ca\/fr\/ajouts-programmation-2023-2024#primaryimage"},"thumbnailUrl":"https:\/\/www.lediamant.ca\/wp-content\/uploads\/2023\/11\/Trois-nouveaux-spectacles-sajoutent-a-la-programmation-dhiver-2024.jpg","datePublished":"2023-11-28T15:49:27+00:00","dateModified":"2024-02-01T19:29:36+00:00","description":"SLAM\u2009!, la nouvelle cr\u00e9ation de FLIP Fabrique et Ex Machina \/ Robert Lepage, sera pr\u00e9sent\u00e9e en premi\u00e8re mondiale au Diamant du 5 au 9 mars.","breadcrumb":{"@id":"https:\/\/www.lediamant.ca\/fr\/ajouts-programmation-2023-2024#breadcrumb"},"inLanguage":"fr-FR","potentialAction":[{"@type":"ReadAction","target":["https:\/\/www.lediamant.ca\/fr\/ajouts-programmation-2023-2024"]}]},{"@type":"ImageObject","inLanguage":"fr-FR","@id":"https:\/\/www.lediamant.ca\/fr\/ajouts-programmation-2023-2024#primaryimage","url":"https:\/\/www.lediamant.ca\/wp-content\/uploads\/2023\/11\/Trois-nouveaux-spectacles-sajoutent-a-la-programmation-dhiver-2024.jpg","contentUrl":"https:\/\/www.lediamant.ca\/wp-content\/uploads\/2023\/11\/Trois-nouveaux-spectacles-sajoutent-a-la-programmation-dhiver-2024.jpg","width":2500,"height":1246},{"@type":"BreadcrumbList","@id":"https:\/\/www.lediamant.ca\/fr\/ajouts-programmation-2023-2024#breadcrumb","itemListElement":[{"@type":"ListItem","position":1,"name":"Accueil","item":"https:\/\/www.lediamant.ca\/fr"},{"@type":"ListItem","position":2,"name":"SLAM! en premi\u00e8re mondiale et deux spectacles internationaux de cirque"}]},{"@type":"WebSite","@id":"https:\/\/www.lediamant.ca\/fr\/#website","url":"https:\/\/www.lediamant.ca\/fr\/","name":"Le Diamant","description":"Salle de spectacle situ\u00e9e \u00e0 place D&#039;Youville, Qu\u00e9bec (Canada). D\u00e9couvrez notre programmation.","publisher":{"@id":"https:\/\/www.lediamant.ca\/fr\/#organization"},"potentialAction":[{"@type":"SearchAction","target":{"@type":"EntryPoint","urlTemplate":"https:\/\/www.lediamant.ca\/fr\/?s={search_term_string}"},"query-input":{"@type":"PropertyValueSpecification","valueRequired":true,"valueName":"search_term_string"}}],"inLanguage":"fr-FR"},{"@type":"Organization","@id":"https:\/\/www.lediamant.ca\/fr\/#organization","name":"Le Diamant","url":"https:\/\/www.lediamant.ca\/fr\/","logo":{"@type":"ImageObject","inLanguage":"fr-FR","@id":"https:\/\/www.lediamant.ca\/fr\/#\/schema\/logo\/image\/","url":"https:\/\/www.lediamant.ca\/wp-content\/uploads\/2023\/05\/le-diamant-logo.png","contentUrl":"https:\/\/www.lediamant.ca\/wp-content\/uploads\/2023\/05\/le-diamant-logo.png","width":1000,"height":750,"caption":"Le Diamant"},"image":{"@id":"https:\/\/www.lediamant.ca\/fr\/#\/schema\/logo\/image\/"},"sameAs":["https:\/\/www.facebook.com\/lediamantqc\/","https:\/\/x.com\/lediamant_qc"]},{"@type":"Person","@id":"https:\/\/www.lediamant.ca\/fr\/#\/schema\/person\/1df7cc9f6c6e5901ce19062096c025af","name":"Le Diamant","image":{"@type":"ImageObject","inLanguage":"fr-FR","@id":"https:\/\/www.lediamant.ca\/fr\/#\/schema\/person\/image\/","url":"https:\/\/secure.gravatar.com\/avatar\/987afa0f07c5e880e415fd6bbdc5cc7ccbd67354d810536804d8f515d64bd014?s=96&d=mm&r=g","contentUrl":"https:\/\/secure.gravatar.com\/avatar\/987afa0f07c5e880e415fd6bbdc5cc7ccbd67354d810536804d8f515d64bd014?s=96&d=mm&r=g","caption":"Le Diamant"}}]}},"_links":{"self":[{"href":"https:\/\/www.lediamant.ca\/fr\/wp-json\/wp\/v2\/posts\/7400","targetHints":{"allow":["GET"]}}],"collection":[{"href":"https:\/\/www.lediamant.ca\/fr\/wp-json\/wp\/v2\/posts"}],"about":[{"href":"https:\/\/www.lediamant.ca\/fr\/wp-json\/wp\/v2\/types\/post"}],"author":[{"embeddable":true,"href":"https:\/\/www.lediamant.ca\/fr\/wp-json\/wp\/v2\/users\/2"}],"replies":[{"embeddable":true,"href":"https:\/\/www.lediamant.ca\/fr\/wp-json\/wp\/v2\/comments?post=7400"}],"version-history":[{"count":95,"href":"https:\/\/www.lediamant.ca\/fr\/wp-json\/wp\/v2\/posts\/7400\/revisions"}],"predecessor-version":[{"id":10763,"href":"https:\/\/www.lediamant.ca\/fr\/wp-json\/wp\/v2\/posts\/7400\/revisions\/10763"}],"wp:featuredmedia":[{"embeddable":true,"href":"https:\/\/www.lediamant.ca\/fr\/wp-json\/wp\/v2\/media\/7581"}],"wp:attachment":[{"href":"https:\/\/www.lediamant.ca\/fr\/wp-json\/wp\/v2\/media?parent=7400"}],"wp:term":[{"taxonomy":"category","embeddable":true,"href":"https:\/\/www.lediamant.ca\/fr\/wp-json\/wp\/v2\/categories?post=7400"},{"taxonomy":"post_tag","embeddable":true,"href":"https:\/\/www.lediamant.ca\/fr\/wp-json\/wp\/v2\/tags?post=7400"}],"curies":[{"name":"wp","href":"https:\/\/api.w.org\/{rel}","templated":true}]}}