{"id":6225,"date":"2023-10-10T11:36:54","date_gmt":"2023-10-10T15:36:54","guid":{"rendered":"https:\/\/www.lediamant.ca\/?p=6225"},"modified":"2023-10-22T23:50:32","modified_gmt":"2023-10-23T03:50:32","slug":"le-diamant-galerie-chiguer-martin-bureau","status":"publish","type":"post","link":"https:\/\/www.lediamant.ca\/fr\/le-diamant-galerie-chiguer-martin-bureau","title":{"rendered":"Le Diamant collabore avec la galerie Chiguer art contemporain"},"content":{"rendered":"<div class=\"item wysiwyg component-heading\" >\n<h2 class=\"wp-block-heading\">S\u2019unir pour faire rayonner l\u2019art d\u2019ici<\/h2>\n<\/div>\n\n<div class=\"item wysiwyg component-paragraph\" >\n<p>Pour la premi\u00e8re fois, Le Diamant collabore avec la galerie <a href=\"https:\/\/chiguerartcontemporain.com\/\" target=\"_blank\" rel=\"noreferrer noopener\">Chiguer art contemporain<\/a> afin de s\u00e9lectionner un artiste qui exposera ses \u0153uvres au Foyer Desjardins. Abdelilah Chiguer, propri\u00e9taire et directeur g\u00e9n\u00e9ral de la galerie, est pass\u00e9 au Diamant pour se familiariser avec les lieux.<\/p>\n<\/div>\n\n<div class=\"item component-spacer\" ><div class=\"container\">\n<div style=\"height:50px\" aria-hidden=\"true\" class=\"wp-block-spacer\"><\/div>\n<\/div><\/div>\n\n<div class=\"item component-media-text\">\n<div class=\"wp-block-media-text alignwide is-stacked-on-mobile\" style=\"grid-template-columns:30% auto\"><figure class=\"wp-block-media-text__media\"><img decoding=\"async\" width=\"850\" height=\"850\" src=\"https:\/\/www.lediamant.ca\/wp-content\/uploads\/2023\/09\/Abdelilah-Chiguer-1.jpg\" alt=\"\" class=\"wp-image-6248 size-full\"\/ loading=\"lazy\" srcset=\"https:\/\/www.lediamant.ca\/wp-content\/uploads\/2023\/09\/Abdelilah-Chiguer-1.jpg 850w, https:\/\/www.lediamant.ca\/wp-content\/uploads\/2023\/09\/Abdelilah-Chiguer-1-700x700.jpg 700w, https:\/\/www.lediamant.ca\/wp-content\/uploads\/2023\/09\/Abdelilah-Chiguer-1-768x768.jpg 768w, https:\/\/www.lediamant.ca\/wp-content\/uploads\/2023\/09\/Abdelilah-Chiguer-1-400x400.jpg 400w\" sizes=\"auto, (max-width: 850px) 100vw, 850px\" \/><\/figure><div class=\"wp-block-media-text__content\"><div class=\"item wysiwyg component-quote\" >\n<blockquote class=\"wp-block-quote has-text-align-left is-layout-flow wp-block-quote-is-layout-flow\"><div class=\"item wysiwyg component-paragraph\" >\n<p>\u00ab Fi\u00e8re de b\u00e2tir des ponts entre les disciplines artistiques et d\u2019accro\u00eetre la visibilit\u00e9 des artistes visuels de la ville de Qu\u00e9bec, la galerie Chiguer art contemporain est heureuse d\u2019annoncer sa collaboration avec Le Diamant. \u00bb<\/p>\n<\/div><cite><strong>Abdelilah Chiguer<\/strong><br>Propri\u00e9taire et directeur de la galerie Chiguer art contemporain<\/cite><\/blockquote>\n<\/div><\/div><\/div>\n<\/div>\n\n<div class=\"item component-spacer\" ><div class=\"container\">\n<div style=\"height:50px\" aria-hidden=\"true\" class=\"wp-block-spacer\"><\/div>\n<\/div><\/div>\n\n<div class=\"item component-media-text\">\n<div class=\"wp-block-media-text alignwide is-stacked-on-mobile\" style=\"grid-template-columns:30% auto\"><figure class=\"wp-block-media-text__media\"><img decoding=\"async\" width=\"850\" height=\"850\" src=\"https:\/\/www.lediamant.ca\/wp-content\/uploads\/2023\/04\/equipe-viviane-paradis.jpg\" alt=\"Viviane Paradis\" class=\"wp-image-1338 size-full\"\/ loading=\"lazy\" srcset=\"https:\/\/www.lediamant.ca\/wp-content\/uploads\/2023\/04\/equipe-viviane-paradis.jpg 850w, https:\/\/www.lediamant.ca\/wp-content\/uploads\/2023\/04\/equipe-viviane-paradis-700x700.jpg 700w, https:\/\/www.lediamant.ca\/wp-content\/uploads\/2023\/04\/equipe-viviane-paradis-768x768.jpg 768w, https:\/\/www.lediamant.ca\/wp-content\/uploads\/2023\/04\/equipe-viviane-paradis-400x400.jpg 400w\" sizes=\"auto, (max-width: 850px) 100vw, 850px\" \/><\/figure><div class=\"wp-block-media-text__content\"><div class=\"item wysiwyg component-quote\" >\n<blockquote class=\"wp-block-quote has-text-align-left is-layout-flow wp-block-quote-is-layout-flow\"><div class=\"item wysiwyg component-paragraph\" >\n<p>\u00ab Unir nos forces pour faire rayonner des \u0153uvres visuelles de grand calibre au sein du Diamant, voil\u00e0 pourquoi je suis ravie de cette nouvelle collaboration. \u00bb<\/p>\n<\/div><cite><strong>Viviane Paradis<\/strong><br>Cheffe de la programmation du Diamant<\/cite><\/blockquote>\n<\/div><\/div><\/div>\n<\/div>\n\n<div class=\"item component-spacer\" ><div class=\"container\">\n<div style=\"height:50px\" aria-hidden=\"true\" class=\"wp-block-spacer\"><\/div>\n<\/div><\/div>\n\n<div class=\"item wysiwyg component-paragraph\" >\n<p>Jusqu\u2019en juin 2024, trois peintures de l\u2019artiste qu\u00e9b\u00e9cois <a href=\"https:\/\/www.martinbureau.com\/\" target=\"_blank\" rel=\"noreferrer noopener\">Martin Bureau<\/a> sont expos\u00e9es sur le mur rideau du deuxi\u00e8me \u00e9tage.<\/p>\n<\/div>\n\n<div class=\"item wysiwyg component-paragraph\" >\n<p>Le travail pictural de Bureau, nourri par les acquis de la peinture \u00e0 travers l\u2019histoire de l\u2019art, s\u2019appuie sur des images fortes issues de ses multiples voyages (Cuba, Chine, Isra\u00ebl, Irlande, Palestine, etc.). Dans ses compositions alliant peinture, dessin et transparence, les extr\u00eames se rencontrent et provoquent un sentiment de tension o\u00f9 les pr\u00e9occupations esth\u00e9tiques et conceptuelles s\u2019entrechoquent. Les notions de colonialisme, de catastrophe et d\u2019entropie parcourent l\u2019ensemble de son \u0153uvre.<\/p>\n<\/div>\n\n<div class=\"item wysiwyg component-paragraph\" >\n<p>Son travail fait partie de nombreuses collections publiques et priv\u00e9es, dont les suivantes\u2009:&nbsp;<\/p>\n<\/div>\n\n<div class=\"item wysiwyg component-list\" >\n<ul class=\"wp-block-list\">\n<li>Mus\u00e9e national des beaux-arts du Qu\u00e9bec (CPOA)<\/li>\n\n\n\n<li>Mus\u00e9e d\u2019art contemporain de Baie-Saint-Paul<\/li>\n\n\n\n<li>Mus\u00e9e du Bas-Saint-Laurent<\/li>\n\n\n\n<li>L\u2019Assembl\u00e9e nationale du Qu\u00e9bec<\/li>\n\n\n\n<li>Biblioth\u00e8que et Archives nationales du Qu\u00e9bec<\/li>\n\n\n\n<li>Biblioth\u00e8que et Archives Canada<\/li>\n\n\n\n<li>Collection Desjardins<\/li>\n\n\n\n<li>Loto-Qu\u00e9bec<\/li>\n\n\n\n<li>Collection M\u00e9duse<\/li>\n\n\n\n<li>La Ville de Montr\u00e9al<\/li>\n\n\n\n<li>La Ville de Qu\u00e9bec<\/li>\n\n\n\n<li>L\u2019Institut canadien de Qu\u00e9bec<\/li>\n<\/ul>\n<\/div>\n\n<div class=\"item wysiwyg component-images-slider\" >    <div class=\"js-images-slider images-slider images-slider--landscape\">\n\n        <nav data-slider-nav class=\"images-slider__navigation\" data-aria-label=\"Navigation du carrousel\">\n                            <button type=\"button\" aria-label=\"Pr\u00e9c\u00e9dent\" class=\"images-slider__button images-slider__button--prev\">\n                    <svg aria-hidden=\"true\" focusable=\"false\" width=\"20px\" height=\"19px\">\n                        <use xlink:href=\"#ico-arrow-right\"><\/use>\n                    <\/svg>\n                <\/button>\n                <button type=\"button\" aria-label=\"Suivant\" class=\"images-slider__button images-slider__button--next\">\n                    <svg aria-hidden=\"true\" focusable=\"false\" width=\"20px\" height=\"19px\">\n                        <use xlink:href=\"#ico-arrow-right\"><\/use>\n                    <\/svg>\n                <\/button>\n                    <\/nav>\n        <div class=\"images-slider__wrapper\" data-slider-items role=\"list\">\n                                            <div class=\"images-slider__item\">\n                    <img decoding=\"async\" src=\"https:\/\/www.lediamant.ca\/wp-content\/uploads\/2023\/10\/WALL.jpg\" data-src=\"https:\/\/www.lediamant.ca\/wp-content\/uploads\/2023\/10\/WALL.jpg\" alt=\"\" class=\"images-slider__img tns-lazy-img\" loading=\"lazy\">\n                                            <span class=\"images-slider__copyright\">Les murs du d\u00e9sordre, <i>Wall &#038; Co.<\/i><\/span>\n                                    <\/div>\n                                            <div class=\"images-slider__item\">\n                    <img decoding=\"async\" src=\"\" data-src=\"https:\/\/www.lediamant.ca\/wp-content\/uploads\/2023\/10\/zz-sell_martinbureau.com_.png\" alt=\"\" class=\"images-slider__img tns-lazy-img\" loading=\"lazy\">\n                                            <span class=\"images-slider__copyright\">La temp\u00eate parfaite \/ The Perfect Storm, <i>SELL<\/i><\/span>\n                                    <\/div>\n                                            <div class=\"images-slider__item\">\n                    <img decoding=\"async\" src=\"\" data-src=\"https:\/\/www.lediamant.ca\/wp-content\/uploads\/2023\/10\/SaintePaix.jpg\" alt=\"\" class=\"images-slider__img tns-lazy-img\" loading=\"lazy\">\n                                            <span class=\"images-slider__copyright\">Les murs du d\u00e9sordre, <i>Sainte paix en Terre Sainte<\/i><\/span>\n                                    <\/div>\n                    <\/div>\n    <\/div>\n<\/div>\n\n<div class=\"item wysiwyg component-heading\" >\n<h3 class=\"wp-block-heading\">De gauche \u00e0 droite\u2009:&nbsp;<\/h3>\n<\/div>\n\n<div class=\"item wysiwyg component-list\" >\n<ol class=\"wp-block-list\">\n<li>S\u00e9rie\u2009: Les murs du d\u00e9sordre, <em>Wall &amp; Co<\/em>, 2015, Graphite et acrylique sur bois, 183&nbsp;\u00d7&nbsp;340&nbsp;cm<\/li>\n\n\n\n<li>S\u00e9rie\u2009: La temp\u00eate parfaite \/ The Perfect Storm, <em>SELL<\/em>, 2012, Graphite, acrylique et huile sur bois, 122&nbsp;\u00d7&nbsp;244&nbsp;cm<\/li>\n\n\n\n<li>S\u00e9rie\u2009: Les murs du d\u00e9sordre,<em> Sainte paix en Terre Sainte<\/em>, 2014, Graphite, acrylique et huile sur bois. 122&nbsp;\u00d7&nbsp;274&nbsp;cm.&nbsp;<\/li>\n<\/ol>\n<\/div>\n\n<div class=\"item wysiwyg component-heading\" >\n<h3 class=\"wp-block-heading\">DESCRIPTION DE LA PART DE MARTIN&nbsp;BUREAU<\/h3>\n<\/div>\n\n<div class=\"item wysiwyg component-paragraph\" >\n<p>Les deux tableaux <em>WALL &amp; Co<\/em>. et <em>Sainte Paix en Terre Sainte<\/em> s\u2019inscrivent dans le projet interdisciplinaire <em>Les murs du d\u00e9sordre<\/em> (2013-2019), qui porte sur la question des murs de s\u00e9parations \u00e9tatiques. En Isra\u00ebl et en Palestine, l\u2019h\u00e9ritage des grandes religions abrahamiques a engendr\u00e9 des traumatismes de guerre et de spoliation du territoire. Le tableau<em> SELL<\/em>, montre une vue a\u00e9rienne nuptiale fictive d\u2019une ville composant le mot <em>SELL<\/em>, par le truchement du signe du dollar, de l\u2019euro et du yuan, pr\u00e9figurant une dynamique financi\u00e8re que l\u2019on constate, plus de dix ans plus tard, toujours plus pr\u00e9caire.<br><br>Il est possible d&rsquo;observer les \u0153uvres avant ou apr\u00e8s un spectacle de notre <a href=\"https:\/\/www.lediamant.ca\/fr\/calendrier\/calendrier-complet\">programmation<\/a> ou lors d&rsquo;une <a href=\"https:\/\/www.lediamant.ca\/fr\/programmation\/visites-guidees\">visite guid\u00e9e<\/a>.<\/p>\n<\/div>","protected":false},"excerpt":{"rendered":"Pour la premi\u00e8re fois, Le Diamant collabore avec la galerie Chiguer art contemporain afin de s\u00e9lectionner un artiste qui exposera ses \u0153uvres au Foyer Desjardins.","protected":false},"author":2,"featured_media":6654,"comment_status":"closed","ping_status":"closed","sticky":false,"template":"","format":"standard","meta":{"_acf_changed":false,"footnotes":""},"categories":[50],"tags":[],"class_list":["post-6225","post","type-post","status-publish","format-standard","has-post-thumbnail","hentry","category-article"],"acf":[],"yoast_head":"<!-- This site is optimized with the Yoast SEO plugin v26.5 - https:\/\/yoast.com\/wordpress\/plugins\/seo\/ -->\n<title>Le Diamant collabore avec la galerie Chiguer art contemporain - Le Diamant<\/title>\n<meta name=\"description\" content=\"Pour la premi\u00e8re fois, Le Diamant collabore avec la galerie Chiguer art contemporain afin de s\u00e9lectionner un artiste qui exposera ses \u0153uvres au Foyer Desjardins.\" \/>\n<meta name=\"robots\" content=\"index, follow, max-snippet:-1, max-image-preview:large, max-video-preview:-1\" \/>\n<link rel=\"canonical\" href=\"https:\/\/www.lediamant.ca\/fr\/le-diamant-galerie-chiguer-martin-bureau\" \/>\n<meta property=\"og:locale\" content=\"fr_FR\" \/>\n<meta property=\"og:type\" content=\"article\" \/>\n<meta property=\"og:title\" content=\"Le Diamant collabore avec la galerie Chiguer art contemporain\" \/>\n<meta property=\"og:description\" content=\"Pour la premi\u00e8re fois, Le Diamant collabore avec la galerie Chiguer art contemporain afin de s\u00e9lectionner un artiste qui exposera ses \u0153uvres au Foyer Desjardins.\" \/>\n<meta property=\"og:url\" content=\"https:\/\/www.lediamant.ca\/fr\/le-diamant-galerie-chiguer-martin-bureau\" \/>\n<meta property=\"og:site_name\" content=\"Le Diamant\" \/>\n<meta property=\"article:publisher\" content=\"https:\/\/www.facebook.com\/lediamantqc\/\" \/>\n<meta property=\"article:published_time\" content=\"2023-10-10T15:36:54+00:00\" \/>\n<meta property=\"article:modified_time\" content=\"2023-10-23T03:50:32+00:00\" \/>\n<meta property=\"og:image\" content=\"https:\/\/www.lediamant.ca\/wp-content\/uploads\/2023\/10\/martinbureau-opengraph.jpg\" \/>\n\t<meta property=\"og:image:width\" content=\"1200\" \/>\n\t<meta property=\"og:image:height\" content=\"630\" \/>\n\t<meta property=\"og:image:type\" content=\"image\/jpeg\" \/>\n<meta name=\"author\" content=\"Le Diamant\" \/>\n<meta name=\"twitter:card\" content=\"summary_large_image\" \/>\n<meta name=\"twitter:creator\" content=\"@lediamant_qc\" \/>\n<meta name=\"twitter:site\" content=\"@lediamant_qc\" \/>\n<meta name=\"twitter:label1\" content=\"\u00c9crit par\" \/>\n\t<meta name=\"twitter:data1\" content=\"Le Diamant\" \/>\n\t<meta name=\"twitter:label2\" content=\"Dur\u00e9e de lecture estim\u00e9e\" \/>\n\t<meta name=\"twitter:data2\" content=\"3 minutes\" \/>\n<script type=\"application\/ld+json\" class=\"yoast-schema-graph\">{\"@context\":\"https:\/\/schema.org\",\"@graph\":[{\"@type\":\"Article\",\"@id\":\"https:\/\/www.lediamant.ca\/fr\/le-diamant-galerie-chiguer-martin-bureau#article\",\"isPartOf\":{\"@id\":\"https:\/\/www.lediamant.ca\/fr\/le-diamant-galerie-chiguer-martin-bureau\"},\"author\":{\"name\":\"Le Diamant\",\"@id\":\"https:\/\/www.lediamant.ca\/fr\/#\/schema\/person\/1df7cc9f6c6e5901ce19062096c025af\"},\"headline\":\"Le Diamant collabore avec la galerie Chiguer art contemporain\",\"datePublished\":\"2023-10-10T15:36:54+00:00\",\"dateModified\":\"2023-10-23T03:50:32+00:00\",\"mainEntityOfPage\":{\"@id\":\"https:\/\/www.lediamant.ca\/fr\/le-diamant-galerie-chiguer-martin-bureau\"},\"wordCount\":540,\"publisher\":{\"@id\":\"https:\/\/www.lediamant.ca\/fr\/#organization\"},\"image\":{\"@id\":\"https:\/\/www.lediamant.ca\/fr\/le-diamant-galerie-chiguer-martin-bureau#primaryimage\"},\"thumbnailUrl\":\"https:\/\/www.lediamant.ca\/wp-content\/uploads\/2023\/10\/martinbureau-header.jpg\",\"articleSection\":[\"Article\"],\"inLanguage\":\"fr-FR\"},{\"@type\":\"WebPage\",\"@id\":\"https:\/\/www.lediamant.ca\/fr\/le-diamant-galerie-chiguer-martin-bureau\",\"url\":\"https:\/\/www.lediamant.ca\/fr\/le-diamant-galerie-chiguer-martin-bureau\",\"name\":\"Le Diamant collabore avec la galerie Chiguer art contemporain - Le Diamant\",\"isPartOf\":{\"@id\":\"https:\/\/www.lediamant.ca\/fr\/#website\"},\"primaryImageOfPage\":{\"@id\":\"https:\/\/www.lediamant.ca\/fr\/le-diamant-galerie-chiguer-martin-bureau#primaryimage\"},\"image\":{\"@id\":\"https:\/\/www.lediamant.ca\/fr\/le-diamant-galerie-chiguer-martin-bureau#primaryimage\"},\"thumbnailUrl\":\"https:\/\/www.lediamant.ca\/wp-content\/uploads\/2023\/10\/martinbureau-header.jpg\",\"datePublished\":\"2023-10-10T15:36:54+00:00\",\"dateModified\":\"2023-10-23T03:50:32+00:00\",\"description\":\"Pour la premi\u00e8re fois, Le Diamant collabore avec la galerie Chiguer art contemporain afin de s\u00e9lectionner un artiste qui exposera ses \u0153uvres au Foyer Desjardins.\",\"breadcrumb\":{\"@id\":\"https:\/\/www.lediamant.ca\/fr\/le-diamant-galerie-chiguer-martin-bureau#breadcrumb\"},\"inLanguage\":\"fr-FR\",\"potentialAction\":[{\"@type\":\"ReadAction\",\"target\":[\"https:\/\/www.lediamant.ca\/fr\/le-diamant-galerie-chiguer-martin-bureau\"]}]},{\"@type\":\"ImageObject\",\"inLanguage\":\"fr-FR\",\"@id\":\"https:\/\/www.lediamant.ca\/fr\/le-diamant-galerie-chiguer-martin-bureau#primaryimage\",\"url\":\"https:\/\/www.lediamant.ca\/wp-content\/uploads\/2023\/10\/martinbureau-header.jpg\",\"contentUrl\":\"https:\/\/www.lediamant.ca\/wp-content\/uploads\/2023\/10\/martinbureau-header.jpg\",\"width\":1500,\"height\":750},{\"@type\":\"BreadcrumbList\",\"@id\":\"https:\/\/www.lediamant.ca\/fr\/le-diamant-galerie-chiguer-martin-bureau#breadcrumb\",\"itemListElement\":[{\"@type\":\"ListItem\",\"position\":1,\"name\":\"Accueil\",\"item\":\"https:\/\/www.lediamant.ca\/fr\"},{\"@type\":\"ListItem\",\"position\":2,\"name\":\"Le Diamant collabore avec la galerie Chiguer art contemporain\"}]},{\"@type\":\"WebSite\",\"@id\":\"https:\/\/www.lediamant.ca\/fr\/#website\",\"url\":\"https:\/\/www.lediamant.ca\/fr\/\",\"name\":\"Le Diamant\",\"description\":\"Salle de spectacle situ\u00e9e \u00e0 place D&#039;Youville, Qu\u00e9bec (Canada). D\u00e9couvrez notre programmation.\",\"publisher\":{\"@id\":\"https:\/\/www.lediamant.ca\/fr\/#organization\"},\"potentialAction\":[{\"@type\":\"SearchAction\",\"target\":{\"@type\":\"EntryPoint\",\"urlTemplate\":\"https:\/\/www.lediamant.ca\/fr\/?s={search_term_string}\"},\"query-input\":{\"@type\":\"PropertyValueSpecification\",\"valueRequired\":true,\"valueName\":\"search_term_string\"}}],\"inLanguage\":\"fr-FR\"},{\"@type\":\"Organization\",\"@id\":\"https:\/\/www.lediamant.ca\/fr\/#organization\",\"name\":\"Le Diamant\",\"url\":\"https:\/\/www.lediamant.ca\/fr\/\",\"logo\":{\"@type\":\"ImageObject\",\"inLanguage\":\"fr-FR\",\"@id\":\"https:\/\/www.lediamant.ca\/fr\/#\/schema\/logo\/image\/\",\"url\":\"https:\/\/www.lediamant.ca\/wp-content\/uploads\/2023\/05\/le-diamant-logo.png\",\"contentUrl\":\"https:\/\/www.lediamant.ca\/wp-content\/uploads\/2023\/05\/le-diamant-logo.png\",\"width\":1000,\"height\":750,\"caption\":\"Le Diamant\"},\"image\":{\"@id\":\"https:\/\/www.lediamant.ca\/fr\/#\/schema\/logo\/image\/\"},\"sameAs\":[\"https:\/\/www.facebook.com\/lediamantqc\/\",\"https:\/\/x.com\/lediamant_qc\"]},{\"@type\":\"Person\",\"@id\":\"https:\/\/www.lediamant.ca\/fr\/#\/schema\/person\/1df7cc9f6c6e5901ce19062096c025af\",\"name\":\"Le Diamant\",\"image\":{\"@type\":\"ImageObject\",\"inLanguage\":\"fr-FR\",\"@id\":\"https:\/\/www.lediamant.ca\/fr\/#\/schema\/person\/image\/\",\"url\":\"https:\/\/secure.gravatar.com\/avatar\/987afa0f07c5e880e415fd6bbdc5cc7ccbd67354d810536804d8f515d64bd014?s=96&d=mm&r=g\",\"contentUrl\":\"https:\/\/secure.gravatar.com\/avatar\/987afa0f07c5e880e415fd6bbdc5cc7ccbd67354d810536804d8f515d64bd014?s=96&d=mm&r=g\",\"caption\":\"Le Diamant\"}}]}<\/script>\n<!-- \/ Yoast SEO plugin. -->","yoast_head_json":{"title":"Le Diamant collabore avec la galerie Chiguer art contemporain - Le Diamant","description":"Pour la premi\u00e8re fois, Le Diamant collabore avec la galerie Chiguer art contemporain afin de s\u00e9lectionner un artiste qui exposera ses \u0153uvres au Foyer Desjardins.","robots":{"index":"index","follow":"follow","max-snippet":"max-snippet:-1","max-image-preview":"max-image-preview:large","max-video-preview":"max-video-preview:-1"},"canonical":"https:\/\/www.lediamant.ca\/fr\/le-diamant-galerie-chiguer-martin-bureau","og_locale":"fr_FR","og_type":"article","og_title":"Le Diamant collabore avec la galerie Chiguer art contemporain","og_description":"Pour la premi\u00e8re fois, Le Diamant collabore avec la galerie Chiguer art contemporain afin de s\u00e9lectionner un artiste qui exposera ses \u0153uvres au Foyer Desjardins.","og_url":"https:\/\/www.lediamant.ca\/fr\/le-diamant-galerie-chiguer-martin-bureau","og_site_name":"Le Diamant","article_publisher":"https:\/\/www.facebook.com\/lediamantqc\/","article_published_time":"2023-10-10T15:36:54+00:00","article_modified_time":"2023-10-23T03:50:32+00:00","og_image":[{"width":1200,"height":630,"url":"https:\/\/www.lediamant.ca\/wp-content\/uploads\/2023\/10\/martinbureau-opengraph.jpg","type":"image\/jpeg"}],"author":"Le Diamant","twitter_card":"summary_large_image","twitter_creator":"@lediamant_qc","twitter_site":"@lediamant_qc","twitter_misc":{"\u00c9crit par":"Le Diamant","Dur\u00e9e de lecture estim\u00e9e":"3 minutes"},"schema":{"@context":"https:\/\/schema.org","@graph":[{"@type":"Article","@id":"https:\/\/www.lediamant.ca\/fr\/le-diamant-galerie-chiguer-martin-bureau#article","isPartOf":{"@id":"https:\/\/www.lediamant.ca\/fr\/le-diamant-galerie-chiguer-martin-bureau"},"author":{"name":"Le Diamant","@id":"https:\/\/www.lediamant.ca\/fr\/#\/schema\/person\/1df7cc9f6c6e5901ce19062096c025af"},"headline":"Le Diamant collabore avec la galerie Chiguer art contemporain","datePublished":"2023-10-10T15:36:54+00:00","dateModified":"2023-10-23T03:50:32+00:00","mainEntityOfPage":{"@id":"https:\/\/www.lediamant.ca\/fr\/le-diamant-galerie-chiguer-martin-bureau"},"wordCount":540,"publisher":{"@id":"https:\/\/www.lediamant.ca\/fr\/#organization"},"image":{"@id":"https:\/\/www.lediamant.ca\/fr\/le-diamant-galerie-chiguer-martin-bureau#primaryimage"},"thumbnailUrl":"https:\/\/www.lediamant.ca\/wp-content\/uploads\/2023\/10\/martinbureau-header.jpg","articleSection":["Article"],"inLanguage":"fr-FR"},{"@type":"WebPage","@id":"https:\/\/www.lediamant.ca\/fr\/le-diamant-galerie-chiguer-martin-bureau","url":"https:\/\/www.lediamant.ca\/fr\/le-diamant-galerie-chiguer-martin-bureau","name":"Le Diamant collabore avec la galerie Chiguer art contemporain - Le Diamant","isPartOf":{"@id":"https:\/\/www.lediamant.ca\/fr\/#website"},"primaryImageOfPage":{"@id":"https:\/\/www.lediamant.ca\/fr\/le-diamant-galerie-chiguer-martin-bureau#primaryimage"},"image":{"@id":"https:\/\/www.lediamant.ca\/fr\/le-diamant-galerie-chiguer-martin-bureau#primaryimage"},"thumbnailUrl":"https:\/\/www.lediamant.ca\/wp-content\/uploads\/2023\/10\/martinbureau-header.jpg","datePublished":"2023-10-10T15:36:54+00:00","dateModified":"2023-10-23T03:50:32+00:00","description":"Pour la premi\u00e8re fois, Le Diamant collabore avec la galerie Chiguer art contemporain afin de s\u00e9lectionner un artiste qui exposera ses \u0153uvres au Foyer Desjardins.","breadcrumb":{"@id":"https:\/\/www.lediamant.ca\/fr\/le-diamant-galerie-chiguer-martin-bureau#breadcrumb"},"inLanguage":"fr-FR","potentialAction":[{"@type":"ReadAction","target":["https:\/\/www.lediamant.ca\/fr\/le-diamant-galerie-chiguer-martin-bureau"]}]},{"@type":"ImageObject","inLanguage":"fr-FR","@id":"https:\/\/www.lediamant.ca\/fr\/le-diamant-galerie-chiguer-martin-bureau#primaryimage","url":"https:\/\/www.lediamant.ca\/wp-content\/uploads\/2023\/10\/martinbureau-header.jpg","contentUrl":"https:\/\/www.lediamant.ca\/wp-content\/uploads\/2023\/10\/martinbureau-header.jpg","width":1500,"height":750},{"@type":"BreadcrumbList","@id":"https:\/\/www.lediamant.ca\/fr\/le-diamant-galerie-chiguer-martin-bureau#breadcrumb","itemListElement":[{"@type":"ListItem","position":1,"name":"Accueil","item":"https:\/\/www.lediamant.ca\/fr"},{"@type":"ListItem","position":2,"name":"Le Diamant collabore avec la galerie Chiguer art contemporain"}]},{"@type":"WebSite","@id":"https:\/\/www.lediamant.ca\/fr\/#website","url":"https:\/\/www.lediamant.ca\/fr\/","name":"Le Diamant","description":"Salle de spectacle situ\u00e9e \u00e0 place D&#039;Youville, Qu\u00e9bec (Canada). D\u00e9couvrez notre programmation.","publisher":{"@id":"https:\/\/www.lediamant.ca\/fr\/#organization"},"potentialAction":[{"@type":"SearchAction","target":{"@type":"EntryPoint","urlTemplate":"https:\/\/www.lediamant.ca\/fr\/?s={search_term_string}"},"query-input":{"@type":"PropertyValueSpecification","valueRequired":true,"valueName":"search_term_string"}}],"inLanguage":"fr-FR"},{"@type":"Organization","@id":"https:\/\/www.lediamant.ca\/fr\/#organization","name":"Le Diamant","url":"https:\/\/www.lediamant.ca\/fr\/","logo":{"@type":"ImageObject","inLanguage":"fr-FR","@id":"https:\/\/www.lediamant.ca\/fr\/#\/schema\/logo\/image\/","url":"https:\/\/www.lediamant.ca\/wp-content\/uploads\/2023\/05\/le-diamant-logo.png","contentUrl":"https:\/\/www.lediamant.ca\/wp-content\/uploads\/2023\/05\/le-diamant-logo.png","width":1000,"height":750,"caption":"Le Diamant"},"image":{"@id":"https:\/\/www.lediamant.ca\/fr\/#\/schema\/logo\/image\/"},"sameAs":["https:\/\/www.facebook.com\/lediamantqc\/","https:\/\/x.com\/lediamant_qc"]},{"@type":"Person","@id":"https:\/\/www.lediamant.ca\/fr\/#\/schema\/person\/1df7cc9f6c6e5901ce19062096c025af","name":"Le Diamant","image":{"@type":"ImageObject","inLanguage":"fr-FR","@id":"https:\/\/www.lediamant.ca\/fr\/#\/schema\/person\/image\/","url":"https:\/\/secure.gravatar.com\/avatar\/987afa0f07c5e880e415fd6bbdc5cc7ccbd67354d810536804d8f515d64bd014?s=96&d=mm&r=g","contentUrl":"https:\/\/secure.gravatar.com\/avatar\/987afa0f07c5e880e415fd6bbdc5cc7ccbd67354d810536804d8f515d64bd014?s=96&d=mm&r=g","caption":"Le Diamant"}}]}},"_links":{"self":[{"href":"https:\/\/www.lediamant.ca\/fr\/wp-json\/wp\/v2\/posts\/6225","targetHints":{"allow":["GET"]}}],"collection":[{"href":"https:\/\/www.lediamant.ca\/fr\/wp-json\/wp\/v2\/posts"}],"about":[{"href":"https:\/\/www.lediamant.ca\/fr\/wp-json\/wp\/v2\/types\/post"}],"author":[{"embeddable":true,"href":"https:\/\/www.lediamant.ca\/fr\/wp-json\/wp\/v2\/users\/2"}],"replies":[{"embeddable":true,"href":"https:\/\/www.lediamant.ca\/fr\/wp-json\/wp\/v2\/comments?post=6225"}],"version-history":[{"count":42,"href":"https:\/\/www.lediamant.ca\/fr\/wp-json\/wp\/v2\/posts\/6225\/revisions"}],"predecessor-version":[{"id":6809,"href":"https:\/\/www.lediamant.ca\/fr\/wp-json\/wp\/v2\/posts\/6225\/revisions\/6809"}],"wp:featuredmedia":[{"embeddable":true,"href":"https:\/\/www.lediamant.ca\/fr\/wp-json\/wp\/v2\/media\/6654"}],"wp:attachment":[{"href":"https:\/\/www.lediamant.ca\/fr\/wp-json\/wp\/v2\/media?parent=6225"}],"wp:term":[{"taxonomy":"category","embeddable":true,"href":"https:\/\/www.lediamant.ca\/fr\/wp-json\/wp\/v2\/categories?post=6225"},{"taxonomy":"post_tag","embeddable":true,"href":"https:\/\/www.lediamant.ca\/fr\/wp-json\/wp\/v2\/tags?post=6225"}],"curies":[{"name":"wp","href":"https:\/\/api.w.org\/{rel}","templated":true}]}}