{"id":3703,"date":"2020-03-13T16:27:00","date_gmt":"2020-03-13T20:27:00","guid":{"rendered":"https:\/\/www.lediamant.ca\/?p=3703"},"modified":"2024-02-01T15:31:48","modified_gmt":"2024-02-01T19:31:48","slug":"le-diamant-suspend-ses-activites-publiques","status":"publish","type":"post","link":"https:\/\/www.lediamant.ca\/fr\/le-diamant-suspend-ses-activites-publiques","title":{"rendered":"Le Diamant suspend ses activit\u00e9s publiques"},"content":{"rendered":"<div class=\"item wysiwyg component-paragraph\" >\n<p>Afin de r\u00e9duire les risques de propagations de la COVID-19 \u00e0 la suite des r\u00e9centes directives \u00e9mises par les autorit\u00e9s gouvernementales, Le Diamant annonce la suspension de toutes ses activit\u00e9s publiques jusqu&rsquo;\u00e0 nouvel ordre.<\/p>\n<\/div>\n\n<div class=\"item wysiwyg component-paragraph\" >\n<p>Les prochains spectacles pr\u00e9vus au calendrier (<em>Quills<\/em>, du 24 mars au 3 avril et&nbsp;<em>Inferno<\/em>, du 8 au 10 avril 2020)&nbsp;sont report\u00e9s \u00e0 une date ult\u00e9rieure.<\/p>\n<\/div>\n\n<div class=\"item wysiwyg component-paragraph\" >\n<p>Les d\u00e9tenteurs de billets sont invit\u00e9s \u00e0 conserver leur billet et seront inform\u00e9s par courriel des nouvelles dates propos\u00e9es pour ces deux productions.<\/p>\n<\/div>\n\n<div class=\"item wysiwyg component-paragraph\" >\n<p>Le Diamant sera donc ferm\u00e9 au public \u00e0 compter de 18 h, aujourd\u2019hui. Toutefois, l\u2019\u00e9quipe de billetterie demeure toujours disponible du mardi au dimanche, de midi \u00e0 18 h, par t\u00e9l\u00e9phone (418&nbsp;692-5353) ou par courriel \u00e0&nbsp;<a href=\"mailto:billetterie@lediamant.ca\">billetterie@lediamant.ca<\/a><\/p>\n<\/div>","protected":false},"excerpt":{"rendered":"Afin de r\u00e9duire les risques de propagations de la COVID-19 \u00e0 la suite des r\u00e9centes directives \u00e9mises par les autorit\u00e9s gouvernementales, Le Diamant annonce la suspension de toutes ses activit\u00e9s publiques jusqu&rsquo;\u00e0 nouvel ordre. Les prochains spectacles pr\u00e9vus au calendrier (Quills, du 24 mars au 3 avril et&nbsp;Inferno, du 8 au 10 avril 2020)&nbsp;sont report\u00e9s [&hellip;]","protected":false},"author":2,"featured_media":1182,"comment_status":"closed","ping_status":"closed","sticky":false,"template":"","format":"standard","meta":{"_acf_changed":false,"footnotes":""},"categories":[43],"tags":[],"class_list":["post-3703","post","type-post","status-publish","format-standard","has-post-thumbnail","hentry","category-communique"],"acf":[],"yoast_head":"<!-- This site is optimized with the Yoast SEO plugin v26.5 - https:\/\/yoast.com\/wordpress\/plugins\/seo\/ -->\n<title>Le Diamant suspend ses activit\u00e9s publiques - 13 mars 2020<\/title>\n<meta name=\"description\" content=\"Afin de r\u00e9duire les risques de propagations de la COVID-19 \u00e0 la suite des r\u00e9centes directives \u00e9mises par les autorit\u00e9s gouvernementales, Le Diamant annonce la suspension de toutes ses activit\u00e9s publiques jusqu&#039;\u00e0 nouvel ordre.\" \/>\n<meta name=\"robots\" content=\"index, follow, max-snippet:-1, max-image-preview:large, max-video-preview:-1\" \/>\n<link rel=\"canonical\" href=\"https:\/\/www.lediamant.ca\/fr\/le-diamant-suspend-ses-activites-publiques\" \/>\n<meta property=\"og:locale\" content=\"fr_FR\" \/>\n<meta property=\"og:type\" content=\"article\" \/>\n<meta property=\"og:title\" content=\"Le Diamant suspend ses activit\u00e9s publiques\" \/>\n<meta property=\"og:description\" content=\"Afin de r\u00e9duire les risques de propagations de la COVID-19 \u00e0 la suite des r\u00e9centes directives \u00e9mises par les autorit\u00e9s gouvernementales, Le Diamant annonce la suspension de toutes ses activit\u00e9s publiques jusqu&#039;\u00e0 nouvel ordre.\" \/>\n<meta property=\"og:url\" content=\"https:\/\/www.lediamant.ca\/fr\/le-diamant-suspend-ses-activites-publiques\" \/>\n<meta property=\"og:site_name\" content=\"Le Diamant\" \/>\n<meta property=\"article:publisher\" content=\"https:\/\/www.facebook.com\/lediamantqc\/\" \/>\n<meta property=\"article:published_time\" content=\"2020-03-13T20:27:00+00:00\" \/>\n<meta property=\"article:modified_time\" content=\"2024-02-01T19:31:48+00:00\" \/>\n<meta property=\"og:image\" content=\"https:\/\/www.lediamant.ca\/wp-content\/uploads\/2023\/05\/Le-Diamant-opengraph.jpeg\" \/>\n\t<meta property=\"og:image:width\" content=\"1200\" \/>\n\t<meta property=\"og:image:height\" content=\"630\" \/>\n\t<meta property=\"og:image:type\" content=\"image\/jpeg\" \/>\n<meta name=\"author\" content=\"Le Diamant\" \/>\n<meta name=\"twitter:card\" content=\"summary_large_image\" \/>\n<meta name=\"twitter:creator\" content=\"@lediamant_qc\" \/>\n<meta name=\"twitter:site\" content=\"@lediamant_qc\" \/>\n<meta name=\"twitter:label1\" content=\"\u00c9crit par\" \/>\n\t<meta name=\"twitter:data1\" content=\"Le Diamant\" \/>\n\t<meta name=\"twitter:label2\" content=\"Dur\u00e9e de lecture estim\u00e9e\" \/>\n\t<meta name=\"twitter:data2\" content=\"1 minute\" \/>\n<script type=\"application\/ld+json\" class=\"yoast-schema-graph\">{\"@context\":\"https:\/\/schema.org\",\"@graph\":[{\"@type\":\"Article\",\"@id\":\"https:\/\/www.lediamant.ca\/fr\/le-diamant-suspend-ses-activites-publiques#article\",\"isPartOf\":{\"@id\":\"https:\/\/www.lediamant.ca\/fr\/le-diamant-suspend-ses-activites-publiques\"},\"author\":{\"name\":\"Le Diamant\",\"@id\":\"https:\/\/www.lediamant.ca\/fr\/#\/schema\/person\/1df7cc9f6c6e5901ce19062096c025af\"},\"headline\":\"Le Diamant suspend ses activit\u00e9s publiques\",\"datePublished\":\"2020-03-13T20:27:00+00:00\",\"dateModified\":\"2024-02-01T19:31:48+00:00\",\"mainEntityOfPage\":{\"@id\":\"https:\/\/www.lediamant.ca\/fr\/le-diamant-suspend-ses-activites-publiques\"},\"wordCount\":136,\"publisher\":{\"@id\":\"https:\/\/www.lediamant.ca\/fr\/#organization\"},\"image\":{\"@id\":\"https:\/\/www.lediamant.ca\/fr\/le-diamant-suspend-ses-activites-publiques#primaryimage\"},\"thumbnailUrl\":\"https:\/\/www.lediamant.ca\/wp-content\/uploads\/2023\/04\/Batiment-1-StephaneGroleau-Original-1-scaled.jpg\",\"articleSection\":[\"Communiqu\u00e9\"],\"inLanguage\":\"fr-FR\"},{\"@type\":\"WebPage\",\"@id\":\"https:\/\/www.lediamant.ca\/fr\/le-diamant-suspend-ses-activites-publiques\",\"url\":\"https:\/\/www.lediamant.ca\/fr\/le-diamant-suspend-ses-activites-publiques\",\"name\":\"Le Diamant suspend ses activit\u00e9s publiques - 13 mars 2020\",\"isPartOf\":{\"@id\":\"https:\/\/www.lediamant.ca\/fr\/#website\"},\"primaryImageOfPage\":{\"@id\":\"https:\/\/www.lediamant.ca\/fr\/le-diamant-suspend-ses-activites-publiques#primaryimage\"},\"image\":{\"@id\":\"https:\/\/www.lediamant.ca\/fr\/le-diamant-suspend-ses-activites-publiques#primaryimage\"},\"thumbnailUrl\":\"https:\/\/www.lediamant.ca\/wp-content\/uploads\/2023\/04\/Batiment-1-StephaneGroleau-Original-1-scaled.jpg\",\"datePublished\":\"2020-03-13T20:27:00+00:00\",\"dateModified\":\"2024-02-01T19:31:48+00:00\",\"description\":\"Afin de r\u00e9duire les risques de propagations de la COVID-19 \u00e0 la suite des r\u00e9centes directives \u00e9mises par les autorit\u00e9s gouvernementales, Le Diamant annonce la suspension de toutes ses activit\u00e9s publiques jusqu'\u00e0 nouvel ordre.\",\"breadcrumb\":{\"@id\":\"https:\/\/www.lediamant.ca\/fr\/le-diamant-suspend-ses-activites-publiques#breadcrumb\"},\"inLanguage\":\"fr-FR\",\"potentialAction\":[{\"@type\":\"ReadAction\",\"target\":[\"https:\/\/www.lediamant.ca\/fr\/le-diamant-suspend-ses-activites-publiques\"]}]},{\"@type\":\"ImageObject\",\"inLanguage\":\"fr-FR\",\"@id\":\"https:\/\/www.lediamant.ca\/fr\/le-diamant-suspend-ses-activites-publiques#primaryimage\",\"url\":\"https:\/\/www.lediamant.ca\/wp-content\/uploads\/2023\/04\/Batiment-1-StephaneGroleau-Original-1-scaled.jpg\",\"contentUrl\":\"https:\/\/www.lediamant.ca\/wp-content\/uploads\/2023\/04\/Batiment-1-StephaneGroleau-Original-1-scaled.jpg\",\"width\":2560,\"height\":1707,\"caption\":\"Photo \u2014 St\u00e9phane Groleau\"},{\"@type\":\"BreadcrumbList\",\"@id\":\"https:\/\/www.lediamant.ca\/fr\/le-diamant-suspend-ses-activites-publiques#breadcrumb\",\"itemListElement\":[{\"@type\":\"ListItem\",\"position\":1,\"name\":\"Accueil\",\"item\":\"https:\/\/www.lediamant.ca\/fr\"},{\"@type\":\"ListItem\",\"position\":2,\"name\":\"Le Diamant suspend ses activit\u00e9s publiques\"}]},{\"@type\":\"WebSite\",\"@id\":\"https:\/\/www.lediamant.ca\/fr\/#website\",\"url\":\"https:\/\/www.lediamant.ca\/fr\/\",\"name\":\"Le Diamant\",\"description\":\"Salle de spectacle situ\u00e9e \u00e0 place D&#039;Youville, Qu\u00e9bec (Canada). D\u00e9couvrez notre programmation.\",\"publisher\":{\"@id\":\"https:\/\/www.lediamant.ca\/fr\/#organization\"},\"potentialAction\":[{\"@type\":\"SearchAction\",\"target\":{\"@type\":\"EntryPoint\",\"urlTemplate\":\"https:\/\/www.lediamant.ca\/fr\/?s={search_term_string}\"},\"query-input\":{\"@type\":\"PropertyValueSpecification\",\"valueRequired\":true,\"valueName\":\"search_term_string\"}}],\"inLanguage\":\"fr-FR\"},{\"@type\":\"Organization\",\"@id\":\"https:\/\/www.lediamant.ca\/fr\/#organization\",\"name\":\"Le Diamant\",\"url\":\"https:\/\/www.lediamant.ca\/fr\/\",\"logo\":{\"@type\":\"ImageObject\",\"inLanguage\":\"fr-FR\",\"@id\":\"https:\/\/www.lediamant.ca\/fr\/#\/schema\/logo\/image\/\",\"url\":\"https:\/\/www.lediamant.ca\/wp-content\/uploads\/2023\/05\/le-diamant-logo.png\",\"contentUrl\":\"https:\/\/www.lediamant.ca\/wp-content\/uploads\/2023\/05\/le-diamant-logo.png\",\"width\":1000,\"height\":750,\"caption\":\"Le Diamant\"},\"image\":{\"@id\":\"https:\/\/www.lediamant.ca\/fr\/#\/schema\/logo\/image\/\"},\"sameAs\":[\"https:\/\/www.facebook.com\/lediamantqc\/\",\"https:\/\/x.com\/lediamant_qc\"]},{\"@type\":\"Person\",\"@id\":\"https:\/\/www.lediamant.ca\/fr\/#\/schema\/person\/1df7cc9f6c6e5901ce19062096c025af\",\"name\":\"Le Diamant\",\"image\":{\"@type\":\"ImageObject\",\"inLanguage\":\"fr-FR\",\"@id\":\"https:\/\/www.lediamant.ca\/fr\/#\/schema\/person\/image\/\",\"url\":\"https:\/\/secure.gravatar.com\/avatar\/987afa0f07c5e880e415fd6bbdc5cc7ccbd67354d810536804d8f515d64bd014?s=96&d=mm&r=g\",\"contentUrl\":\"https:\/\/secure.gravatar.com\/avatar\/987afa0f07c5e880e415fd6bbdc5cc7ccbd67354d810536804d8f515d64bd014?s=96&d=mm&r=g\",\"caption\":\"Le Diamant\"}}]}<\/script>\n<!-- \/ Yoast SEO plugin. -->","yoast_head_json":{"title":"Le Diamant suspend ses activit\u00e9s publiques - 13 mars 2020","description":"Afin de r\u00e9duire les risques de propagations de la COVID-19 \u00e0 la suite des r\u00e9centes directives \u00e9mises par les autorit\u00e9s gouvernementales, Le Diamant annonce la suspension de toutes ses activit\u00e9s publiques jusqu'\u00e0 nouvel ordre.","robots":{"index":"index","follow":"follow","max-snippet":"max-snippet:-1","max-image-preview":"max-image-preview:large","max-video-preview":"max-video-preview:-1"},"canonical":"https:\/\/www.lediamant.ca\/fr\/le-diamant-suspend-ses-activites-publiques","og_locale":"fr_FR","og_type":"article","og_title":"Le Diamant suspend ses activit\u00e9s publiques","og_description":"Afin de r\u00e9duire les risques de propagations de la COVID-19 \u00e0 la suite des r\u00e9centes directives \u00e9mises par les autorit\u00e9s gouvernementales, Le Diamant annonce la suspension de toutes ses activit\u00e9s publiques jusqu'\u00e0 nouvel ordre.","og_url":"https:\/\/www.lediamant.ca\/fr\/le-diamant-suspend-ses-activites-publiques","og_site_name":"Le Diamant","article_publisher":"https:\/\/www.facebook.com\/lediamantqc\/","article_published_time":"2020-03-13T20:27:00+00:00","article_modified_time":"2024-02-01T19:31:48+00:00","og_image":[{"width":1200,"height":630,"url":"https:\/\/www.lediamant.ca\/wp-content\/uploads\/2023\/05\/Le-Diamant-opengraph.jpeg","type":"image\/jpeg"}],"author":"Le Diamant","twitter_card":"summary_large_image","twitter_creator":"@lediamant_qc","twitter_site":"@lediamant_qc","twitter_misc":{"\u00c9crit par":"Le Diamant","Dur\u00e9e de lecture estim\u00e9e":"1 minute"},"schema":{"@context":"https:\/\/schema.org","@graph":[{"@type":"Article","@id":"https:\/\/www.lediamant.ca\/fr\/le-diamant-suspend-ses-activites-publiques#article","isPartOf":{"@id":"https:\/\/www.lediamant.ca\/fr\/le-diamant-suspend-ses-activites-publiques"},"author":{"name":"Le Diamant","@id":"https:\/\/www.lediamant.ca\/fr\/#\/schema\/person\/1df7cc9f6c6e5901ce19062096c025af"},"headline":"Le Diamant suspend ses activit\u00e9s publiques","datePublished":"2020-03-13T20:27:00+00:00","dateModified":"2024-02-01T19:31:48+00:00","mainEntityOfPage":{"@id":"https:\/\/www.lediamant.ca\/fr\/le-diamant-suspend-ses-activites-publiques"},"wordCount":136,"publisher":{"@id":"https:\/\/www.lediamant.ca\/fr\/#organization"},"image":{"@id":"https:\/\/www.lediamant.ca\/fr\/le-diamant-suspend-ses-activites-publiques#primaryimage"},"thumbnailUrl":"https:\/\/www.lediamant.ca\/wp-content\/uploads\/2023\/04\/Batiment-1-StephaneGroleau-Original-1-scaled.jpg","articleSection":["Communiqu\u00e9"],"inLanguage":"fr-FR"},{"@type":"WebPage","@id":"https:\/\/www.lediamant.ca\/fr\/le-diamant-suspend-ses-activites-publiques","url":"https:\/\/www.lediamant.ca\/fr\/le-diamant-suspend-ses-activites-publiques","name":"Le Diamant suspend ses activit\u00e9s publiques - 13 mars 2020","isPartOf":{"@id":"https:\/\/www.lediamant.ca\/fr\/#website"},"primaryImageOfPage":{"@id":"https:\/\/www.lediamant.ca\/fr\/le-diamant-suspend-ses-activites-publiques#primaryimage"},"image":{"@id":"https:\/\/www.lediamant.ca\/fr\/le-diamant-suspend-ses-activites-publiques#primaryimage"},"thumbnailUrl":"https:\/\/www.lediamant.ca\/wp-content\/uploads\/2023\/04\/Batiment-1-StephaneGroleau-Original-1-scaled.jpg","datePublished":"2020-03-13T20:27:00+00:00","dateModified":"2024-02-01T19:31:48+00:00","description":"Afin de r\u00e9duire les risques de propagations de la COVID-19 \u00e0 la suite des r\u00e9centes directives \u00e9mises par les autorit\u00e9s gouvernementales, Le Diamant annonce la suspension de toutes ses activit\u00e9s publiques jusqu'\u00e0 nouvel ordre.","breadcrumb":{"@id":"https:\/\/www.lediamant.ca\/fr\/le-diamant-suspend-ses-activites-publiques#breadcrumb"},"inLanguage":"fr-FR","potentialAction":[{"@type":"ReadAction","target":["https:\/\/www.lediamant.ca\/fr\/le-diamant-suspend-ses-activites-publiques"]}]},{"@type":"ImageObject","inLanguage":"fr-FR","@id":"https:\/\/www.lediamant.ca\/fr\/le-diamant-suspend-ses-activites-publiques#primaryimage","url":"https:\/\/www.lediamant.ca\/wp-content\/uploads\/2023\/04\/Batiment-1-StephaneGroleau-Original-1-scaled.jpg","contentUrl":"https:\/\/www.lediamant.ca\/wp-content\/uploads\/2023\/04\/Batiment-1-StephaneGroleau-Original-1-scaled.jpg","width":2560,"height":1707,"caption":"Photo \u2014 St\u00e9phane Groleau"},{"@type":"BreadcrumbList","@id":"https:\/\/www.lediamant.ca\/fr\/le-diamant-suspend-ses-activites-publiques#breadcrumb","itemListElement":[{"@type":"ListItem","position":1,"name":"Accueil","item":"https:\/\/www.lediamant.ca\/fr"},{"@type":"ListItem","position":2,"name":"Le Diamant suspend ses activit\u00e9s publiques"}]},{"@type":"WebSite","@id":"https:\/\/www.lediamant.ca\/fr\/#website","url":"https:\/\/www.lediamant.ca\/fr\/","name":"Le Diamant","description":"Salle de spectacle situ\u00e9e \u00e0 place D&#039;Youville, Qu\u00e9bec (Canada). D\u00e9couvrez notre programmation.","publisher":{"@id":"https:\/\/www.lediamant.ca\/fr\/#organization"},"potentialAction":[{"@type":"SearchAction","target":{"@type":"EntryPoint","urlTemplate":"https:\/\/www.lediamant.ca\/fr\/?s={search_term_string}"},"query-input":{"@type":"PropertyValueSpecification","valueRequired":true,"valueName":"search_term_string"}}],"inLanguage":"fr-FR"},{"@type":"Organization","@id":"https:\/\/www.lediamant.ca\/fr\/#organization","name":"Le Diamant","url":"https:\/\/www.lediamant.ca\/fr\/","logo":{"@type":"ImageObject","inLanguage":"fr-FR","@id":"https:\/\/www.lediamant.ca\/fr\/#\/schema\/logo\/image\/","url":"https:\/\/www.lediamant.ca\/wp-content\/uploads\/2023\/05\/le-diamant-logo.png","contentUrl":"https:\/\/www.lediamant.ca\/wp-content\/uploads\/2023\/05\/le-diamant-logo.png","width":1000,"height":750,"caption":"Le Diamant"},"image":{"@id":"https:\/\/www.lediamant.ca\/fr\/#\/schema\/logo\/image\/"},"sameAs":["https:\/\/www.facebook.com\/lediamantqc\/","https:\/\/x.com\/lediamant_qc"]},{"@type":"Person","@id":"https:\/\/www.lediamant.ca\/fr\/#\/schema\/person\/1df7cc9f6c6e5901ce19062096c025af","name":"Le Diamant","image":{"@type":"ImageObject","inLanguage":"fr-FR","@id":"https:\/\/www.lediamant.ca\/fr\/#\/schema\/person\/image\/","url":"https:\/\/secure.gravatar.com\/avatar\/987afa0f07c5e880e415fd6bbdc5cc7ccbd67354d810536804d8f515d64bd014?s=96&d=mm&r=g","contentUrl":"https:\/\/secure.gravatar.com\/avatar\/987afa0f07c5e880e415fd6bbdc5cc7ccbd67354d810536804d8f515d64bd014?s=96&d=mm&r=g","caption":"Le Diamant"}}]}},"_links":{"self":[{"href":"https:\/\/www.lediamant.ca\/fr\/wp-json\/wp\/v2\/posts\/3703","targetHints":{"allow":["GET"]}}],"collection":[{"href":"https:\/\/www.lediamant.ca\/fr\/wp-json\/wp\/v2\/posts"}],"about":[{"href":"https:\/\/www.lediamant.ca\/fr\/wp-json\/wp\/v2\/types\/post"}],"author":[{"embeddable":true,"href":"https:\/\/www.lediamant.ca\/fr\/wp-json\/wp\/v2\/users\/2"}],"replies":[{"embeddable":true,"href":"https:\/\/www.lediamant.ca\/fr\/wp-json\/wp\/v2\/comments?post=3703"}],"version-history":[{"count":4,"href":"https:\/\/www.lediamant.ca\/fr\/wp-json\/wp\/v2\/posts\/3703\/revisions"}],"predecessor-version":[{"id":3717,"href":"https:\/\/www.lediamant.ca\/fr\/wp-json\/wp\/v2\/posts\/3703\/revisions\/3717"}],"wp:featuredmedia":[{"embeddable":true,"href":"https:\/\/www.lediamant.ca\/fr\/wp-json\/wp\/v2\/media\/1182"}],"wp:attachment":[{"href":"https:\/\/www.lediamant.ca\/fr\/wp-json\/wp\/v2\/media?parent=3703"}],"wp:term":[{"taxonomy":"category","embeddable":true,"href":"https:\/\/www.lediamant.ca\/fr\/wp-json\/wp\/v2\/categories?post=3703"},{"taxonomy":"post_tag","embeddable":true,"href":"https:\/\/www.lediamant.ca\/fr\/wp-json\/wp\/v2\/tags?post=3703"}],"curies":[{"name":"wp","href":"https:\/\/api.w.org\/{rel}","templated":true}]}}