{"id":2248,"date":"2022-06-02T14:25:00","date_gmt":"2022-06-02T18:25:00","guid":{"rendered":"https:\/\/www.lediamant.ca\/?p=2248"},"modified":"2023-05-30T15:37:01","modified_gmt":"2023-05-30T19:37:01","slug":"jean-gaudreau-moulin-a-images","status":"publish","type":"post","link":"https:\/\/www.lediamant.ca\/fr\/jean-gaudreau-moulin-a-images","title":{"rendered":"Jean Gaudreau rend hommage au Moulin \u00e0 images au Diamant"},"content":{"rendered":"<div class=\"item wysiwyg component-heading\" >\n<h3 class=\"wp-block-heading\">Les arts visuels \u00e0 l\u2019honneur gr\u00e2ce au Mouvement Desjardins<\/h3>\n<\/div>\n\n<div class=\"item wysiwyg component-paragraph\" >\n<p>En hommage aux 15 ans de cr\u00e9ation du Moulin \u00e0 images con\u00e7u par Robert Lepage et Ex Machina, l\u2019artiste Jean Gaudreau pr\u00e9sente cinq immenses toiles faisant r\u00e9f\u00e9rence \u00e0 l\u2019histoire de Qu\u00e9bec et \u00e0 l\u2019iconographie de la c\u00e9l\u00e8bre projection. Le public peut maintenant d\u00e9couvrir l&rsquo;\u0153uvre cr\u00e9\u00e9e sur mesure pour le mur situ\u00e9 au-dessus du bar du Diamant, au foyer Desjardins.<\/p>\n<\/div>\n\n<div class=\"item wysiwyg component-embed\" >\n<figure class=\"wp-block-embed is-type-video is-provider-youtube wp-block-embed-youtube wp-embed-aspect-16-9 wp-has-aspect-ratio\"><div class=\"wp-block-embed__wrapper\">\n<iframe loading=\"lazy\" title=\"Jean Gaudreau rend hommage au Moulin \u00e0 images | Le Diamant\" width=\"500\" height=\"281\" src=\"https:\/\/www.youtube.com\/embed\/pQ6qDnWvP8Y?feature=oembed\" frameborder=\"0\" allow=\"accelerometer; autoplay; clipboard-write; encrypted-media; gyroscope; picture-in-picture; web-share\" referrerpolicy=\"strict-origin-when-cross-origin\" allowfullscreen><\/iframe>\n<\/div><\/figure>\n<\/div>\n\n<div class=\"item wysiwyg component-quote\" >\n<blockquote class=\"wp-block-quote is-layout-flow wp-block-quote-is-layout-flow\"><div class=\"item wysiwyg component-paragraph\" >\n<p>\u00abLe Diamant est privil\u00e9gi\u00e9 de pouvoir compter sur l\u2019appui de pr\u00e9cieux partenaires afin de mettre en lumi\u00e8re ses diff\u00e9rents espaces \u00bb, affirme Steve Labrie, directeur g\u00e9n\u00e9ral du Diamant. La mise en valeur du foyer Desjardins en est un bon exemple. \u00ab Gr\u00e2ce au soutien et \u00e0 la grande g\u00e9n\u00e9rosit\u00e9 du Mouvement Desjardins, nous disposons maintenant d\u2019un \u00e9quipement permettant l&rsquo;accrochage d&rsquo;\u0153uvres monumentales. Des artistes de tout horizon seront mis de l\u2019avant au Diamant au cours des prochaines ann\u00e9es. Le public pourra ainsi d\u00e9couvrir et appr\u00e9cier des propositions artistiques audacieuses \u00bb, pr\u00e9cise-t-il<\/p>\n<\/div>\n\n<div class=\"item wysiwyg component-paragraph\" >\n<p>\u00abLa culture et le d\u00e9veloppement \u00e9conomique sont \u00e9troitement li\u00e9s, affirme Marc Villeneuve, vice-pr\u00e9sident, D\u00e9veloppement et rayonnement des affaires, Services aux entreprises du Mouvement Desjardins. Comme le d\u00e9montre cette exposition, Le Diamant est un acteur important pour le rayonnement et l\u2019essor de la communaut\u00e9. C\u2019est pourquoi nous sommes de fiers partenaires depuis sa cr\u00e9ation. Il est d\u2019autant plus r\u00e9jouissant d\u2019observer que notre engagement permettra de mettre en lumi\u00e8re des \u0153uvres aussi splendides que celles offertes par le peintre Jean Gaudreau.\u00bb<\/p>\n<\/div><\/blockquote>\n<\/div>\n\n\n<div class=\"wp-block-group alignfull has-light-gray-background-color has-background\"><div class=\"wp-block-group__inner-container is-layout-constrained wp-block-group-is-layout-constrained\"><div class=\"item component-columns\">\n<div class=\"wp-block-columns is-layout-flex wp-container-core-columns-is-layout-9d6595d7 wp-block-columns-is-layout-flex\">\n<div class=\"wp-block-column is-vertically-aligned-top is-layout-flow wp-block-column-is-layout-flow\"><div class=\"wp-block-image is-style-default\"><div class=\"item wysiwyg component-image\" >\n<figure class=\"alignleft size-full\"><img decoding=\"async\" width=\"600\" height=\"1000\" src=\"https:\/\/www.lediamant.ca\/wp-content\/uploads\/2023\/05\/2023-Journaldecreative-Jean-01.jpg\" alt=\"Jean Gaudreau\" class=\"wp-image-2266\"\/ loading=\"lazy\" srcset=\"https:\/\/www.lediamant.ca\/wp-content\/uploads\/2023\/05\/2023-Journaldecreative-Jean-01.jpg 600w, https:\/\/www.lediamant.ca\/wp-content\/uploads\/2023\/05\/2023-Journaldecreative-Jean-01-400x667.jpg 400w\" sizes=\"auto, (max-width: 600px) 100vw, 600px\" \/><figcaption class=\"wp-element-caption\">Photo &#8211; Elias Djemil<\/figcaption><\/figure>\n<\/div><\/div><\/div>\n\n\n\n<div class=\"wp-block-column is-vertically-aligned-center is-layout-flow wp-block-column-is-layout-flow\"><div class=\"item wysiwyg component-heading\" >\n<h3 class=\"wp-block-heading\">Qu\u00e9bec en cinq chemin<\/h3>\n<\/div>\n\n<div class=\"item wysiwyg component-paragraph\" >\n<p>Ayant \u00e9t\u00e9 approch\u00e9 en 2008 pour contribuer au&nbsp;<em>Moulin \u00e0 images<\/em>, le peintre Jean Gaudreau a voulu recr\u00e9er, dans sa nouvelle \u0153uvre au Diamant, les silos qui recevaient la projection des images fragmentaires du&nbsp;<em>Moulin \u00e0 images<\/em>.&nbsp;<\/p>\n<\/div>\n\n<div class=\"item wysiwyg component-paragraph\" >\n<p>Dans les cinq tableaux, M. Gaudreau a cherch\u00e9 \u00e0 transmettre la pr\u00e9sence incontournable des chemins d\u2019eau, tel le fleuve Saint-Laurent, qui amena les Europ\u00e9ens jusqu\u2019\u00e0 nos rives. Les chemins de terre, qui racontent l\u2019appropriation du territoire et le d\u00e9veloppement de la ville de Qu\u00e9bec sont eux aussi \u00e9voqu\u00e9s dans cette s\u00e9rie. Bien que d\u2019une autre \u00e9poque, le chemin de fer y trouve \u00e9galement sa place, d\u00e9peignant l\u2019exploitation des minerais. Enfin, la voie a\u00e9rienne, qui repr\u00e9sente le chemin d\u2019air, est quant \u00e0 elle illustr\u00e9e par un petit avion traversant les silos de toutes parts.<\/p>\n<\/div>\n\n<div class=\"item wysiwyg component-paragraph\" >\n<p>Un clin d\u2019\u0153il \u00e0 l\u2019histoire de l\u2019art visuel au Qu\u00e9bec, repr\u00e9sent\u00e9 par trois artistes qui ont marqu\u00e9 le parcours de M. Gaudreau, fait \u00e9galement partie de la s\u00e9rie. On reconna\u00eet des r\u00e9f\u00e9rences au travail de Jean-Paul Lemieux, Jean Paul Riopelle et Alfred Pellan<\/p>\n<\/div><\/div>\n<\/div>\n<\/div><\/div><\/div>\n\n\n<div class=\"item component-columns\">\n<div class=\"wp-block-columns is-layout-flex wp-container-core-columns-is-layout-9d6595d7 wp-block-columns-is-layout-flex\">\n<div class=\"wp-block-column is-layout-flow wp-block-column-is-layout-flow\"><div class=\"item wysiwyg component-heading\" >\n<h3 class=\"wp-block-heading\">L&rsquo;oeuvre en d\u00e9tail<\/h3>\n<\/div>\n\n<div class=\"item wysiwyg component-list\" >\n<ul class=\"wp-block-list\">\n<li><em>LE CHEMIN D\u2019EAU no<\/em><em> 1.1<\/em><br>152 x 335 cm \/ 60 x 132 po<\/li>\n\n\n\n<li><em>LE CHEMIN CULTUREL no<\/em><em> 2<\/em><br>228,6 x 167,64 cm \/ 90 x 66 po<\/li>\n\n\n\n<li><em>LE CHEMIN DE TERRE no<\/em><em> 1.2<\/em><br>152 x 335 cm \/ 60 x 132 po<\/li>\n\n\n\n<li><em>LE CHEMIN DE FER no<\/em><em> 1.3<\/em><br>182.88 x 365.76 cm \/ 72 x 144 po<\/li>\n\n\n\n<li><em>LE CHEMIN D\u2019AIR no<\/em><em> 1.4<\/em><br>182,88 x 365,76 cm \/ 72 x 144 po<\/li>\n<\/ul>\n<\/div>\n\n<div class=\"item wysiwyg component-paragraph\" >\n<p>Techniques utilis\u00e9es : acrylique, huile, b\u00e2ton \u00e0 l\u2019huile, crayon graphite, feutre et cire.<\/p>\n<\/div><\/div>\n\n\n\n<div class=\"wp-block-column is-vertically-aligned-top is-layout-flow wp-block-column-is-layout-flow\"><div class=\"wp-block-image is-style-default\"><div class=\"item wysiwyg component-image\" >\n<figure class=\"aligncenter size-full is-resized\"><img decoding=\"async\" src=\"https:\/\/www.lediamant.ca\/wp-content\/uploads\/2023\/05\/jeangaudreau_jour1_ed_2022_060.jpg\" alt=\"\" class=\"wp-image-2258\" width=\"402\" height=\"603\"\/ loading=\"lazy\"><figcaption class=\"wp-element-caption\">Photo &#8211; Elias Djemil<\/figcaption><\/figure>\n<\/div><\/div><\/div>\n<\/div>\n<\/div>\n\n<div class=\"item wysiwyg component-heading\" >\n<h3 class=\"wp-block-heading\">Bienvenue au public!<\/h3>\n<\/div>\n\n<div class=\"item wysiwyg component-paragraph\" >\n<p>Le public est invit\u00e9 \u00e0 d\u00e9couvrir l\u2019<em>Hommage au Moulin \u00e0 images<\/em> au foyer Desjardins lors d&rsquo;une visite libre, en <a href=\"https:\/\/www.lediamant.ca\/explorer-autrement\/visite-guidee\/\">r\u00e9servant une visite guid\u00e9e<\/a> ou avant ou apr\u00e8s un spectacle.<\/p>\n<\/div>\n\n<div class=\"item component-spacer\" ><div class=\"container\">\n<div style=\"height:50px\" aria-hidden=\"true\" class=\"wp-block-spacer\"><\/div>\n<\/div><\/div>","protected":false},"excerpt":{"rendered":"Les arts visuels \u00e0 l\u2019honneur gr\u00e2ce au Mouvement Desjardins","protected":false},"author":2,"featured_media":2270,"comment_status":"closed","ping_status":"closed","sticky":false,"template":"","format":"standard","meta":{"_acf_changed":false,"footnotes":""},"categories":[49],"tags":[],"class_list":["post-2248","post","type-post","status-publish","format-standard","has-post-thumbnail","hentry","category-lesprit-du-lieu"],"acf":[],"yoast_head":"<!-- This site is optimized with the Yoast SEO plugin v26.5 - https:\/\/yoast.com\/wordpress\/plugins\/seo\/ -->\n<title>Jean Gaudreau rend hommage au Moulin \u00e0 images au Diamant - Le Diamant<\/title>\n<meta name=\"description\" content=\"En hommage aux 15 ans de cr\u00e9ation du Moulin \u00e0 images con\u00e7u par Robert Lepage et Ex Machina, l\u2019artiste Jean Gaudreau pr\u00e9sente cinq immenses toiles faisant r\u00e9f\u00e9rence \u00e0 l\u2019histoire de Qu\u00e9bec et \u00e0 l\u2019iconographie de la c\u00e9l\u00e8bre projection. Le public peut maintenant d\u00e9couvrir l&#039;\u0153uvre cr\u00e9\u00e9e sur mesure pour le mur situ\u00e9 au-dessus du bar du Diamant, au foyer Desjardins.\" \/>\n<meta name=\"robots\" content=\"index, follow, max-snippet:-1, max-image-preview:large, max-video-preview:-1\" \/>\n<link rel=\"canonical\" href=\"https:\/\/www.lediamant.ca\/fr\/jean-gaudreau-moulin-a-images\" \/>\n<meta property=\"og:locale\" content=\"fr_FR\" \/>\n<meta property=\"og:type\" content=\"article\" \/>\n<meta property=\"og:title\" content=\"Jean Gaudreau rend hommage au Moulin \u00e0 images au Diamant\" \/>\n<meta property=\"og:description\" content=\"Les arts visuels \u00e0 l\u2019honneur gr\u00e2ce \u00e0 Desjardins\" \/>\n<meta property=\"og:url\" content=\"https:\/\/www.lediamant.ca\/fr\/jean-gaudreau-moulin-a-images\" \/>\n<meta property=\"og:site_name\" content=\"Le Diamant\" \/>\n<meta property=\"article:publisher\" content=\"https:\/\/www.facebook.com\/lediamantqc\/\" \/>\n<meta property=\"article:published_time\" content=\"2022-06-02T18:25:00+00:00\" \/>\n<meta property=\"article:modified_time\" content=\"2023-05-30T19:37:01+00:00\" \/>\n<meta property=\"og:image\" content=\"https:\/\/www.lediamant.ca\/wp-content\/uploads\/2022\/06\/2023-Journaldecreation-JeanGaudreau-opengraph.jpeg\" \/>\n\t<meta property=\"og:image:width\" content=\"1200\" \/>\n\t<meta property=\"og:image:height\" content=\"630\" \/>\n\t<meta property=\"og:image:type\" content=\"image\/jpeg\" \/>\n<meta name=\"author\" content=\"Le Diamant\" \/>\n<meta name=\"twitter:card\" content=\"summary_large_image\" \/>\n<meta name=\"twitter:creator\" content=\"@lediamant_qc\" \/>\n<meta name=\"twitter:site\" content=\"@lediamant_qc\" \/>\n<meta name=\"twitter:label1\" content=\"\u00c9crit par\" \/>\n\t<meta name=\"twitter:data1\" content=\"Le Diamant\" \/>\n\t<meta name=\"twitter:label2\" content=\"Dur\u00e9e de lecture estim\u00e9e\" \/>\n\t<meta name=\"twitter:data2\" content=\"4 minutes\" \/>\n<script type=\"application\/ld+json\" class=\"yoast-schema-graph\">{\"@context\":\"https:\/\/schema.org\",\"@graph\":[{\"@type\":\"Article\",\"@id\":\"https:\/\/www.lediamant.ca\/fr\/jean-gaudreau-moulin-a-images#article\",\"isPartOf\":{\"@id\":\"https:\/\/www.lediamant.ca\/fr\/jean-gaudreau-moulin-a-images\"},\"author\":{\"name\":\"Le Diamant\",\"@id\":\"https:\/\/www.lediamant.ca\/fr\/#\/schema\/person\/1df7cc9f6c6e5901ce19062096c025af\"},\"headline\":\"Jean Gaudreau rend hommage au Moulin \u00e0 images au Diamant\",\"datePublished\":\"2022-06-02T18:25:00+00:00\",\"dateModified\":\"2023-05-30T19:37:01+00:00\",\"mainEntityOfPage\":{\"@id\":\"https:\/\/www.lediamant.ca\/fr\/jean-gaudreau-moulin-a-images\"},\"wordCount\":596,\"publisher\":{\"@id\":\"https:\/\/www.lediamant.ca\/fr\/#organization\"},\"image\":{\"@id\":\"https:\/\/www.lediamant.ca\/fr\/jean-gaudreau-moulin-a-images#primaryimage\"},\"thumbnailUrl\":\"https:\/\/www.lediamant.ca\/wp-content\/uploads\/2022\/06\/2023-Journaldecreative-Jean-Visuel-scaled.jpg\",\"articleSection\":[\"L'esprit du lieu\"],\"inLanguage\":\"fr-FR\"},{\"@type\":\"WebPage\",\"@id\":\"https:\/\/www.lediamant.ca\/fr\/jean-gaudreau-moulin-a-images\",\"url\":\"https:\/\/www.lediamant.ca\/fr\/jean-gaudreau-moulin-a-images\",\"name\":\"Jean Gaudreau rend hommage au Moulin \u00e0 images au Diamant - Le Diamant\",\"isPartOf\":{\"@id\":\"https:\/\/www.lediamant.ca\/fr\/#website\"},\"primaryImageOfPage\":{\"@id\":\"https:\/\/www.lediamant.ca\/fr\/jean-gaudreau-moulin-a-images#primaryimage\"},\"image\":{\"@id\":\"https:\/\/www.lediamant.ca\/fr\/jean-gaudreau-moulin-a-images#primaryimage\"},\"thumbnailUrl\":\"https:\/\/www.lediamant.ca\/wp-content\/uploads\/2022\/06\/2023-Journaldecreative-Jean-Visuel-scaled.jpg\",\"datePublished\":\"2022-06-02T18:25:00+00:00\",\"dateModified\":\"2023-05-30T19:37:01+00:00\",\"description\":\"En hommage aux 15 ans de cr\u00e9ation du Moulin \u00e0 images con\u00e7u par Robert Lepage et Ex Machina, l\u2019artiste Jean Gaudreau pr\u00e9sente cinq immenses toiles faisant r\u00e9f\u00e9rence \u00e0 l\u2019histoire de Qu\u00e9bec et \u00e0 l\u2019iconographie de la c\u00e9l\u00e8bre projection. Le public peut maintenant d\u00e9couvrir l'\u0153uvre cr\u00e9\u00e9e sur mesure pour le mur situ\u00e9 au-dessus du bar du Diamant, au foyer Desjardins.\",\"breadcrumb\":{\"@id\":\"https:\/\/www.lediamant.ca\/fr\/jean-gaudreau-moulin-a-images#breadcrumb\"},\"inLanguage\":\"fr-FR\",\"potentialAction\":[{\"@type\":\"ReadAction\",\"target\":[\"https:\/\/www.lediamant.ca\/fr\/jean-gaudreau-moulin-a-images\"]}]},{\"@type\":\"ImageObject\",\"inLanguage\":\"fr-FR\",\"@id\":\"https:\/\/www.lediamant.ca\/fr\/jean-gaudreau-moulin-a-images#primaryimage\",\"url\":\"https:\/\/www.lediamant.ca\/wp-content\/uploads\/2022\/06\/2023-Journaldecreative-Jean-Visuel-scaled.jpg\",\"contentUrl\":\"https:\/\/www.lediamant.ca\/wp-content\/uploads\/2022\/06\/2023-Journaldecreative-Jean-Visuel-scaled.jpg\",\"width\":2560,\"height\":1707},{\"@type\":\"BreadcrumbList\",\"@id\":\"https:\/\/www.lediamant.ca\/fr\/jean-gaudreau-moulin-a-images#breadcrumb\",\"itemListElement\":[{\"@type\":\"ListItem\",\"position\":1,\"name\":\"Accueil\",\"item\":\"https:\/\/www.lediamant.ca\/fr\"},{\"@type\":\"ListItem\",\"position\":2,\"name\":\"Jean Gaudreau rend hommage au Moulin \u00e0 images au Diamant\"}]},{\"@type\":\"WebSite\",\"@id\":\"https:\/\/www.lediamant.ca\/fr\/#website\",\"url\":\"https:\/\/www.lediamant.ca\/fr\/\",\"name\":\"Le Diamant\",\"description\":\"Salle de spectacle situ\u00e9e \u00e0 place D&#039;Youville, Qu\u00e9bec (Canada). D\u00e9couvrez notre programmation.\",\"publisher\":{\"@id\":\"https:\/\/www.lediamant.ca\/fr\/#organization\"},\"potentialAction\":[{\"@type\":\"SearchAction\",\"target\":{\"@type\":\"EntryPoint\",\"urlTemplate\":\"https:\/\/www.lediamant.ca\/fr\/?s={search_term_string}\"},\"query-input\":{\"@type\":\"PropertyValueSpecification\",\"valueRequired\":true,\"valueName\":\"search_term_string\"}}],\"inLanguage\":\"fr-FR\"},{\"@type\":\"Organization\",\"@id\":\"https:\/\/www.lediamant.ca\/fr\/#organization\",\"name\":\"Le Diamant\",\"url\":\"https:\/\/www.lediamant.ca\/fr\/\",\"logo\":{\"@type\":\"ImageObject\",\"inLanguage\":\"fr-FR\",\"@id\":\"https:\/\/www.lediamant.ca\/fr\/#\/schema\/logo\/image\/\",\"url\":\"https:\/\/www.lediamant.ca\/wp-content\/uploads\/2023\/05\/le-diamant-logo.png\",\"contentUrl\":\"https:\/\/www.lediamant.ca\/wp-content\/uploads\/2023\/05\/le-diamant-logo.png\",\"width\":1000,\"height\":750,\"caption\":\"Le Diamant\"},\"image\":{\"@id\":\"https:\/\/www.lediamant.ca\/fr\/#\/schema\/logo\/image\/\"},\"sameAs\":[\"https:\/\/www.facebook.com\/lediamantqc\/\",\"https:\/\/x.com\/lediamant_qc\"]},{\"@type\":\"Person\",\"@id\":\"https:\/\/www.lediamant.ca\/fr\/#\/schema\/person\/1df7cc9f6c6e5901ce19062096c025af\",\"name\":\"Le Diamant\",\"image\":{\"@type\":\"ImageObject\",\"inLanguage\":\"fr-FR\",\"@id\":\"https:\/\/www.lediamant.ca\/fr\/#\/schema\/person\/image\/\",\"url\":\"https:\/\/secure.gravatar.com\/avatar\/987afa0f07c5e880e415fd6bbdc5cc7ccbd67354d810536804d8f515d64bd014?s=96&d=mm&r=g\",\"contentUrl\":\"https:\/\/secure.gravatar.com\/avatar\/987afa0f07c5e880e415fd6bbdc5cc7ccbd67354d810536804d8f515d64bd014?s=96&d=mm&r=g\",\"caption\":\"Le Diamant\"}}]}<\/script>\n<!-- \/ Yoast SEO plugin. -->","yoast_head_json":{"title":"Jean Gaudreau rend hommage au Moulin \u00e0 images au Diamant - Le Diamant","description":"En hommage aux 15 ans de cr\u00e9ation du Moulin \u00e0 images con\u00e7u par Robert Lepage et Ex Machina, l\u2019artiste Jean Gaudreau pr\u00e9sente cinq immenses toiles faisant r\u00e9f\u00e9rence \u00e0 l\u2019histoire de Qu\u00e9bec et \u00e0 l\u2019iconographie de la c\u00e9l\u00e8bre projection. Le public peut maintenant d\u00e9couvrir l'\u0153uvre cr\u00e9\u00e9e sur mesure pour le mur situ\u00e9 au-dessus du bar du Diamant, au foyer Desjardins.","robots":{"index":"index","follow":"follow","max-snippet":"max-snippet:-1","max-image-preview":"max-image-preview:large","max-video-preview":"max-video-preview:-1"},"canonical":"https:\/\/www.lediamant.ca\/fr\/jean-gaudreau-moulin-a-images","og_locale":"fr_FR","og_type":"article","og_title":"Jean Gaudreau rend hommage au Moulin \u00e0 images au Diamant","og_description":"Les arts visuels \u00e0 l\u2019honneur gr\u00e2ce \u00e0 Desjardins","og_url":"https:\/\/www.lediamant.ca\/fr\/jean-gaudreau-moulin-a-images","og_site_name":"Le Diamant","article_publisher":"https:\/\/www.facebook.com\/lediamantqc\/","article_published_time":"2022-06-02T18:25:00+00:00","article_modified_time":"2023-05-30T19:37:01+00:00","og_image":[{"width":1200,"height":630,"url":"https:\/\/www.lediamant.ca\/wp-content\/uploads\/2022\/06\/2023-Journaldecreation-JeanGaudreau-opengraph.jpeg","type":"image\/jpeg"}],"author":"Le Diamant","twitter_card":"summary_large_image","twitter_creator":"@lediamant_qc","twitter_site":"@lediamant_qc","twitter_misc":{"\u00c9crit par":"Le Diamant","Dur\u00e9e de lecture estim\u00e9e":"4 minutes"},"schema":{"@context":"https:\/\/schema.org","@graph":[{"@type":"Article","@id":"https:\/\/www.lediamant.ca\/fr\/jean-gaudreau-moulin-a-images#article","isPartOf":{"@id":"https:\/\/www.lediamant.ca\/fr\/jean-gaudreau-moulin-a-images"},"author":{"name":"Le Diamant","@id":"https:\/\/www.lediamant.ca\/fr\/#\/schema\/person\/1df7cc9f6c6e5901ce19062096c025af"},"headline":"Jean Gaudreau rend hommage au Moulin \u00e0 images au Diamant","datePublished":"2022-06-02T18:25:00+00:00","dateModified":"2023-05-30T19:37:01+00:00","mainEntityOfPage":{"@id":"https:\/\/www.lediamant.ca\/fr\/jean-gaudreau-moulin-a-images"},"wordCount":596,"publisher":{"@id":"https:\/\/www.lediamant.ca\/fr\/#organization"},"image":{"@id":"https:\/\/www.lediamant.ca\/fr\/jean-gaudreau-moulin-a-images#primaryimage"},"thumbnailUrl":"https:\/\/www.lediamant.ca\/wp-content\/uploads\/2022\/06\/2023-Journaldecreative-Jean-Visuel-scaled.jpg","articleSection":["L'esprit du lieu"],"inLanguage":"fr-FR"},{"@type":"WebPage","@id":"https:\/\/www.lediamant.ca\/fr\/jean-gaudreau-moulin-a-images","url":"https:\/\/www.lediamant.ca\/fr\/jean-gaudreau-moulin-a-images","name":"Jean Gaudreau rend hommage au Moulin \u00e0 images au Diamant - Le Diamant","isPartOf":{"@id":"https:\/\/www.lediamant.ca\/fr\/#website"},"primaryImageOfPage":{"@id":"https:\/\/www.lediamant.ca\/fr\/jean-gaudreau-moulin-a-images#primaryimage"},"image":{"@id":"https:\/\/www.lediamant.ca\/fr\/jean-gaudreau-moulin-a-images#primaryimage"},"thumbnailUrl":"https:\/\/www.lediamant.ca\/wp-content\/uploads\/2022\/06\/2023-Journaldecreative-Jean-Visuel-scaled.jpg","datePublished":"2022-06-02T18:25:00+00:00","dateModified":"2023-05-30T19:37:01+00:00","description":"En hommage aux 15 ans de cr\u00e9ation du Moulin \u00e0 images con\u00e7u par Robert Lepage et Ex Machina, l\u2019artiste Jean Gaudreau pr\u00e9sente cinq immenses toiles faisant r\u00e9f\u00e9rence \u00e0 l\u2019histoire de Qu\u00e9bec et \u00e0 l\u2019iconographie de la c\u00e9l\u00e8bre projection. Le public peut maintenant d\u00e9couvrir l'\u0153uvre cr\u00e9\u00e9e sur mesure pour le mur situ\u00e9 au-dessus du bar du Diamant, au foyer Desjardins.","breadcrumb":{"@id":"https:\/\/www.lediamant.ca\/fr\/jean-gaudreau-moulin-a-images#breadcrumb"},"inLanguage":"fr-FR","potentialAction":[{"@type":"ReadAction","target":["https:\/\/www.lediamant.ca\/fr\/jean-gaudreau-moulin-a-images"]}]},{"@type":"ImageObject","inLanguage":"fr-FR","@id":"https:\/\/www.lediamant.ca\/fr\/jean-gaudreau-moulin-a-images#primaryimage","url":"https:\/\/www.lediamant.ca\/wp-content\/uploads\/2022\/06\/2023-Journaldecreative-Jean-Visuel-scaled.jpg","contentUrl":"https:\/\/www.lediamant.ca\/wp-content\/uploads\/2022\/06\/2023-Journaldecreative-Jean-Visuel-scaled.jpg","width":2560,"height":1707},{"@type":"BreadcrumbList","@id":"https:\/\/www.lediamant.ca\/fr\/jean-gaudreau-moulin-a-images#breadcrumb","itemListElement":[{"@type":"ListItem","position":1,"name":"Accueil","item":"https:\/\/www.lediamant.ca\/fr"},{"@type":"ListItem","position":2,"name":"Jean Gaudreau rend hommage au Moulin \u00e0 images au Diamant"}]},{"@type":"WebSite","@id":"https:\/\/www.lediamant.ca\/fr\/#website","url":"https:\/\/www.lediamant.ca\/fr\/","name":"Le Diamant","description":"Salle de spectacle situ\u00e9e \u00e0 place D&#039;Youville, Qu\u00e9bec (Canada). D\u00e9couvrez notre programmation.","publisher":{"@id":"https:\/\/www.lediamant.ca\/fr\/#organization"},"potentialAction":[{"@type":"SearchAction","target":{"@type":"EntryPoint","urlTemplate":"https:\/\/www.lediamant.ca\/fr\/?s={search_term_string}"},"query-input":{"@type":"PropertyValueSpecification","valueRequired":true,"valueName":"search_term_string"}}],"inLanguage":"fr-FR"},{"@type":"Organization","@id":"https:\/\/www.lediamant.ca\/fr\/#organization","name":"Le Diamant","url":"https:\/\/www.lediamant.ca\/fr\/","logo":{"@type":"ImageObject","inLanguage":"fr-FR","@id":"https:\/\/www.lediamant.ca\/fr\/#\/schema\/logo\/image\/","url":"https:\/\/www.lediamant.ca\/wp-content\/uploads\/2023\/05\/le-diamant-logo.png","contentUrl":"https:\/\/www.lediamant.ca\/wp-content\/uploads\/2023\/05\/le-diamant-logo.png","width":1000,"height":750,"caption":"Le Diamant"},"image":{"@id":"https:\/\/www.lediamant.ca\/fr\/#\/schema\/logo\/image\/"},"sameAs":["https:\/\/www.facebook.com\/lediamantqc\/","https:\/\/x.com\/lediamant_qc"]},{"@type":"Person","@id":"https:\/\/www.lediamant.ca\/fr\/#\/schema\/person\/1df7cc9f6c6e5901ce19062096c025af","name":"Le Diamant","image":{"@type":"ImageObject","inLanguage":"fr-FR","@id":"https:\/\/www.lediamant.ca\/fr\/#\/schema\/person\/image\/","url":"https:\/\/secure.gravatar.com\/avatar\/987afa0f07c5e880e415fd6bbdc5cc7ccbd67354d810536804d8f515d64bd014?s=96&d=mm&r=g","contentUrl":"https:\/\/secure.gravatar.com\/avatar\/987afa0f07c5e880e415fd6bbdc5cc7ccbd67354d810536804d8f515d64bd014?s=96&d=mm&r=g","caption":"Le Diamant"}}]}},"_links":{"self":[{"href":"https:\/\/www.lediamant.ca\/fr\/wp-json\/wp\/v2\/posts\/2248","targetHints":{"allow":["GET"]}}],"collection":[{"href":"https:\/\/www.lediamant.ca\/fr\/wp-json\/wp\/v2\/posts"}],"about":[{"href":"https:\/\/www.lediamant.ca\/fr\/wp-json\/wp\/v2\/types\/post"}],"author":[{"embeddable":true,"href":"https:\/\/www.lediamant.ca\/fr\/wp-json\/wp\/v2\/users\/2"}],"replies":[{"embeddable":true,"href":"https:\/\/www.lediamant.ca\/fr\/wp-json\/wp\/v2\/comments?post=2248"}],"version-history":[{"count":25,"href":"https:\/\/www.lediamant.ca\/fr\/wp-json\/wp\/v2\/posts\/2248\/revisions"}],"predecessor-version":[{"id":3762,"href":"https:\/\/www.lediamant.ca\/fr\/wp-json\/wp\/v2\/posts\/2248\/revisions\/3762"}],"wp:featuredmedia":[{"embeddable":true,"href":"https:\/\/www.lediamant.ca\/fr\/wp-json\/wp\/v2\/media\/2270"}],"wp:attachment":[{"href":"https:\/\/www.lediamant.ca\/fr\/wp-json\/wp\/v2\/media?parent=2248"}],"wp:term":[{"taxonomy":"category","embeddable":true,"href":"https:\/\/www.lediamant.ca\/fr\/wp-json\/wp\/v2\/categories?post=2248"},{"taxonomy":"post_tag","embeddable":true,"href":"https:\/\/www.lediamant.ca\/fr\/wp-json\/wp\/v2\/tags?post=2248"}],"curies":[{"name":"wp","href":"https:\/\/api.w.org\/{rel}","templated":true}]}}