{"id":21774,"date":"2026-03-17T11:05:09","date_gmt":"2026-03-17T15:05:09","guid":{"rendered":"https:\/\/www.lediamant.ca\/?p=21774"},"modified":"2026-04-26T10:02:26","modified_gmt":"2026-04-26T14:02:26","slug":"festival-carrefour-2026","status":"publish","type":"post","link":"https:\/\/www.lediamant.ca\/fr\/festival-carrefour-2026","title":{"rendered":"Trois spectacles du festival carrefour au Diamant"},"content":{"rendered":"<div class=\"item wysiwyg component-paragraph\" >\n<p>Le 17 mars, Le Festival Carrefour a d\u00e9voil\u00e9 l\u2019ensemble de sa programmation 2026. Les coups de c\u0153ur du comit\u00e9 artistique ont \u00e9t\u00e9 soigneusement s\u00e9lectionn\u00e9s pour refl\u00e9ter toute l\u2019\u00e9nergie du festival : un espace o\u00f9 se croisent les id\u00e9es et les points de vue, un lieu vivant qui c\u00e9l\u00e8bre le th\u00e9\u00e2tre sous toutes ses formes, la prise de risques et les chemins inattendus.<\/p>\n<\/div>\n\n<div class=\"item wysiwyg component-paragraph\" >\n<p>Du 26 mai au 13 juin, trois spectacles prendront l\u2019affiche au Diamant dans le cadre du festival, un \u00e9v\u00e9nement partenaire.<\/p>\n<\/div>\n\n<div class=\"item wysiwyg component-heading\" >\n<h3 class=\"wp-block-heading\" id=\"unchienenlaissequijappe\">Un chien en laisse qui jappe<\/h3>\n<\/div>\n\n<div class=\"item wysiwyg component-heading\" >\n<h4 class=\"wp-block-heading\">Une d\u00e9couverte propos\u00e9e par Robert Lepage<\/h4>\n<\/div>\n\n<div class=\"item component-spacer\" ><div class=\"container\">\n<div style=\"height:20px\" aria-hidden=\"true\" class=\"wp-block-spacer\"><\/div>\n<\/div><\/div>\n\n<div class=\"item wysiwyg component-image\" >\n<figure class=\"wp-block-image size-large\"><img decoding=\"async\" width=\"1024\" height=\"683\" src=\"https:\/\/www.lediamant.ca\/wp-content\/uploads\/2026\/03\/festival-carrefour-un-chien-qui-jappe-1024x683.jpg\" alt=\"\" class=\"wp-image-21784\"\/ loading=\"lazy\" srcset=\"https:\/\/www.lediamant.ca\/wp-content\/uploads\/2026\/03\/festival-carrefour-un-chien-qui-jappe-1024x683.jpg 1024w, https:\/\/www.lediamant.ca\/wp-content\/uploads\/2026\/03\/festival-carrefour-un-chien-qui-jappe-700x467.jpg 700w, https:\/\/www.lediamant.ca\/wp-content\/uploads\/2026\/03\/festival-carrefour-un-chien-qui-jappe-768x512.jpg 768w, https:\/\/www.lediamant.ca\/wp-content\/uploads\/2026\/03\/festival-carrefour-un-chien-qui-jappe-400x267.jpg 400w, https:\/\/www.lediamant.ca\/wp-content\/uploads\/2026\/03\/festival-carrefour-un-chien-qui-jappe.jpg 1500w\" sizes=\"auto, (max-width: 1024px) 100vw, 1024px\" \/><\/figure>\n<\/div>\n\n<div class=\"item component-spacer\" ><div class=\"container\">\n<div style=\"height:20px\" aria-hidden=\"true\" class=\"wp-block-spacer\"><\/div>\n<\/div><\/div>\n\n<div class=\"item wysiwyg component-heading\" >\n<h4 class=\"wp-block-heading\">En copr\u00e9sentation avec Le Diamant<\/h4>\n<\/div>\n\n<div class=\"item wysiwyg component-paragraph\" >\n<p>Orchestre th\u00e9\u00e2tral \u00e0 une seule personne o\u00f9 l\u2019artiste, Gabriel Samson I, \u00e0 travers une parole po\u00e9tique construite et recherch\u00e9e propose une r\u00e9flexion sur la banlieue, le milieu artistique, la g\u00e9n\u00e9ration Z, ainsi que son enfance. En \u00e9cho avec ces th\u00e9matiques, dans une d\u00e9marche \u00e9tablie dans la culture du soi, Gabriel Samson I s\u2019\u00e9panouit \u00e0 faire toutes les manipulations sonores et vid\u00e9os, les \u00e9clairages, les changements de d\u00e9cors et de costumes. La multidisciplinarit\u00e9 de la proposition se concr\u00e9tise dans les arts de la parole, plus pr\u00e9cis\u00e9ment le monologue, la po\u00e9sie, le rap et le stand-up, ainsi que l\u2019art vid\u00e9o, la musique et le montage sonore.<\/p>\n<\/div>\n\n<div class=\"item component-media-text\">\n<div class=\"wp-block-media-text alignwide is-stacked-on-mobile\" style=\"grid-template-columns:30% auto\"><figure class=\"wp-block-media-text__media\"><img decoding=\"async\" width=\"850\" height=\"850\" src=\"https:\/\/www.lediamant.ca\/wp-content\/uploads\/2023\/04\/equipe-robert-lepage.jpg\" alt=\"Robert Lepage\" class=\"wp-image-1332 size-full\"\/ loading=\"lazy\" srcset=\"https:\/\/www.lediamant.ca\/wp-content\/uploads\/2023\/04\/equipe-robert-lepage.jpg 850w, https:\/\/www.lediamant.ca\/wp-content\/uploads\/2023\/04\/equipe-robert-lepage-700x700.jpg 700w, https:\/\/www.lediamant.ca\/wp-content\/uploads\/2023\/04\/equipe-robert-lepage-768x768.jpg 768w, https:\/\/www.lediamant.ca\/wp-content\/uploads\/2023\/04\/equipe-robert-lepage-400x400.jpg 400w\" sizes=\"auto, (max-width: 850px) 100vw, 850px\" \/><\/figure><div class=\"wp-block-media-text__content\"><div class=\"item wysiwyg component-quote\" >\n<blockquote class=\"wp-block-quote has-text-align-left is-layout-flow wp-block-quote-is-layout-flow\"><div class=\"item wysiwyg component-paragraph\" >\n<p>\u00ab Le spectacle Un chien qui jappe en laisse m\u2019est apparu comme une v\u00e9ritable r\u00e9v\u00e9lation. Ce que propose Gabriel Samson I sur sc\u00e8ne est si unique, si authentique qu\u2019il s\u2019impose, selon moi, comme un artiste incontournable. Sa po\u00e9sie est cisel\u00e9e et intelligente, et ses prises de positions sont sans compromis et tout \u00e0 fait en phase avec notre \u00e9poque. Les formes qu\u2019il utilise pour les exprimer sont libres et totalement d\u00e9brid\u00e9es. Il y avait longtemps que je n\u2019avais assist\u00e9 \u00e0 quelque chose d\u2019aussi inspirant. Le genre de vitriol dont le th\u00e9\u00e2tre a besoin. \u00bb<\/p>\n<\/div><cite>\u2014 <strong>Robert Lepage<\/strong>,&nbsp;metteur en sc\u00e8ne.<\/cite><\/blockquote>\n<\/div><\/div><\/div>\n<\/div>\n\n<div class=\"item wysiwyg component-paragraph\" >\n<p>Ce spectacle de 2 h, sans entracte, sera \u00e0 l&rsquo;affiche pour deux repr\u00e9sentations au Studio Lepage Beaulieu :<\/p>\n<\/div>\n\n<div class=\"item wysiwyg component-list\" >\n<ul class=\"wp-block-list\">\n<li>Jeudi 4 juin, 19 h. (Rencontre avec le public apr\u00e8s le spectacle anim\u00e9e par Robert Lepage).<\/li>\n\n\n\n<li>Vendredi 5 juin, 19 h.<\/li>\n<\/ul>\n<\/div>\n\n<div class=\"item wysiwyg component-paragraph\" >\n<p>\u00c0 partir de 13 ans. Tarification inclusive.<\/p>\n<\/div>\n\n<div class=\"item wysiwyg component-link-button\" >\n<p><a class=\"btn btn--regular\" href=\"https:\/\/carrefourtheatre.qc.ca\/spectacles-culturels-quebec\/un-chien-en-laisse-qui-jappe\/\" target=\"_blank\">Billets<\/a><\/p><\/div>\n\n<div class=\"item wysiwyg component-heading\" >\n<h3 class=\"wp-block-heading\">Fr\u00e8res<\/h3>\n<\/div>\n\n<div class=\"item wysiwyg component-image\" >\n<figure class=\"wp-block-image size-large\"><img decoding=\"async\" width=\"1024\" height=\"576\" src=\"https:\/\/www.lediamant.ca\/wp-content\/uploads\/2026\/03\/festival-carrefour-freres-1024x576.jpg\" alt=\"\" class=\"wp-image-21786\"\/ loading=\"lazy\" srcset=\"https:\/\/www.lediamant.ca\/wp-content\/uploads\/2026\/03\/festival-carrefour-freres-1024x576.jpg 1024w, https:\/\/www.lediamant.ca\/wp-content\/uploads\/2026\/03\/festival-carrefour-freres-700x394.jpg 700w, https:\/\/www.lediamant.ca\/wp-content\/uploads\/2026\/03\/festival-carrefour-freres-768x432.jpg 768w, https:\/\/www.lediamant.ca\/wp-content\/uploads\/2026\/03\/festival-carrefour-freres-400x225.jpg 400w, https:\/\/www.lediamant.ca\/wp-content\/uploads\/2026\/03\/festival-carrefour-freres.jpg 1500w\" sizes=\"auto, (max-width: 1024px) 100vw, 1024px\" \/><figcaption class=\"wp-element-caption\">Photo \u2014 Vincent Castonguay<\/figcaption><\/figure>\n<\/div>\n\n<div class=\"item component-spacer\" ><div class=\"container\">\n<div style=\"height:20px\" aria-hidden=\"true\" class=\"wp-block-spacer\"><\/div>\n<\/div><\/div>\n\n<div class=\"item wysiwyg component-paragraph\" >\n<p>Apr\u00e8s l\u2019immense succ\u00e8s de <em>Mama<\/em>, Nathalie Doummar nous fait revisiter le huis clos en chalet \u00e0 travers les yeux d\u2019un petit clan familial \u00e9gypto-qu\u00e9b\u00e9cois. Ils sont p\u00e8res, fils, cousins, beaux-fr\u00e8res. Ils ont 23, 40, 65 ans et se retrouvent entre hommes le temps d\u2019une fin de semaine. \u00c9videmment, on se critique, on se met au d\u00e9fi, on tente de monter d\u2019un cran dans la hi\u00e9rarchie familiale. En puisant dans des th\u00e8mes fertiles comme la qu\u00eate de validation, la d\u00e9finition de la r\u00e9ussite et les tensions interg\u00e9n\u00e9rationnelles, Fr\u00e8res nous pr\u00e9sente une galerie de personnages savoureux et pose un regard lucide et bienveillant sur la masculinit\u00e9 contemporaine.<\/p>\n<\/div>\n\n<div class=\"item wysiwyg component-paragraph\" >\n<p>Ce spectacle de 1 h 30, sans entracte, sera \u00e0 l&rsquo;affiche pour deux repr\u00e9sentations :<\/p>\n<\/div>\n\n<div class=\"item wysiwyg component-list\" >\n<ul class=\"wp-block-list\">\n<li>Vendredi 29 mai, 19 h (Rencontre avec le public apr\u00e8s le spectacle).<\/li>\n\n\n\n<li>Samedi 30 mai, 14 h.<\/li>\n<\/ul>\n<\/div>\n\n<div class=\"item wysiwyg component-paragraph\" >\n<p>Prix fixe \u00e0 65 $&nbsp;<\/p>\n<\/div>\n\n<div class=\"item wysiwyg component-link-button\" >\n<p><a class=\"btn btn--regular\" href=\"https:\/\/carrefourtheatre.qc.ca\/spectacles-culturels-quebec\/freres\/\" target=\"_blank\">Billets<\/a><\/p><\/div>\n\n<div class=\"item wysiwyg component-paragraph\" >\n<p><\/p>\n<\/div>\n\n<div class=\"item wysiwyg component-heading\" >\n<h3 class=\"wp-block-heading\">SA\u00cfGON<\/h3>\n<\/div>\n\n<div class=\"item wysiwyg component-image\" >\n<figure class=\"wp-block-image size-large\"><img decoding=\"async\" width=\"1024\" height=\"683\" src=\"https:\/\/www.lediamant.ca\/wp-content\/uploads\/2026\/03\/festival-carrefour-saigon-1024x683.jpg\" alt=\"\" class=\"wp-image-21788\"\/ loading=\"lazy\" srcset=\"https:\/\/www.lediamant.ca\/wp-content\/uploads\/2026\/03\/festival-carrefour-saigon-1024x683.jpg 1024w, https:\/\/www.lediamant.ca\/wp-content\/uploads\/2026\/03\/festival-carrefour-saigon-700x467.jpg 700w, https:\/\/www.lediamant.ca\/wp-content\/uploads\/2026\/03\/festival-carrefour-saigon-768x512.jpg 768w, https:\/\/www.lediamant.ca\/wp-content\/uploads\/2026\/03\/festival-carrefour-saigon-400x267.jpg 400w, https:\/\/www.lediamant.ca\/wp-content\/uploads\/2026\/03\/festival-carrefour-saigon.jpg 1500w\" sizes=\"auto, (max-width: 1024px) 100vw, 1024px\" \/><figcaption class=\"wp-element-caption\">Photo \u2014 Jean-Louis Fernandez<\/figcaption><\/figure>\n<\/div>\n\n<div class=\"item component-spacer\" ><div class=\"container\">\n<div style=\"height:20px\" aria-hidden=\"true\" class=\"wp-block-spacer\"><\/div>\n<\/div><\/div>\n\n<div class=\"item wysiwyg component-paragraph\" >\n<p>Apr\u00e8s le succ\u00e8s de <em>LACRIMA<\/em>, Caroline Guiela Nguyen est de retour \u00e0 Qu\u00e9bec pour pr\u00e9senter <em>SA\u00cfGON<\/em>, une \u0153uvre chorale \u00e9mouvante et charg\u00e9e d\u2019humanit\u00e9. Les personnages voyagent entre le Vietnam de 1956 et la France de 1996, encadr\u00e9s du m\u00eame espace sc\u00e9nique : un restaurant vietnamien. Dans cette sc\u00e9nographie spectaculaire et hyperr\u00e9aliste, des trajectoires intimes se croisent, des histoires d\u2019amour, de famille, d&rsquo;amiti\u00e9 et d\u2019exil se tissent, prises dans le tourbillon de la grande Histoire.&nbsp; Apr\u00e8s une tourn\u00e9e triomphale dans plus d\u2019une douzaine de pays, <em>SA\u00cfGON<\/em> nous raconte les fant\u00f4mes de l\u2019Indochine et nous rappelle que les \u00e9chos de l&rsquo;Histoire se font toujours entendre dans les r\u00e9cits de ceux qui portent son poids.<\/p>\n<\/div>\n\n<div class=\"item wysiwyg component-paragraph\" >\n<p>Ce spectacle de 3 h 20, avec entracte, sera \u00e0 l&rsquo;affiche pour trois repr\u00e9sentations :<\/p>\n<\/div>\n\n<div class=\"item wysiwyg component-list\" >\n<ul class=\"wp-block-list\">\n<li>Jeudi 11 juin, 19 h (Rencontre avec le public apr\u00e8s le spectacle).<\/li>\n\n\n\n<li>Vendredi 12 juin, 19 h.<\/li>\n\n\n\n<li>Samedi 13 juin, 14 h.<\/li>\n<\/ul>\n<\/div>\n\n<div class=\"item wysiwyg component-paragraph\" >\n<p>\u00c0 partir de 14 ans. Prix fixe \u00e0 65 $&nbsp;<br><\/p>\n<\/div>\n\n<div class=\"item wysiwyg component-link-button\" >\n<p><a class=\"btn btn--regular\" href=\"https:\/\/carrefourtheatre.qc.ca\/spectacles-culturels-quebec\/saigon\/\" target=\"_blank\">Billets<\/a><\/p><\/div>\n\n<div class=\"item wysiwyg component-heading\" >\n<h2 class=\"wp-block-heading\">Billets<\/h2>\n<\/div>\n\n<div class=\"item wysiwyg component-paragraph\" >\n<p>Pour en savoir plus sur le Festival Carrefour et l\u2019ensemble de sa programmation, consultez le site web juste ici : <a href=\"https:\/\/carrefourtheatre.qc.ca\/\">https:\/\/carrefourtheatre.qc.ca\/<\/a><\/p>\n<\/div>\n\n<div class=\"item wysiwyg component-paragraph\" >\n<p><\/p>\n<\/div>","protected":false},"excerpt":{"rendered":"Le 17 mars, Le Festival Carrefour a d\u00e9voil\u00e9 l\u2019ensemble de sa programmation 2026. ","protected":false},"author":2,"featured_media":21791,"comment_status":"closed","ping_status":"closed","sticky":false,"template":"","format":"standard","meta":{"_acf_changed":false,"footnotes":""},"categories":[43],"tags":[],"class_list":["post-21774","post","type-post","status-publish","format-standard","has-post-thumbnail","hentry","category-communique"],"acf":[],"yoast_head":"<!-- This site is optimized with the Yoast SEO plugin v26.5 - https:\/\/yoast.com\/wordpress\/plugins\/seo\/ -->\n<title>Trois spectacles du festival carrefour au Diamant - Le Diamant<\/title>\n<meta name=\"description\" content=\"Du 26 mai au 13 juin 2026, trois spectacles prendront l\u2019affiche au Diamant dans le cadre du festival, un \u00e9v\u00e9nement partenaire.\" \/>\n<meta name=\"robots\" content=\"index, follow, max-snippet:-1, max-image-preview:large, max-video-preview:-1\" \/>\n<link rel=\"canonical\" href=\"https:\/\/www.lediamant.ca\/fr\/festival-carrefour-2026\" \/>\n<meta property=\"og:locale\" content=\"fr_FR\" \/>\n<meta property=\"og:type\" content=\"article\" \/>\n<meta property=\"og:title\" content=\"Festival Carrefour | Le Diamant\" \/>\n<meta property=\"og:description\" content=\"Trois spectacles pr\u00e9sent\u00e9s au Diamant\" \/>\n<meta property=\"og:url\" content=\"https:\/\/www.lediamant.ca\/fr\/festival-carrefour-2026\" \/>\n<meta property=\"og:site_name\" content=\"Le Diamant\" \/>\n<meta property=\"article:publisher\" content=\"https:\/\/www.facebook.com\/lediamantqc\/\" \/>\n<meta property=\"article:published_time\" content=\"2026-03-17T15:05:09+00:00\" \/>\n<meta property=\"article:modified_time\" content=\"2026-04-26T14:02:26+00:00\" \/>\n<meta property=\"og:image\" content=\"https:\/\/www.lediamant.ca\/wp-content\/uploads\/2026\/03\/festival-carrefour-2026-header.jpg\" \/>\n\t<meta property=\"og:image:width\" content=\"1800\" \/>\n\t<meta property=\"og:image:height\" content=\"900\" \/>\n\t<meta property=\"og:image:type\" content=\"image\/jpeg\" \/>\n<meta name=\"author\" content=\"Le Diamant\" \/>\n<meta name=\"twitter:card\" content=\"summary_large_image\" \/>\n<meta name=\"twitter:creator\" content=\"@lediamant_qc\" \/>\n<meta name=\"twitter:site\" content=\"@lediamant_qc\" \/>\n<meta name=\"twitter:label1\" content=\"\u00c9crit par\" \/>\n\t<meta name=\"twitter:data1\" content=\"Le Diamant\" \/>\n\t<meta name=\"twitter:label2\" content=\"Dur\u00e9e de lecture estim\u00e9e\" \/>\n\t<meta name=\"twitter:data2\" content=\"4 minutes\" \/>\n<script type=\"application\/ld+json\" class=\"yoast-schema-graph\">{\"@context\":\"https:\/\/schema.org\",\"@graph\":[{\"@type\":\"Article\",\"@id\":\"https:\/\/www.lediamant.ca\/fr\/festival-carrefour-2026#article\",\"isPartOf\":{\"@id\":\"https:\/\/www.lediamant.ca\/fr\/festival-carrefour-2026\"},\"author\":{\"name\":\"Le Diamant\",\"@id\":\"https:\/\/www.lediamant.ca\/fr\/#\/schema\/person\/1df7cc9f6c6e5901ce19062096c025af\"},\"headline\":\"Trois spectacles du festival carrefour au Diamant\",\"datePublished\":\"2026-03-17T15:05:09+00:00\",\"dateModified\":\"2026-04-26T14:02:26+00:00\",\"mainEntityOfPage\":{\"@id\":\"https:\/\/www.lediamant.ca\/fr\/festival-carrefour-2026\"},\"wordCount\":743,\"publisher\":{\"@id\":\"https:\/\/www.lediamant.ca\/fr\/#organization\"},\"image\":{\"@id\":\"https:\/\/www.lediamant.ca\/fr\/festival-carrefour-2026#primaryimage\"},\"thumbnailUrl\":\"https:\/\/www.lediamant.ca\/wp-content\/uploads\/2026\/03\/festival-carrefour-2026-header.jpg\",\"articleSection\":[\"Communiqu\u00e9\"],\"inLanguage\":\"fr-FR\"},{\"@type\":\"WebPage\",\"@id\":\"https:\/\/www.lediamant.ca\/fr\/festival-carrefour-2026\",\"url\":\"https:\/\/www.lediamant.ca\/fr\/festival-carrefour-2026\",\"name\":\"Trois spectacles du festival carrefour au Diamant - Le Diamant\",\"isPartOf\":{\"@id\":\"https:\/\/www.lediamant.ca\/fr\/#website\"},\"primaryImageOfPage\":{\"@id\":\"https:\/\/www.lediamant.ca\/fr\/festival-carrefour-2026#primaryimage\"},\"image\":{\"@id\":\"https:\/\/www.lediamant.ca\/fr\/festival-carrefour-2026#primaryimage\"},\"thumbnailUrl\":\"https:\/\/www.lediamant.ca\/wp-content\/uploads\/2026\/03\/festival-carrefour-2026-header.jpg\",\"datePublished\":\"2026-03-17T15:05:09+00:00\",\"dateModified\":\"2026-04-26T14:02:26+00:00\",\"description\":\"Du 26 mai au 13 juin 2026, trois spectacles prendront l\u2019affiche au Diamant dans le cadre du festival, un \u00e9v\u00e9nement partenaire.\",\"breadcrumb\":{\"@id\":\"https:\/\/www.lediamant.ca\/fr\/festival-carrefour-2026#breadcrumb\"},\"inLanguage\":\"fr-FR\",\"potentialAction\":[{\"@type\":\"ReadAction\",\"target\":[\"https:\/\/www.lediamant.ca\/fr\/festival-carrefour-2026\"]}]},{\"@type\":\"ImageObject\",\"inLanguage\":\"fr-FR\",\"@id\":\"https:\/\/www.lediamant.ca\/fr\/festival-carrefour-2026#primaryimage\",\"url\":\"https:\/\/www.lediamant.ca\/wp-content\/uploads\/2026\/03\/festival-carrefour-2026-header.jpg\",\"contentUrl\":\"https:\/\/www.lediamant.ca\/wp-content\/uploads\/2026\/03\/festival-carrefour-2026-header.jpg\",\"width\":1800,\"height\":900},{\"@type\":\"BreadcrumbList\",\"@id\":\"https:\/\/www.lediamant.ca\/fr\/festival-carrefour-2026#breadcrumb\",\"itemListElement\":[{\"@type\":\"ListItem\",\"position\":1,\"name\":\"Accueil\",\"item\":\"https:\/\/www.lediamant.ca\/fr\"},{\"@type\":\"ListItem\",\"position\":2,\"name\":\"Trois spectacles du festival carrefour au Diamant\"}]},{\"@type\":\"WebSite\",\"@id\":\"https:\/\/www.lediamant.ca\/fr\/#website\",\"url\":\"https:\/\/www.lediamant.ca\/fr\/\",\"name\":\"Le Diamant\",\"description\":\"Salle de spectacle situ\u00e9e \u00e0 place D&#039;Youville, Qu\u00e9bec (Canada). D\u00e9couvrez notre programmation.\",\"publisher\":{\"@id\":\"https:\/\/www.lediamant.ca\/fr\/#organization\"},\"potentialAction\":[{\"@type\":\"SearchAction\",\"target\":{\"@type\":\"EntryPoint\",\"urlTemplate\":\"https:\/\/www.lediamant.ca\/fr\/?s={search_term_string}\"},\"query-input\":{\"@type\":\"PropertyValueSpecification\",\"valueRequired\":true,\"valueName\":\"search_term_string\"}}],\"inLanguage\":\"fr-FR\"},{\"@type\":\"Organization\",\"@id\":\"https:\/\/www.lediamant.ca\/fr\/#organization\",\"name\":\"Le Diamant\",\"url\":\"https:\/\/www.lediamant.ca\/fr\/\",\"logo\":{\"@type\":\"ImageObject\",\"inLanguage\":\"fr-FR\",\"@id\":\"https:\/\/www.lediamant.ca\/fr\/#\/schema\/logo\/image\/\",\"url\":\"https:\/\/www.lediamant.ca\/wp-content\/uploads\/2023\/05\/le-diamant-logo.png\",\"contentUrl\":\"https:\/\/www.lediamant.ca\/wp-content\/uploads\/2023\/05\/le-diamant-logo.png\",\"width\":1000,\"height\":750,\"caption\":\"Le Diamant\"},\"image\":{\"@id\":\"https:\/\/www.lediamant.ca\/fr\/#\/schema\/logo\/image\/\"},\"sameAs\":[\"https:\/\/www.facebook.com\/lediamantqc\/\",\"https:\/\/x.com\/lediamant_qc\"]},{\"@type\":\"Person\",\"@id\":\"https:\/\/www.lediamant.ca\/fr\/#\/schema\/person\/1df7cc9f6c6e5901ce19062096c025af\",\"name\":\"Le Diamant\",\"image\":{\"@type\":\"ImageObject\",\"inLanguage\":\"fr-FR\",\"@id\":\"https:\/\/www.lediamant.ca\/fr\/#\/schema\/person\/image\/\",\"url\":\"https:\/\/secure.gravatar.com\/avatar\/987afa0f07c5e880e415fd6bbdc5cc7ccbd67354d810536804d8f515d64bd014?s=96&d=mm&r=g\",\"contentUrl\":\"https:\/\/secure.gravatar.com\/avatar\/987afa0f07c5e880e415fd6bbdc5cc7ccbd67354d810536804d8f515d64bd014?s=96&d=mm&r=g\",\"caption\":\"Le Diamant\"}}]}<\/script>\n<!-- \/ Yoast SEO plugin. -->","yoast_head_json":{"title":"Trois spectacles du festival carrefour au Diamant - Le Diamant","description":"Du 26 mai au 13 juin 2026, trois spectacles prendront l\u2019affiche au Diamant dans le cadre du festival, un \u00e9v\u00e9nement partenaire.","robots":{"index":"index","follow":"follow","max-snippet":"max-snippet:-1","max-image-preview":"max-image-preview:large","max-video-preview":"max-video-preview:-1"},"canonical":"https:\/\/www.lediamant.ca\/fr\/festival-carrefour-2026","og_locale":"fr_FR","og_type":"article","og_title":"Festival Carrefour | Le Diamant","og_description":"Trois spectacles pr\u00e9sent\u00e9s au Diamant","og_url":"https:\/\/www.lediamant.ca\/fr\/festival-carrefour-2026","og_site_name":"Le Diamant","article_publisher":"https:\/\/www.facebook.com\/lediamantqc\/","article_published_time":"2026-03-17T15:05:09+00:00","article_modified_time":"2026-04-26T14:02:26+00:00","og_image":[{"width":1800,"height":900,"url":"https:\/\/www.lediamant.ca\/wp-content\/uploads\/2026\/03\/festival-carrefour-2026-header.jpg","type":"image\/jpeg"}],"author":"Le Diamant","twitter_card":"summary_large_image","twitter_creator":"@lediamant_qc","twitter_site":"@lediamant_qc","twitter_misc":{"\u00c9crit par":"Le Diamant","Dur\u00e9e de lecture estim\u00e9e":"4 minutes"},"schema":{"@context":"https:\/\/schema.org","@graph":[{"@type":"Article","@id":"https:\/\/www.lediamant.ca\/fr\/festival-carrefour-2026#article","isPartOf":{"@id":"https:\/\/www.lediamant.ca\/fr\/festival-carrefour-2026"},"author":{"name":"Le Diamant","@id":"https:\/\/www.lediamant.ca\/fr\/#\/schema\/person\/1df7cc9f6c6e5901ce19062096c025af"},"headline":"Trois spectacles du festival carrefour au Diamant","datePublished":"2026-03-17T15:05:09+00:00","dateModified":"2026-04-26T14:02:26+00:00","mainEntityOfPage":{"@id":"https:\/\/www.lediamant.ca\/fr\/festival-carrefour-2026"},"wordCount":743,"publisher":{"@id":"https:\/\/www.lediamant.ca\/fr\/#organization"},"image":{"@id":"https:\/\/www.lediamant.ca\/fr\/festival-carrefour-2026#primaryimage"},"thumbnailUrl":"https:\/\/www.lediamant.ca\/wp-content\/uploads\/2026\/03\/festival-carrefour-2026-header.jpg","articleSection":["Communiqu\u00e9"],"inLanguage":"fr-FR"},{"@type":"WebPage","@id":"https:\/\/www.lediamant.ca\/fr\/festival-carrefour-2026","url":"https:\/\/www.lediamant.ca\/fr\/festival-carrefour-2026","name":"Trois spectacles du festival carrefour au Diamant - Le Diamant","isPartOf":{"@id":"https:\/\/www.lediamant.ca\/fr\/#website"},"primaryImageOfPage":{"@id":"https:\/\/www.lediamant.ca\/fr\/festival-carrefour-2026#primaryimage"},"image":{"@id":"https:\/\/www.lediamant.ca\/fr\/festival-carrefour-2026#primaryimage"},"thumbnailUrl":"https:\/\/www.lediamant.ca\/wp-content\/uploads\/2026\/03\/festival-carrefour-2026-header.jpg","datePublished":"2026-03-17T15:05:09+00:00","dateModified":"2026-04-26T14:02:26+00:00","description":"Du 26 mai au 13 juin 2026, trois spectacles prendront l\u2019affiche au Diamant dans le cadre du festival, un \u00e9v\u00e9nement partenaire.","breadcrumb":{"@id":"https:\/\/www.lediamant.ca\/fr\/festival-carrefour-2026#breadcrumb"},"inLanguage":"fr-FR","potentialAction":[{"@type":"ReadAction","target":["https:\/\/www.lediamant.ca\/fr\/festival-carrefour-2026"]}]},{"@type":"ImageObject","inLanguage":"fr-FR","@id":"https:\/\/www.lediamant.ca\/fr\/festival-carrefour-2026#primaryimage","url":"https:\/\/www.lediamant.ca\/wp-content\/uploads\/2026\/03\/festival-carrefour-2026-header.jpg","contentUrl":"https:\/\/www.lediamant.ca\/wp-content\/uploads\/2026\/03\/festival-carrefour-2026-header.jpg","width":1800,"height":900},{"@type":"BreadcrumbList","@id":"https:\/\/www.lediamant.ca\/fr\/festival-carrefour-2026#breadcrumb","itemListElement":[{"@type":"ListItem","position":1,"name":"Accueil","item":"https:\/\/www.lediamant.ca\/fr"},{"@type":"ListItem","position":2,"name":"Trois spectacles du festival carrefour au Diamant"}]},{"@type":"WebSite","@id":"https:\/\/www.lediamant.ca\/fr\/#website","url":"https:\/\/www.lediamant.ca\/fr\/","name":"Le Diamant","description":"Salle de spectacle situ\u00e9e \u00e0 place D&#039;Youville, Qu\u00e9bec (Canada). D\u00e9couvrez notre programmation.","publisher":{"@id":"https:\/\/www.lediamant.ca\/fr\/#organization"},"potentialAction":[{"@type":"SearchAction","target":{"@type":"EntryPoint","urlTemplate":"https:\/\/www.lediamant.ca\/fr\/?s={search_term_string}"},"query-input":{"@type":"PropertyValueSpecification","valueRequired":true,"valueName":"search_term_string"}}],"inLanguage":"fr-FR"},{"@type":"Organization","@id":"https:\/\/www.lediamant.ca\/fr\/#organization","name":"Le Diamant","url":"https:\/\/www.lediamant.ca\/fr\/","logo":{"@type":"ImageObject","inLanguage":"fr-FR","@id":"https:\/\/www.lediamant.ca\/fr\/#\/schema\/logo\/image\/","url":"https:\/\/www.lediamant.ca\/wp-content\/uploads\/2023\/05\/le-diamant-logo.png","contentUrl":"https:\/\/www.lediamant.ca\/wp-content\/uploads\/2023\/05\/le-diamant-logo.png","width":1000,"height":750,"caption":"Le Diamant"},"image":{"@id":"https:\/\/www.lediamant.ca\/fr\/#\/schema\/logo\/image\/"},"sameAs":["https:\/\/www.facebook.com\/lediamantqc\/","https:\/\/x.com\/lediamant_qc"]},{"@type":"Person","@id":"https:\/\/www.lediamant.ca\/fr\/#\/schema\/person\/1df7cc9f6c6e5901ce19062096c025af","name":"Le Diamant","image":{"@type":"ImageObject","inLanguage":"fr-FR","@id":"https:\/\/www.lediamant.ca\/fr\/#\/schema\/person\/image\/","url":"https:\/\/secure.gravatar.com\/avatar\/987afa0f07c5e880e415fd6bbdc5cc7ccbd67354d810536804d8f515d64bd014?s=96&d=mm&r=g","contentUrl":"https:\/\/secure.gravatar.com\/avatar\/987afa0f07c5e880e415fd6bbdc5cc7ccbd67354d810536804d8f515d64bd014?s=96&d=mm&r=g","caption":"Le Diamant"}}]}},"_links":{"self":[{"href":"https:\/\/www.lediamant.ca\/fr\/wp-json\/wp\/v2\/posts\/21774","targetHints":{"allow":["GET"]}}],"collection":[{"href":"https:\/\/www.lediamant.ca\/fr\/wp-json\/wp\/v2\/posts"}],"about":[{"href":"https:\/\/www.lediamant.ca\/fr\/wp-json\/wp\/v2\/types\/post"}],"author":[{"embeddable":true,"href":"https:\/\/www.lediamant.ca\/fr\/wp-json\/wp\/v2\/users\/2"}],"replies":[{"embeddable":true,"href":"https:\/\/www.lediamant.ca\/fr\/wp-json\/wp\/v2\/comments?post=21774"}],"version-history":[{"count":18,"href":"https:\/\/www.lediamant.ca\/fr\/wp-json\/wp\/v2\/posts\/21774\/revisions"}],"predecessor-version":[{"id":22175,"href":"https:\/\/www.lediamant.ca\/fr\/wp-json\/wp\/v2\/posts\/21774\/revisions\/22175"}],"wp:featuredmedia":[{"embeddable":true,"href":"https:\/\/www.lediamant.ca\/fr\/wp-json\/wp\/v2\/media\/21791"}],"wp:attachment":[{"href":"https:\/\/www.lediamant.ca\/fr\/wp-json\/wp\/v2\/media?parent=21774"}],"wp:term":[{"taxonomy":"category","embeddable":true,"href":"https:\/\/www.lediamant.ca\/fr\/wp-json\/wp\/v2\/categories?post=21774"},{"taxonomy":"post_tag","embeddable":true,"href":"https:\/\/www.lediamant.ca\/fr\/wp-json\/wp\/v2\/tags?post=21774"}],"curies":[{"name":"wp","href":"https:\/\/api.w.org\/{rel}","templated":true}]}}