{"id":13480,"date":"2024-08-30T11:40:26","date_gmt":"2024-08-30T15:40:26","guid":{"rendered":"https:\/\/www.lediamant.ca\/?p=13480"},"modified":"2024-09-06T14:25:31","modified_gmt":"2024-09-06T18:25:31","slug":"lynda-beaulieu-dans-la-lumiere-de-robert-lepage","status":"publish","type":"post","link":"https:\/\/www.lediamant.ca\/fr\/lynda-beaulieu-dans-la-lumiere-de-robert-lepage","title":{"rendered":"Lynda Beaulieu dans la lumi\u00e8re de Robert Lepage"},"content":{"rendered":"<div class=\"item wysiwyg component-heading\" >\n<h2 class=\"wp-block-heading\">r\u00e9cit num\u00e9rique<\/h2>\n<\/div>\n\n<div class=\"item wysiwyg component-paragraph\" >\n<p>Pour souligner le 5<sup>e<\/sup> anniversaire du Diamant, une \u00e9quipe de Radio-Canada a suivi notre pr\u00e9sidente et cofondatrice, Lynda Beaulieu, pendant plusieurs mois afin de r\u00e9aliser un r\u00e9cit num\u00e9rique. Nul besoin de vous cacher le parcours remarquable de Lynda que vous d\u00e9couvrirez dans ce portrait touchant et authentique.<\/p>\n<\/div>\n\n<div class=\"item wysiwyg component-paragraph\" >\n<p>\u00ab L\u2019ann\u00e9e 2024 est celle o\u00f9 Lynda Beaulieu se sera retrouv\u00e9e sous les projecteurs comme jamais auparavant. Une r\u00e9alit\u00e9 \u00e0 apprivoiser pour cette femme habitu\u00e9e aux coulisses plut\u00f4t qu\u2019\u00e0 l\u2019avant-sc\u00e8ne. \u00bb<\/p>\n<\/div>\n\n<div class=\"item wysiwyg component-paragraph\" >\n<p>Nous vous invitons \u00e0 consulter l&rsquo;int\u00e9gral du <a href=\"https:\/\/ici.radio-canada.ca\/empreintes\/8728\/soeur-robert-lepage-diamant-quebec\" target=\"_blank\" rel=\"noreferrer noopener\">r\u00e9cit num\u00e9rique<\/a> afin d&rsquo;en apprendre davantage sur cette femme de c\u0153ur.<\/p>\n<\/div>\n\n<div class=\"item wysiwyg component-paragraph\" >\n<p>Si vous souhaitez \u00e9couter l&rsquo;entrevue avec Lynda Beaulieu \u00e0 l&rsquo;\u00e9mission <em>C&rsquo;est encore mieux l&rsquo;apr\u00e8s-midi<\/em> \u00e0 Ici Premi\u00e8re, c&rsquo;est <a href=\"https:\/\/ici.radio-canada.ca\/ohdio\/premiere\/emissions\/c-est-encore-mieux-l-apres-midi\/segments\/rattrapage\/1840739\/lynda-beaulieu-bras-droit-robert-lepage\">ici<\/a>.<\/p>\n<\/div>\n\n<div class=\"item wysiwyg component-paragraph\" >\n<p>Vous pouvez \u00e9galement regarder le reportage diffus\u00e9 au T\u00e9l\u00e9journal Qu\u00e9bec le vendredi 30 ao\u00fbt 2024.<\/p>\n<\/div>\n\n<div class=\"item wysiwyg component-embed\" >\n<figure class=\"wp-block-embed is-type-video is-provider-youtube wp-block-embed-youtube wp-embed-aspect-16-9 wp-has-aspect-ratio\"><div class=\"wp-block-embed__wrapper\">\n<iframe loading=\"lazy\" title=\"Lynda Beaulieu dans la lumi\u00e8re de Robert Lepage\" width=\"500\" height=\"281\" src=\"https:\/\/www.youtube.com\/embed\/kl46S575ToY?feature=oembed\" frameborder=\"0\" allow=\"accelerometer; autoplay; clipboard-write; encrypted-media; gyroscope; picture-in-picture; web-share\" referrerpolicy=\"strict-origin-when-cross-origin\" allowfullscreen><\/iframe>\n<\/div><\/figure>\n<\/div>","protected":false},"excerpt":{"rendered":"Pour souligner le 5e anniversaire du Diamant, une \u00e9quipe de Radio-Canada a suivi notre pr\u00e9sidente et cofondatrice, Lynda Beaulieu, pendant plusieurs mois afin de r\u00e9aliser un r\u00e9cit num\u00e9rique.","protected":false},"author":2,"featured_media":13481,"comment_status":"closed","ping_status":"closed","sticky":false,"template":"","format":"standard","meta":{"_acf_changed":false,"footnotes":""},"categories":[50],"tags":[],"class_list":["post-13480","post","type-post","status-publish","format-standard","has-post-thumbnail","hentry","category-article"],"acf":[],"yoast_head":"<!-- This site is optimized with the Yoast SEO plugin v26.5 - https:\/\/yoast.com\/wordpress\/plugins\/seo\/ -->\n<title>Lynda Beaulieu dans la lumi\u00e8re de Robert Lepage - Le Diamant<\/title>\n<meta name=\"description\" content=\"Pour souligner le 5e anniversaire du Diamant, une \u00e9quipe de Radio-Canada a suivi notre pr\u00e9sidente et cofondatrice, Lynda Beaulieu.\" \/>\n<meta name=\"robots\" content=\"index, follow, max-snippet:-1, max-image-preview:large, max-video-preview:-1\" \/>\n<link rel=\"canonical\" href=\"https:\/\/www.lediamant.ca\/fr\/lynda-beaulieu-dans-la-lumiere-de-robert-lepage\" \/>\n<meta property=\"og:locale\" content=\"fr_FR\" \/>\n<meta property=\"og:type\" content=\"article\" \/>\n<meta property=\"og:title\" content=\"Lynda Beaulieu dans la lumi\u00e8re de Robert Lepage\" \/>\n<meta property=\"og:description\" content=\"Le Diamant\" \/>\n<meta property=\"og:url\" content=\"https:\/\/www.lediamant.ca\/fr\/lynda-beaulieu-dans-la-lumiere-de-robert-lepage\" \/>\n<meta property=\"og:site_name\" content=\"Le Diamant\" \/>\n<meta property=\"article:publisher\" content=\"https:\/\/www.facebook.com\/lediamantqc\/\" \/>\n<meta property=\"article:published_time\" content=\"2024-08-30T15:40:26+00:00\" \/>\n<meta property=\"article:modified_time\" content=\"2024-09-06T18:25:31+00:00\" \/>\n<meta property=\"og:image\" content=\"https:\/\/www.lediamant.ca\/wp-content\/uploads\/2024\/08\/empreintes-radio-canada-lynda-beaulieu-16x9-1.jpg\" \/>\n\t<meta property=\"og:image:width\" content=\"1500\" \/>\n\t<meta property=\"og:image:height\" content=\"844\" \/>\n\t<meta property=\"og:image:type\" content=\"image\/jpeg\" \/>\n<meta name=\"author\" content=\"Le Diamant\" \/>\n<meta name=\"twitter:card\" content=\"summary_large_image\" \/>\n<meta name=\"twitter:creator\" content=\"@lediamant_qc\" \/>\n<meta name=\"twitter:site\" content=\"@lediamant_qc\" \/>\n<meta name=\"twitter:label1\" content=\"\u00c9crit par\" \/>\n\t<meta name=\"twitter:data1\" content=\"Le Diamant\" \/>\n\t<meta name=\"twitter:label2\" content=\"Dur\u00e9e de lecture estim\u00e9e\" \/>\n\t<meta name=\"twitter:data2\" content=\"1 minute\" \/>\n<script type=\"application\/ld+json\" class=\"yoast-schema-graph\">{\"@context\":\"https:\/\/schema.org\",\"@graph\":[{\"@type\":\"Article\",\"@id\":\"https:\/\/www.lediamant.ca\/fr\/lynda-beaulieu-dans-la-lumiere-de-robert-lepage#article\",\"isPartOf\":{\"@id\":\"https:\/\/www.lediamant.ca\/fr\/lynda-beaulieu-dans-la-lumiere-de-robert-lepage\"},\"author\":{\"name\":\"Le Diamant\",\"@id\":\"https:\/\/www.lediamant.ca\/fr\/#\/schema\/person\/1df7cc9f6c6e5901ce19062096c025af\"},\"headline\":\"Lynda Beaulieu dans la lumi\u00e8re de Robert Lepage\",\"datePublished\":\"2024-08-30T15:40:26+00:00\",\"dateModified\":\"2024-09-06T18:25:31+00:00\",\"mainEntityOfPage\":{\"@id\":\"https:\/\/www.lediamant.ca\/fr\/lynda-beaulieu-dans-la-lumiere-de-robert-lepage\"},\"wordCount\":175,\"publisher\":{\"@id\":\"https:\/\/www.lediamant.ca\/fr\/#organization\"},\"image\":{\"@id\":\"https:\/\/www.lediamant.ca\/fr\/lynda-beaulieu-dans-la-lumiere-de-robert-lepage#primaryimage\"},\"thumbnailUrl\":\"https:\/\/www.lediamant.ca\/wp-content\/uploads\/2024\/08\/empreintes-radio-canada-lynda-beaulieu-1x1-1.jpg\",\"articleSection\":[\"Article\"],\"inLanguage\":\"fr-FR\"},{\"@type\":\"WebPage\",\"@id\":\"https:\/\/www.lediamant.ca\/fr\/lynda-beaulieu-dans-la-lumiere-de-robert-lepage\",\"url\":\"https:\/\/www.lediamant.ca\/fr\/lynda-beaulieu-dans-la-lumiere-de-robert-lepage\",\"name\":\"Lynda Beaulieu dans la lumi\u00e8re de Robert Lepage - Le Diamant\",\"isPartOf\":{\"@id\":\"https:\/\/www.lediamant.ca\/fr\/#website\"},\"primaryImageOfPage\":{\"@id\":\"https:\/\/www.lediamant.ca\/fr\/lynda-beaulieu-dans-la-lumiere-de-robert-lepage#primaryimage\"},\"image\":{\"@id\":\"https:\/\/www.lediamant.ca\/fr\/lynda-beaulieu-dans-la-lumiere-de-robert-lepage#primaryimage\"},\"thumbnailUrl\":\"https:\/\/www.lediamant.ca\/wp-content\/uploads\/2024\/08\/empreintes-radio-canada-lynda-beaulieu-1x1-1.jpg\",\"datePublished\":\"2024-08-30T15:40:26+00:00\",\"dateModified\":\"2024-09-06T18:25:31+00:00\",\"description\":\"Pour souligner le 5e anniversaire du Diamant, une \u00e9quipe de Radio-Canada a suivi notre pr\u00e9sidente et cofondatrice, Lynda Beaulieu.\",\"breadcrumb\":{\"@id\":\"https:\/\/www.lediamant.ca\/fr\/lynda-beaulieu-dans-la-lumiere-de-robert-lepage#breadcrumb\"},\"inLanguage\":\"fr-FR\",\"potentialAction\":[{\"@type\":\"ReadAction\",\"target\":[\"https:\/\/www.lediamant.ca\/fr\/lynda-beaulieu-dans-la-lumiere-de-robert-lepage\"]}]},{\"@type\":\"ImageObject\",\"inLanguage\":\"fr-FR\",\"@id\":\"https:\/\/www.lediamant.ca\/fr\/lynda-beaulieu-dans-la-lumiere-de-robert-lepage#primaryimage\",\"url\":\"https:\/\/www.lediamant.ca\/wp-content\/uploads\/2024\/08\/empreintes-radio-canada-lynda-beaulieu-1x1-1.jpg\",\"contentUrl\":\"https:\/\/www.lediamant.ca\/wp-content\/uploads\/2024\/08\/empreintes-radio-canada-lynda-beaulieu-1x1-1.jpg\",\"width\":1500,\"height\":1500},{\"@type\":\"BreadcrumbList\",\"@id\":\"https:\/\/www.lediamant.ca\/fr\/lynda-beaulieu-dans-la-lumiere-de-robert-lepage#breadcrumb\",\"itemListElement\":[{\"@type\":\"ListItem\",\"position\":1,\"name\":\"Accueil\",\"item\":\"https:\/\/www.lediamant.ca\/fr\"},{\"@type\":\"ListItem\",\"position\":2,\"name\":\"Lynda Beaulieu dans la lumi\u00e8re de Robert Lepage\"}]},{\"@type\":\"WebSite\",\"@id\":\"https:\/\/www.lediamant.ca\/fr\/#website\",\"url\":\"https:\/\/www.lediamant.ca\/fr\/\",\"name\":\"Le Diamant\",\"description\":\"Salle de spectacle situ\u00e9e \u00e0 place D&#039;Youville, Qu\u00e9bec (Canada). D\u00e9couvrez notre programmation.\",\"publisher\":{\"@id\":\"https:\/\/www.lediamant.ca\/fr\/#organization\"},\"potentialAction\":[{\"@type\":\"SearchAction\",\"target\":{\"@type\":\"EntryPoint\",\"urlTemplate\":\"https:\/\/www.lediamant.ca\/fr\/?s={search_term_string}\"},\"query-input\":{\"@type\":\"PropertyValueSpecification\",\"valueRequired\":true,\"valueName\":\"search_term_string\"}}],\"inLanguage\":\"fr-FR\"},{\"@type\":\"Organization\",\"@id\":\"https:\/\/www.lediamant.ca\/fr\/#organization\",\"name\":\"Le Diamant\",\"url\":\"https:\/\/www.lediamant.ca\/fr\/\",\"logo\":{\"@type\":\"ImageObject\",\"inLanguage\":\"fr-FR\",\"@id\":\"https:\/\/www.lediamant.ca\/fr\/#\/schema\/logo\/image\/\",\"url\":\"https:\/\/www.lediamant.ca\/wp-content\/uploads\/2023\/05\/le-diamant-logo.png\",\"contentUrl\":\"https:\/\/www.lediamant.ca\/wp-content\/uploads\/2023\/05\/le-diamant-logo.png\",\"width\":1000,\"height\":750,\"caption\":\"Le Diamant\"},\"image\":{\"@id\":\"https:\/\/www.lediamant.ca\/fr\/#\/schema\/logo\/image\/\"},\"sameAs\":[\"https:\/\/www.facebook.com\/lediamantqc\/\",\"https:\/\/x.com\/lediamant_qc\"]},{\"@type\":\"Person\",\"@id\":\"https:\/\/www.lediamant.ca\/fr\/#\/schema\/person\/1df7cc9f6c6e5901ce19062096c025af\",\"name\":\"Le Diamant\",\"image\":{\"@type\":\"ImageObject\",\"inLanguage\":\"fr-FR\",\"@id\":\"https:\/\/www.lediamant.ca\/fr\/#\/schema\/person\/image\/\",\"url\":\"https:\/\/secure.gravatar.com\/avatar\/987afa0f07c5e880e415fd6bbdc5cc7ccbd67354d810536804d8f515d64bd014?s=96&d=mm&r=g\",\"contentUrl\":\"https:\/\/secure.gravatar.com\/avatar\/987afa0f07c5e880e415fd6bbdc5cc7ccbd67354d810536804d8f515d64bd014?s=96&d=mm&r=g\",\"caption\":\"Le Diamant\"}}]}<\/script>\n<!-- \/ Yoast SEO plugin. -->","yoast_head_json":{"title":"Lynda Beaulieu dans la lumi\u00e8re de Robert Lepage - Le Diamant","description":"Pour souligner le 5e anniversaire du Diamant, une \u00e9quipe de Radio-Canada a suivi notre pr\u00e9sidente et cofondatrice, Lynda Beaulieu.","robots":{"index":"index","follow":"follow","max-snippet":"max-snippet:-1","max-image-preview":"max-image-preview:large","max-video-preview":"max-video-preview:-1"},"canonical":"https:\/\/www.lediamant.ca\/fr\/lynda-beaulieu-dans-la-lumiere-de-robert-lepage","og_locale":"fr_FR","og_type":"article","og_title":"Lynda Beaulieu dans la lumi\u00e8re de Robert Lepage","og_description":"Le Diamant","og_url":"https:\/\/www.lediamant.ca\/fr\/lynda-beaulieu-dans-la-lumiere-de-robert-lepage","og_site_name":"Le Diamant","article_publisher":"https:\/\/www.facebook.com\/lediamantqc\/","article_published_time":"2024-08-30T15:40:26+00:00","article_modified_time":"2024-09-06T18:25:31+00:00","og_image":[{"width":1500,"height":844,"url":"https:\/\/www.lediamant.ca\/wp-content\/uploads\/2024\/08\/empreintes-radio-canada-lynda-beaulieu-16x9-1.jpg","type":"image\/jpeg"}],"author":"Le Diamant","twitter_card":"summary_large_image","twitter_creator":"@lediamant_qc","twitter_site":"@lediamant_qc","twitter_misc":{"\u00c9crit par":"Le Diamant","Dur\u00e9e de lecture estim\u00e9e":"1 minute"},"schema":{"@context":"https:\/\/schema.org","@graph":[{"@type":"Article","@id":"https:\/\/www.lediamant.ca\/fr\/lynda-beaulieu-dans-la-lumiere-de-robert-lepage#article","isPartOf":{"@id":"https:\/\/www.lediamant.ca\/fr\/lynda-beaulieu-dans-la-lumiere-de-robert-lepage"},"author":{"name":"Le Diamant","@id":"https:\/\/www.lediamant.ca\/fr\/#\/schema\/person\/1df7cc9f6c6e5901ce19062096c025af"},"headline":"Lynda Beaulieu dans la lumi\u00e8re de Robert Lepage","datePublished":"2024-08-30T15:40:26+00:00","dateModified":"2024-09-06T18:25:31+00:00","mainEntityOfPage":{"@id":"https:\/\/www.lediamant.ca\/fr\/lynda-beaulieu-dans-la-lumiere-de-robert-lepage"},"wordCount":175,"publisher":{"@id":"https:\/\/www.lediamant.ca\/fr\/#organization"},"image":{"@id":"https:\/\/www.lediamant.ca\/fr\/lynda-beaulieu-dans-la-lumiere-de-robert-lepage#primaryimage"},"thumbnailUrl":"https:\/\/www.lediamant.ca\/wp-content\/uploads\/2024\/08\/empreintes-radio-canada-lynda-beaulieu-1x1-1.jpg","articleSection":["Article"],"inLanguage":"fr-FR"},{"@type":"WebPage","@id":"https:\/\/www.lediamant.ca\/fr\/lynda-beaulieu-dans-la-lumiere-de-robert-lepage","url":"https:\/\/www.lediamant.ca\/fr\/lynda-beaulieu-dans-la-lumiere-de-robert-lepage","name":"Lynda Beaulieu dans la lumi\u00e8re de Robert Lepage - Le Diamant","isPartOf":{"@id":"https:\/\/www.lediamant.ca\/fr\/#website"},"primaryImageOfPage":{"@id":"https:\/\/www.lediamant.ca\/fr\/lynda-beaulieu-dans-la-lumiere-de-robert-lepage#primaryimage"},"image":{"@id":"https:\/\/www.lediamant.ca\/fr\/lynda-beaulieu-dans-la-lumiere-de-robert-lepage#primaryimage"},"thumbnailUrl":"https:\/\/www.lediamant.ca\/wp-content\/uploads\/2024\/08\/empreintes-radio-canada-lynda-beaulieu-1x1-1.jpg","datePublished":"2024-08-30T15:40:26+00:00","dateModified":"2024-09-06T18:25:31+00:00","description":"Pour souligner le 5e anniversaire du Diamant, une \u00e9quipe de Radio-Canada a suivi notre pr\u00e9sidente et cofondatrice, Lynda Beaulieu.","breadcrumb":{"@id":"https:\/\/www.lediamant.ca\/fr\/lynda-beaulieu-dans-la-lumiere-de-robert-lepage#breadcrumb"},"inLanguage":"fr-FR","potentialAction":[{"@type":"ReadAction","target":["https:\/\/www.lediamant.ca\/fr\/lynda-beaulieu-dans-la-lumiere-de-robert-lepage"]}]},{"@type":"ImageObject","inLanguage":"fr-FR","@id":"https:\/\/www.lediamant.ca\/fr\/lynda-beaulieu-dans-la-lumiere-de-robert-lepage#primaryimage","url":"https:\/\/www.lediamant.ca\/wp-content\/uploads\/2024\/08\/empreintes-radio-canada-lynda-beaulieu-1x1-1.jpg","contentUrl":"https:\/\/www.lediamant.ca\/wp-content\/uploads\/2024\/08\/empreintes-radio-canada-lynda-beaulieu-1x1-1.jpg","width":1500,"height":1500},{"@type":"BreadcrumbList","@id":"https:\/\/www.lediamant.ca\/fr\/lynda-beaulieu-dans-la-lumiere-de-robert-lepage#breadcrumb","itemListElement":[{"@type":"ListItem","position":1,"name":"Accueil","item":"https:\/\/www.lediamant.ca\/fr"},{"@type":"ListItem","position":2,"name":"Lynda Beaulieu dans la lumi\u00e8re de Robert Lepage"}]},{"@type":"WebSite","@id":"https:\/\/www.lediamant.ca\/fr\/#website","url":"https:\/\/www.lediamant.ca\/fr\/","name":"Le Diamant","description":"Salle de spectacle situ\u00e9e \u00e0 place D&#039;Youville, Qu\u00e9bec (Canada). D\u00e9couvrez notre programmation.","publisher":{"@id":"https:\/\/www.lediamant.ca\/fr\/#organization"},"potentialAction":[{"@type":"SearchAction","target":{"@type":"EntryPoint","urlTemplate":"https:\/\/www.lediamant.ca\/fr\/?s={search_term_string}"},"query-input":{"@type":"PropertyValueSpecification","valueRequired":true,"valueName":"search_term_string"}}],"inLanguage":"fr-FR"},{"@type":"Organization","@id":"https:\/\/www.lediamant.ca\/fr\/#organization","name":"Le Diamant","url":"https:\/\/www.lediamant.ca\/fr\/","logo":{"@type":"ImageObject","inLanguage":"fr-FR","@id":"https:\/\/www.lediamant.ca\/fr\/#\/schema\/logo\/image\/","url":"https:\/\/www.lediamant.ca\/wp-content\/uploads\/2023\/05\/le-diamant-logo.png","contentUrl":"https:\/\/www.lediamant.ca\/wp-content\/uploads\/2023\/05\/le-diamant-logo.png","width":1000,"height":750,"caption":"Le Diamant"},"image":{"@id":"https:\/\/www.lediamant.ca\/fr\/#\/schema\/logo\/image\/"},"sameAs":["https:\/\/www.facebook.com\/lediamantqc\/","https:\/\/x.com\/lediamant_qc"]},{"@type":"Person","@id":"https:\/\/www.lediamant.ca\/fr\/#\/schema\/person\/1df7cc9f6c6e5901ce19062096c025af","name":"Le Diamant","image":{"@type":"ImageObject","inLanguage":"fr-FR","@id":"https:\/\/www.lediamant.ca\/fr\/#\/schema\/person\/image\/","url":"https:\/\/secure.gravatar.com\/avatar\/987afa0f07c5e880e415fd6bbdc5cc7ccbd67354d810536804d8f515d64bd014?s=96&d=mm&r=g","contentUrl":"https:\/\/secure.gravatar.com\/avatar\/987afa0f07c5e880e415fd6bbdc5cc7ccbd67354d810536804d8f515d64bd014?s=96&d=mm&r=g","caption":"Le Diamant"}}]}},"_links":{"self":[{"href":"https:\/\/www.lediamant.ca\/fr\/wp-json\/wp\/v2\/posts\/13480","targetHints":{"allow":["GET"]}}],"collection":[{"href":"https:\/\/www.lediamant.ca\/fr\/wp-json\/wp\/v2\/posts"}],"about":[{"href":"https:\/\/www.lediamant.ca\/fr\/wp-json\/wp\/v2\/types\/post"}],"author":[{"embeddable":true,"href":"https:\/\/www.lediamant.ca\/fr\/wp-json\/wp\/v2\/users\/2"}],"replies":[{"embeddable":true,"href":"https:\/\/www.lediamant.ca\/fr\/wp-json\/wp\/v2\/comments?post=13480"}],"version-history":[{"count":16,"href":"https:\/\/www.lediamant.ca\/fr\/wp-json\/wp\/v2\/posts\/13480\/revisions"}],"predecessor-version":[{"id":13543,"href":"https:\/\/www.lediamant.ca\/fr\/wp-json\/wp\/v2\/posts\/13480\/revisions\/13543"}],"wp:featuredmedia":[{"embeddable":true,"href":"https:\/\/www.lediamant.ca\/fr\/wp-json\/wp\/v2\/media\/13481"}],"wp:attachment":[{"href":"https:\/\/www.lediamant.ca\/fr\/wp-json\/wp\/v2\/media?parent=13480"}],"wp:term":[{"taxonomy":"category","embeddable":true,"href":"https:\/\/www.lediamant.ca\/fr\/wp-json\/wp\/v2\/categories?post=13480"},{"taxonomy":"post_tag","embeddable":true,"href":"https:\/\/www.lediamant.ca\/fr\/wp-json\/wp\/v2\/tags?post=13480"}],"curies":[{"name":"wp","href":"https:\/\/api.w.org\/{rel}","templated":true}]}}