{"id":12503,"date":"2024-07-04T15:48:20","date_gmt":"2024-07-04T19:48:20","guid":{"rendered":"https:\/\/www.lediamant.ca\/?p=12503"},"modified":"2024-07-08T13:22:30","modified_gmt":"2024-07-08T17:22:30","slug":"devoilement-des-pierres-precieuses-du-diamant","status":"publish","type":"post","link":"https:\/\/www.lediamant.ca\/fr\/devoilement-des-pierres-precieuses-du-diamant","title":{"rendered":"D\u00e9voilement des Pierres pr\u00e9cieuses du Diamant"},"content":{"rendered":"<div class=\"item wysiwyg component-paragraph\" >\n<p>Le jeudi 20 juin, Le Diamant a inaugur\u00e9<em> Les Pierres pr\u00e9cieuses<\/em>, un nouveau programme de reconnaissance visant \u00e0 r\u00e9unir les m\u00e9c\u00e8nes qui ont \u00e0 c\u0153ur la mission et le rayonnement du lieu. Jusqu&rsquo;\u00e0 maintenant, plus de 30 personnes se sont engag\u00e9es \u00e0 soutenir Le Diamant par un don annuel de 5000 $ pendant une p\u00e9riode de 5 ans, \u00e0 l\u2019occasion de son 5<sup>e<\/sup> anniversaire. <\/p>\n<\/div>\n\n<div class=\"item component-spacer\" ><div class=\"container\">\n<div style=\"height:25px\" aria-hidden=\"true\" class=\"wp-block-spacer\"><\/div>\n<\/div><\/div>\n\n<div class=\"item wysiwyg component-image\" >\n<figure class=\"wp-block-image size-large\"><img decoding=\"async\" width=\"1024\" height=\"683\" src=\"https:\/\/www.lediamant.ca\/wp-content\/uploads\/2024\/06\/Pierres-Precieuse-groupe-1024x683.jpg\" alt=\"\" class=\"wp-image-12597\"\/ loading=\"lazy\" srcset=\"https:\/\/www.lediamant.ca\/wp-content\/uploads\/2024\/06\/Pierres-Precieuse-groupe-1024x683.jpg 1024w, https:\/\/www.lediamant.ca\/wp-content\/uploads\/2024\/06\/Pierres-Precieuse-groupe-700x467.jpg 700w, https:\/\/www.lediamant.ca\/wp-content\/uploads\/2024\/06\/Pierres-Precieuse-groupe-768x512.jpg 768w, https:\/\/www.lediamant.ca\/wp-content\/uploads\/2024\/06\/Pierres-Precieuse-groupe-1536x1025.jpg 1536w, https:\/\/www.lediamant.ca\/wp-content\/uploads\/2024\/06\/Pierres-Precieuse-groupe-400x267.jpg 400w, https:\/\/www.lediamant.ca\/wp-content\/uploads\/2024\/06\/Pierres-Precieuse-groupe.jpg 2000w\" sizes=\"auto, (max-width: 1024px) 100vw, 1024px\" \/><figcaption class=\"wp-element-caption\">Photo \u2014 Catherine T\u00e9treault<\/figcaption><\/figure>\n<\/div>\n\n<div class=\"item wysiwyg component-heading\" >\n<h2 class=\"wp-block-heading\">LEs pierres pr\u00e9cieuses<\/h2>\n<\/div>\n\n<div class=\"item wysiwyg component-paragraph\" >\n<p>Lors de la soir\u00e9e, la cofondatrice et pr\u00e9sidente, Lynda Beaulieu, le cofondateur et directeur artistique, Robert Lepage, ainsi que leur invit\u00e9, Pierre-Yves Cardinal, ont pris la parole pour souligner leur engagement. Plusieurs d&rsquo;entre elles \u00e9taient pr\u00e9sentes pour c\u00e9l\u00e9brer l&rsquo;inauguration officielle. Afin de remercier les m\u00e9c\u00e8nes, des dalles exclusives ont \u00e9t\u00e9 int\u00e9gr\u00e9es sur notre Toit-terrasse.&nbsp;Gr\u00e2ce \u00e0 leur engagement, Le Diamant continuera de remplir ses promesses.<\/p>\n<\/div>\n\n<div class=\"item wysiwyg component-images-slider\" >    <div class=\"js-images-slider images-slider images-slider--landscape\">\n\n        <nav data-slider-nav class=\"images-slider__navigation\" data-aria-label=\"Navigation du carrousel\">\n                            <button type=\"button\" aria-label=\"Pr\u00e9c\u00e9dent\" class=\"images-slider__chevron images-slider__chevron--prev\">\n                    <svg aria-hidden=\"true\" focusable=\"false\" width=\"20\" height=\"62\">\n                        <use xlink:href=\"#ico-arrow-right-2\"><\/use>\n                    <\/svg>\n                <\/button>\n                <button type=\"button\" aria-label=\"Suivant\" class=\"images-slider__chevron images-slider__chevron--next\">\n                    <svg aria-hidden=\"true\" focusable=\"false\" width=\"20\" height=\"62\">\n                        <use xlink:href=\"#ico-arrow-right-2\"><\/use>\n                    <\/svg>\n                <\/button>\n                    <\/nav>\n        <div class=\"images-slider__wrapper\" data-slider-items role=\"list\">\n                                            <div class=\"images-slider__item\">\n                    <img decoding=\"async\" src=\"https:\/\/www.lediamant.ca\/wp-content\/uploads\/2024\/07\/PP-02.jpg\" data-src=\"https:\/\/www.lediamant.ca\/wp-content\/uploads\/2024\/07\/PP-02.jpg\" alt=\"\" class=\"images-slider__img tns-lazy-img\" loading=\"lazy\">\n                                    <\/div>\n                                            <div class=\"images-slider__item\">\n                    <img decoding=\"async\" src=\"\" data-src=\"https:\/\/www.lediamant.ca\/wp-content\/uploads\/2024\/07\/PP-03.jpg\" alt=\"\" class=\"images-slider__img tns-lazy-img\" loading=\"lazy\">\n                                    <\/div>\n                                            <div class=\"images-slider__item\">\n                    <img decoding=\"async\" src=\"\" data-src=\"https:\/\/www.lediamant.ca\/wp-content\/uploads\/2024\/07\/PP-26.jpg\" alt=\"\" class=\"images-slider__img tns-lazy-img\" loading=\"lazy\">\n                                    <\/div>\n                                            <div class=\"images-slider__item\">\n                    <img decoding=\"async\" src=\"\" data-src=\"https:\/\/www.lediamant.ca\/wp-content\/uploads\/2024\/07\/PP-07.jpg\" alt=\"\" class=\"images-slider__img tns-lazy-img\" loading=\"lazy\">\n                                    <\/div>\n                                            <div class=\"images-slider__item\">\n                    <img decoding=\"async\" src=\"\" data-src=\"https:\/\/www.lediamant.ca\/wp-content\/uploads\/2024\/07\/PP-10.jpg\" alt=\"\" class=\"images-slider__img tns-lazy-img\" loading=\"lazy\">\n                                    <\/div>\n                                            <div class=\"images-slider__item\">\n                    <img decoding=\"async\" src=\"\" data-src=\"https:\/\/www.lediamant.ca\/wp-content\/uploads\/2024\/07\/PP-13.jpg\" alt=\"\" class=\"images-slider__img tns-lazy-img\" loading=\"lazy\">\n                                    <\/div>\n                                            <div class=\"images-slider__item\">\n                    <img decoding=\"async\" src=\"\" data-src=\"https:\/\/www.lediamant.ca\/wp-content\/uploads\/2024\/07\/PP-28.jpg\" alt=\"\" class=\"images-slider__img tns-lazy-img\" loading=\"lazy\">\n                                    <\/div>\n                                            <div class=\"images-slider__item\">\n                    <img decoding=\"async\" src=\"\" data-src=\"https:\/\/www.lediamant.ca\/wp-content\/uploads\/2024\/07\/PP-15.jpg\" alt=\"\" class=\"images-slider__img tns-lazy-img\" loading=\"lazy\">\n                                    <\/div>\n                                            <div class=\"images-slider__item\">\n                    <img decoding=\"async\" src=\"\" data-src=\"https:\/\/www.lediamant.ca\/wp-content\/uploads\/2024\/07\/PP-17.jpg\" alt=\"\" class=\"images-slider__img tns-lazy-img\" loading=\"lazy\">\n                                    <\/div>\n                                            <div class=\"images-slider__item\">\n                    <img decoding=\"async\" src=\"\" data-src=\"https:\/\/www.lediamant.ca\/wp-content\/uploads\/2024\/07\/PP-09.jpg\" alt=\"\" class=\"images-slider__img tns-lazy-img\" loading=\"lazy\">\n                                    <\/div>\n                                            <div class=\"images-slider__item\">\n                    <img decoding=\"async\" src=\"\" data-src=\"https:\/\/www.lediamant.ca\/wp-content\/uploads\/2024\/07\/PP-18.jpg\" alt=\"\" class=\"images-slider__img tns-lazy-img\" loading=\"lazy\">\n                                    <\/div>\n                                            <div class=\"images-slider__item\">\n                    <img decoding=\"async\" src=\"\" data-src=\"https:\/\/www.lediamant.ca\/wp-content\/uploads\/2024\/07\/PP-19.jpg\" alt=\"\" class=\"images-slider__img tns-lazy-img\" loading=\"lazy\">\n                                    <\/div>\n                                            <div class=\"images-slider__item\">\n                    <img decoding=\"async\" src=\"\" data-src=\"https:\/\/www.lediamant.ca\/wp-content\/uploads\/2024\/07\/PP-20.jpg\" alt=\"\" class=\"images-slider__img tns-lazy-img\" loading=\"lazy\">\n                                    <\/div>\n                                            <div class=\"images-slider__item\">\n                    <img decoding=\"async\" src=\"\" data-src=\"https:\/\/www.lediamant.ca\/wp-content\/uploads\/2024\/07\/PP-21.jpg\" alt=\"\" class=\"images-slider__img tns-lazy-img\" loading=\"lazy\">\n                                    <\/div>\n                                            <div class=\"images-slider__item\">\n                    <img decoding=\"async\" src=\"\" data-src=\"https:\/\/www.lediamant.ca\/wp-content\/uploads\/2024\/07\/PP-23.jpg\" alt=\"\" class=\"images-slider__img tns-lazy-img\" loading=\"lazy\">\n                                    <\/div>\n                                            <div class=\"images-slider__item\">\n                    <img decoding=\"async\" src=\"\" data-src=\"https:\/\/www.lediamant.ca\/wp-content\/uploads\/2024\/07\/PP-25.jpg\" alt=\"\" class=\"images-slider__img tns-lazy-img\" loading=\"lazy\">\n                                    <\/div>\n                                            <div class=\"images-slider__item\">\n                    <img decoding=\"async\" src=\"\" data-src=\"https:\/\/www.lediamant.ca\/wp-content\/uploads\/2024\/07\/PP-11.jpg\" alt=\"\" class=\"images-slider__img tns-lazy-img\" loading=\"lazy\">\n                                    <\/div>\n                                            <div class=\"images-slider__item\">\n                    <img decoding=\"async\" src=\"\" data-src=\"https:\/\/www.lediamant.ca\/wp-content\/uploads\/2024\/07\/PP-01.jpg\" alt=\"\" class=\"images-slider__img tns-lazy-img\" loading=\"lazy\">\n                                    <\/div>\n                    <\/div>\n    <\/div>\n<\/div>\n\n<div class=\"item wysiwyg component-paragraph\" >\n<p>En ordre alphab\u00e9tique, voici les Pierres pr\u00e9cieuses du Diamant, \u00e0 ce jour :<\/p>\n<\/div>\n\n<div class=\"item wysiwyg component-paragraph\" >\n<p>Lynda Beaulieu, Louise Bourgeois, Marthe Bourgeois, Bernard Brun, Jean-Fran\u00e7ois Chalifoux, Claude Choquette, Andr\u00e9 Couture, Marie-France Delisle, H\u00e9l\u00e8ne Dufresne, Jos\u00e9e Fiset, Andr\u00e9 Fortin &amp; Julie Suzanne Doyon, Hugo Germain &amp; Jean-Yves Germain, St\u00e9phane Guillot, Britta Kr\u00f6ger, Bernard Labelle, Famille Laflamme, Jean-Pierre L\u00e9ger, Robert Lepage, Famille Marcon-Campeau, Christine Michaud, Genevi\u00e8ve Parent, Evan Price, Constance Raymond &amp; Jean-Fran\u00e7oys Brousseau, Claudine Roy, Peter Simons, Richard Speer, Jean St-Gelais, Jacques Tanguay, Martine Turcotte, Les Associ\u00e9s de Mallette.<\/p>\n<\/div>\n\n<div class=\"item wysiwyg component-heading\" >\n<h2 class=\"wp-block-heading\">UNE DALLE \u00c0 VOTRE NOM<\/h2>\n<\/div>\n\n<div class=\"item wysiwyg component-paragraph\" >\n<p>Si vous aussi avez \u00e0 c\u0153ur la mission et le rayonnement du Diamant et souhaitez avoir plus d&rsquo;information au sujet des Pierres pr\u00e9cieuses, vous pouvez \u00e9crire \u00e0 <a href=\"mailto:info@lediamant.ca?subject=Les%20Pierres%20pr\u00e9cieuses\" target=\"_blank\" rel=\"noreferrer noopener\">info@lediamant.ca<\/a> ou consulter <a href=\"https:\/\/www.lediamant.ca\/fr\/soutenir-le-diamant#pierres-precieuses\">Soutenir Le Diamant<\/a>.<\/p>\n<\/div>\n\n<div class=\"item component-spacer\" ><div class=\"container\">\n<div style=\"height:15px\" aria-hidden=\"true\" class=\"wp-block-spacer\"><\/div>\n<\/div><\/div>\n\n<div class=\"item wysiwyg component-embed\" >\n<figure class=\"wp-block-embed is-type-video is-provider-youtube wp-block-embed-youtube wp-embed-aspect-16-9 wp-has-aspect-ratio\"><div class=\"wp-block-embed__wrapper\">\n<iframe loading=\"lazy\" title=\"Les Pierres pr\u00e9cieuses - Inauguration | Le Diamant\" width=\"500\" height=\"281\" src=\"https:\/\/www.youtube.com\/embed\/g5pzjwqvzrs?feature=oembed\" frameborder=\"0\" allow=\"accelerometer; autoplay; clipboard-write; encrypted-media; gyroscope; picture-in-picture; web-share\" referrerpolicy=\"strict-origin-when-cross-origin\" allowfullscreen><\/iframe>\n<\/div><\/figure>\n<\/div>","protected":false},"excerpt":{"rendered":"Le jeudi 20 juin, Le Diamant a organis\u00e9 un \u00e9v\u00e9nement priv\u00e9 sur le Toit-terrasse afin de d\u00e9voiler au grand public Les Pierres pr\u00e9cieuses du Diamant, un nouveau programme de reconnaissance visant \u00e0 r\u00e9unir les m\u00e9c\u00e8nes qui ont \u00e0 c\u0153ur la mission et le rayonnement du Diamant.","protected":false},"author":2,"featured_media":12721,"comment_status":"closed","ping_status":"closed","sticky":false,"template":"","format":"standard","meta":{"_acf_changed":false,"footnotes":""},"categories":[43],"tags":[],"class_list":["post-12503","post","type-post","status-publish","format-standard","has-post-thumbnail","hentry","category-communique"],"acf":[],"yoast_head":"<!-- This site is optimized with the Yoast SEO plugin v26.5 - https:\/\/yoast.com\/wordpress\/plugins\/seo\/ -->\n<title>D\u00e9voilement des Pierres pr\u00e9cieuses du Diamant - Le Diamant<\/title>\n<meta name=\"description\" content=\"Le jeudi 20 juin, Le Diamant a organis\u00e9 un \u00e9v\u00e9nement priv\u00e9 sur le Toit-terrasse afin de d\u00e9voiler au grand public Les Pierres pr\u00e9cieuses du Diamant.\" \/>\n<meta name=\"robots\" content=\"index, follow, max-snippet:-1, max-image-preview:large, max-video-preview:-1\" \/>\n<link rel=\"canonical\" href=\"https:\/\/www.lediamant.ca\/fr\/devoilement-des-pierres-precieuses-du-diamant\" \/>\n<meta property=\"og:locale\" content=\"fr_FR\" \/>\n<meta property=\"og:type\" content=\"article\" \/>\n<meta property=\"og:title\" content=\"Les Pierres pr\u00e9cieuses du Diamant d\u00e9voil\u00e9es\" \/>\n<meta property=\"og:description\" content=\"Le jeudi 20 juin, Le Diamant a inaugur\u00e9 Les Pierres pr\u00e9cieuses, un nouveau programme de reconnaissance visant \u00e0 r\u00e9unir les m\u00e9c\u00e8nes qui ont \u00e0 c\u0153ur la mission et le rayonnement du Diamant.\" \/>\n<meta property=\"og:url\" content=\"https:\/\/www.lediamant.ca\/fr\/devoilement-des-pierres-precieuses-du-diamant\" \/>\n<meta property=\"og:site_name\" content=\"Le Diamant\" \/>\n<meta property=\"article:publisher\" content=\"https:\/\/www.facebook.com\/lediamantqc\/\" \/>\n<meta property=\"article:published_time\" content=\"2024-07-04T19:48:20+00:00\" \/>\n<meta property=\"article:modified_time\" content=\"2024-07-08T17:22:30+00:00\" \/>\n<meta property=\"og:image\" content=\"https:\/\/www.lediamant.ca\/wp-content\/uploads\/2024\/07\/PP-Header.jpg\" \/>\n\t<meta property=\"og:image:width\" content=\"2000\" \/>\n\t<meta property=\"og:image:height\" content=\"1334\" \/>\n\t<meta property=\"og:image:type\" content=\"image\/jpeg\" \/>\n<meta name=\"author\" content=\"Le Diamant\" \/>\n<meta name=\"twitter:card\" content=\"summary_large_image\" \/>\n<meta name=\"twitter:creator\" content=\"@lediamant_qc\" \/>\n<meta name=\"twitter:site\" content=\"@lediamant_qc\" \/>\n<meta name=\"twitter:label1\" content=\"\u00c9crit par\" \/>\n\t<meta name=\"twitter:data1\" content=\"Le Diamant\" \/>\n\t<meta name=\"twitter:label2\" content=\"Dur\u00e9e de lecture estim\u00e9e\" \/>\n\t<meta name=\"twitter:data2\" content=\"2 minutes\" \/>\n<script type=\"application\/ld+json\" class=\"yoast-schema-graph\">{\"@context\":\"https:\/\/schema.org\",\"@graph\":[{\"@type\":\"Article\",\"@id\":\"https:\/\/www.lediamant.ca\/fr\/devoilement-des-pierres-precieuses-du-diamant#article\",\"isPartOf\":{\"@id\":\"https:\/\/www.lediamant.ca\/fr\/devoilement-des-pierres-precieuses-du-diamant\"},\"author\":{\"name\":\"Le Diamant\",\"@id\":\"https:\/\/www.lediamant.ca\/fr\/#\/schema\/person\/1df7cc9f6c6e5901ce19062096c025af\"},\"headline\":\"D\u00e9voilement des Pierres pr\u00e9cieuses du Diamant\",\"datePublished\":\"2024-07-04T19:48:20+00:00\",\"dateModified\":\"2024-07-08T17:22:30+00:00\",\"mainEntityOfPage\":{\"@id\":\"https:\/\/www.lediamant.ca\/fr\/devoilement-des-pierres-precieuses-du-diamant\"},\"wordCount\":296,\"publisher\":{\"@id\":\"https:\/\/www.lediamant.ca\/fr\/#organization\"},\"image\":{\"@id\":\"https:\/\/www.lediamant.ca\/fr\/devoilement-des-pierres-precieuses-du-diamant#primaryimage\"},\"thumbnailUrl\":\"https:\/\/www.lediamant.ca\/wp-content\/uploads\/2024\/07\/PP-Header.jpg\",\"articleSection\":[\"Communiqu\u00e9\"],\"inLanguage\":\"fr-FR\"},{\"@type\":\"WebPage\",\"@id\":\"https:\/\/www.lediamant.ca\/fr\/devoilement-des-pierres-precieuses-du-diamant\",\"url\":\"https:\/\/www.lediamant.ca\/fr\/devoilement-des-pierres-precieuses-du-diamant\",\"name\":\"D\u00e9voilement des Pierres pr\u00e9cieuses du Diamant - Le Diamant\",\"isPartOf\":{\"@id\":\"https:\/\/www.lediamant.ca\/fr\/#website\"},\"primaryImageOfPage\":{\"@id\":\"https:\/\/www.lediamant.ca\/fr\/devoilement-des-pierres-precieuses-du-diamant#primaryimage\"},\"image\":{\"@id\":\"https:\/\/www.lediamant.ca\/fr\/devoilement-des-pierres-precieuses-du-diamant#primaryimage\"},\"thumbnailUrl\":\"https:\/\/www.lediamant.ca\/wp-content\/uploads\/2024\/07\/PP-Header.jpg\",\"datePublished\":\"2024-07-04T19:48:20+00:00\",\"dateModified\":\"2024-07-08T17:22:30+00:00\",\"description\":\"Le jeudi 20 juin, Le Diamant a organis\u00e9 un \u00e9v\u00e9nement priv\u00e9 sur le Toit-terrasse afin de d\u00e9voiler au grand public Les Pierres pr\u00e9cieuses du Diamant.\",\"breadcrumb\":{\"@id\":\"https:\/\/www.lediamant.ca\/fr\/devoilement-des-pierres-precieuses-du-diamant#breadcrumb\"},\"inLanguage\":\"fr-FR\",\"potentialAction\":[{\"@type\":\"ReadAction\",\"target\":[\"https:\/\/www.lediamant.ca\/fr\/devoilement-des-pierres-precieuses-du-diamant\"]}]},{\"@type\":\"ImageObject\",\"inLanguage\":\"fr-FR\",\"@id\":\"https:\/\/www.lediamant.ca\/fr\/devoilement-des-pierres-precieuses-du-diamant#primaryimage\",\"url\":\"https:\/\/www.lediamant.ca\/wp-content\/uploads\/2024\/07\/PP-Header.jpg\",\"contentUrl\":\"https:\/\/www.lediamant.ca\/wp-content\/uploads\/2024\/07\/PP-Header.jpg\",\"width\":2000,\"height\":1334},{\"@type\":\"BreadcrumbList\",\"@id\":\"https:\/\/www.lediamant.ca\/fr\/devoilement-des-pierres-precieuses-du-diamant#breadcrumb\",\"itemListElement\":[{\"@type\":\"ListItem\",\"position\":1,\"name\":\"Accueil\",\"item\":\"https:\/\/www.lediamant.ca\/fr\"},{\"@type\":\"ListItem\",\"position\":2,\"name\":\"D\u00e9voilement des Pierres pr\u00e9cieuses du Diamant\"}]},{\"@type\":\"WebSite\",\"@id\":\"https:\/\/www.lediamant.ca\/fr\/#website\",\"url\":\"https:\/\/www.lediamant.ca\/fr\/\",\"name\":\"Le Diamant\",\"description\":\"Salle de spectacle situ\u00e9e \u00e0 place D&#039;Youville, Qu\u00e9bec (Canada). D\u00e9couvrez notre programmation.\",\"publisher\":{\"@id\":\"https:\/\/www.lediamant.ca\/fr\/#organization\"},\"potentialAction\":[{\"@type\":\"SearchAction\",\"target\":{\"@type\":\"EntryPoint\",\"urlTemplate\":\"https:\/\/www.lediamant.ca\/fr\/?s={search_term_string}\"},\"query-input\":{\"@type\":\"PropertyValueSpecification\",\"valueRequired\":true,\"valueName\":\"search_term_string\"}}],\"inLanguage\":\"fr-FR\"},{\"@type\":\"Organization\",\"@id\":\"https:\/\/www.lediamant.ca\/fr\/#organization\",\"name\":\"Le Diamant\",\"url\":\"https:\/\/www.lediamant.ca\/fr\/\",\"logo\":{\"@type\":\"ImageObject\",\"inLanguage\":\"fr-FR\",\"@id\":\"https:\/\/www.lediamant.ca\/fr\/#\/schema\/logo\/image\/\",\"url\":\"https:\/\/www.lediamant.ca\/wp-content\/uploads\/2023\/05\/le-diamant-logo.png\",\"contentUrl\":\"https:\/\/www.lediamant.ca\/wp-content\/uploads\/2023\/05\/le-diamant-logo.png\",\"width\":1000,\"height\":750,\"caption\":\"Le Diamant\"},\"image\":{\"@id\":\"https:\/\/www.lediamant.ca\/fr\/#\/schema\/logo\/image\/\"},\"sameAs\":[\"https:\/\/www.facebook.com\/lediamantqc\/\",\"https:\/\/x.com\/lediamant_qc\"]},{\"@type\":\"Person\",\"@id\":\"https:\/\/www.lediamant.ca\/fr\/#\/schema\/person\/1df7cc9f6c6e5901ce19062096c025af\",\"name\":\"Le Diamant\",\"image\":{\"@type\":\"ImageObject\",\"inLanguage\":\"fr-FR\",\"@id\":\"https:\/\/www.lediamant.ca\/fr\/#\/schema\/person\/image\/\",\"url\":\"https:\/\/secure.gravatar.com\/avatar\/987afa0f07c5e880e415fd6bbdc5cc7ccbd67354d810536804d8f515d64bd014?s=96&d=mm&r=g\",\"contentUrl\":\"https:\/\/secure.gravatar.com\/avatar\/987afa0f07c5e880e415fd6bbdc5cc7ccbd67354d810536804d8f515d64bd014?s=96&d=mm&r=g\",\"caption\":\"Le Diamant\"}}]}<\/script>\n<!-- \/ Yoast SEO plugin. -->","yoast_head_json":{"title":"D\u00e9voilement des Pierres pr\u00e9cieuses du Diamant - Le Diamant","description":"Le jeudi 20 juin, Le Diamant a organis\u00e9 un \u00e9v\u00e9nement priv\u00e9 sur le Toit-terrasse afin de d\u00e9voiler au grand public Les Pierres pr\u00e9cieuses du Diamant.","robots":{"index":"index","follow":"follow","max-snippet":"max-snippet:-1","max-image-preview":"max-image-preview:large","max-video-preview":"max-video-preview:-1"},"canonical":"https:\/\/www.lediamant.ca\/fr\/devoilement-des-pierres-precieuses-du-diamant","og_locale":"fr_FR","og_type":"article","og_title":"Les Pierres pr\u00e9cieuses du Diamant d\u00e9voil\u00e9es","og_description":"Le jeudi 20 juin, Le Diamant a inaugur\u00e9 Les Pierres pr\u00e9cieuses, un nouveau programme de reconnaissance visant \u00e0 r\u00e9unir les m\u00e9c\u00e8nes qui ont \u00e0 c\u0153ur la mission et le rayonnement du Diamant.","og_url":"https:\/\/www.lediamant.ca\/fr\/devoilement-des-pierres-precieuses-du-diamant","og_site_name":"Le Diamant","article_publisher":"https:\/\/www.facebook.com\/lediamantqc\/","article_published_time":"2024-07-04T19:48:20+00:00","article_modified_time":"2024-07-08T17:22:30+00:00","og_image":[{"width":2000,"height":1334,"url":"https:\/\/www.lediamant.ca\/wp-content\/uploads\/2024\/07\/PP-Header.jpg","type":"image\/jpeg"}],"author":"Le Diamant","twitter_card":"summary_large_image","twitter_creator":"@lediamant_qc","twitter_site":"@lediamant_qc","twitter_misc":{"\u00c9crit par":"Le Diamant","Dur\u00e9e de lecture estim\u00e9e":"2 minutes"},"schema":{"@context":"https:\/\/schema.org","@graph":[{"@type":"Article","@id":"https:\/\/www.lediamant.ca\/fr\/devoilement-des-pierres-precieuses-du-diamant#article","isPartOf":{"@id":"https:\/\/www.lediamant.ca\/fr\/devoilement-des-pierres-precieuses-du-diamant"},"author":{"name":"Le Diamant","@id":"https:\/\/www.lediamant.ca\/fr\/#\/schema\/person\/1df7cc9f6c6e5901ce19062096c025af"},"headline":"D\u00e9voilement des Pierres pr\u00e9cieuses du Diamant","datePublished":"2024-07-04T19:48:20+00:00","dateModified":"2024-07-08T17:22:30+00:00","mainEntityOfPage":{"@id":"https:\/\/www.lediamant.ca\/fr\/devoilement-des-pierres-precieuses-du-diamant"},"wordCount":296,"publisher":{"@id":"https:\/\/www.lediamant.ca\/fr\/#organization"},"image":{"@id":"https:\/\/www.lediamant.ca\/fr\/devoilement-des-pierres-precieuses-du-diamant#primaryimage"},"thumbnailUrl":"https:\/\/www.lediamant.ca\/wp-content\/uploads\/2024\/07\/PP-Header.jpg","articleSection":["Communiqu\u00e9"],"inLanguage":"fr-FR"},{"@type":"WebPage","@id":"https:\/\/www.lediamant.ca\/fr\/devoilement-des-pierres-precieuses-du-diamant","url":"https:\/\/www.lediamant.ca\/fr\/devoilement-des-pierres-precieuses-du-diamant","name":"D\u00e9voilement des Pierres pr\u00e9cieuses du Diamant - Le Diamant","isPartOf":{"@id":"https:\/\/www.lediamant.ca\/fr\/#website"},"primaryImageOfPage":{"@id":"https:\/\/www.lediamant.ca\/fr\/devoilement-des-pierres-precieuses-du-diamant#primaryimage"},"image":{"@id":"https:\/\/www.lediamant.ca\/fr\/devoilement-des-pierres-precieuses-du-diamant#primaryimage"},"thumbnailUrl":"https:\/\/www.lediamant.ca\/wp-content\/uploads\/2024\/07\/PP-Header.jpg","datePublished":"2024-07-04T19:48:20+00:00","dateModified":"2024-07-08T17:22:30+00:00","description":"Le jeudi 20 juin, Le Diamant a organis\u00e9 un \u00e9v\u00e9nement priv\u00e9 sur le Toit-terrasse afin de d\u00e9voiler au grand public Les Pierres pr\u00e9cieuses du Diamant.","breadcrumb":{"@id":"https:\/\/www.lediamant.ca\/fr\/devoilement-des-pierres-precieuses-du-diamant#breadcrumb"},"inLanguage":"fr-FR","potentialAction":[{"@type":"ReadAction","target":["https:\/\/www.lediamant.ca\/fr\/devoilement-des-pierres-precieuses-du-diamant"]}]},{"@type":"ImageObject","inLanguage":"fr-FR","@id":"https:\/\/www.lediamant.ca\/fr\/devoilement-des-pierres-precieuses-du-diamant#primaryimage","url":"https:\/\/www.lediamant.ca\/wp-content\/uploads\/2024\/07\/PP-Header.jpg","contentUrl":"https:\/\/www.lediamant.ca\/wp-content\/uploads\/2024\/07\/PP-Header.jpg","width":2000,"height":1334},{"@type":"BreadcrumbList","@id":"https:\/\/www.lediamant.ca\/fr\/devoilement-des-pierres-precieuses-du-diamant#breadcrumb","itemListElement":[{"@type":"ListItem","position":1,"name":"Accueil","item":"https:\/\/www.lediamant.ca\/fr"},{"@type":"ListItem","position":2,"name":"D\u00e9voilement des Pierres pr\u00e9cieuses du Diamant"}]},{"@type":"WebSite","@id":"https:\/\/www.lediamant.ca\/fr\/#website","url":"https:\/\/www.lediamant.ca\/fr\/","name":"Le Diamant","description":"Salle de spectacle situ\u00e9e \u00e0 place D&#039;Youville, Qu\u00e9bec (Canada). D\u00e9couvrez notre programmation.","publisher":{"@id":"https:\/\/www.lediamant.ca\/fr\/#organization"},"potentialAction":[{"@type":"SearchAction","target":{"@type":"EntryPoint","urlTemplate":"https:\/\/www.lediamant.ca\/fr\/?s={search_term_string}"},"query-input":{"@type":"PropertyValueSpecification","valueRequired":true,"valueName":"search_term_string"}}],"inLanguage":"fr-FR"},{"@type":"Organization","@id":"https:\/\/www.lediamant.ca\/fr\/#organization","name":"Le Diamant","url":"https:\/\/www.lediamant.ca\/fr\/","logo":{"@type":"ImageObject","inLanguage":"fr-FR","@id":"https:\/\/www.lediamant.ca\/fr\/#\/schema\/logo\/image\/","url":"https:\/\/www.lediamant.ca\/wp-content\/uploads\/2023\/05\/le-diamant-logo.png","contentUrl":"https:\/\/www.lediamant.ca\/wp-content\/uploads\/2023\/05\/le-diamant-logo.png","width":1000,"height":750,"caption":"Le Diamant"},"image":{"@id":"https:\/\/www.lediamant.ca\/fr\/#\/schema\/logo\/image\/"},"sameAs":["https:\/\/www.facebook.com\/lediamantqc\/","https:\/\/x.com\/lediamant_qc"]},{"@type":"Person","@id":"https:\/\/www.lediamant.ca\/fr\/#\/schema\/person\/1df7cc9f6c6e5901ce19062096c025af","name":"Le Diamant","image":{"@type":"ImageObject","inLanguage":"fr-FR","@id":"https:\/\/www.lediamant.ca\/fr\/#\/schema\/person\/image\/","url":"https:\/\/secure.gravatar.com\/avatar\/987afa0f07c5e880e415fd6bbdc5cc7ccbd67354d810536804d8f515d64bd014?s=96&d=mm&r=g","contentUrl":"https:\/\/secure.gravatar.com\/avatar\/987afa0f07c5e880e415fd6bbdc5cc7ccbd67354d810536804d8f515d64bd014?s=96&d=mm&r=g","caption":"Le Diamant"}}]}},"_links":{"self":[{"href":"https:\/\/www.lediamant.ca\/fr\/wp-json\/wp\/v2\/posts\/12503","targetHints":{"allow":["GET"]}}],"collection":[{"href":"https:\/\/www.lediamant.ca\/fr\/wp-json\/wp\/v2\/posts"}],"about":[{"href":"https:\/\/www.lediamant.ca\/fr\/wp-json\/wp\/v2\/types\/post"}],"author":[{"embeddable":true,"href":"https:\/\/www.lediamant.ca\/fr\/wp-json\/wp\/v2\/users\/2"}],"replies":[{"embeddable":true,"href":"https:\/\/www.lediamant.ca\/fr\/wp-json\/wp\/v2\/comments?post=12503"}],"version-history":[{"count":72,"href":"https:\/\/www.lediamant.ca\/fr\/wp-json\/wp\/v2\/posts\/12503\/revisions"}],"predecessor-version":[{"id":12786,"href":"https:\/\/www.lediamant.ca\/fr\/wp-json\/wp\/v2\/posts\/12503\/revisions\/12786"}],"wp:featuredmedia":[{"embeddable":true,"href":"https:\/\/www.lediamant.ca\/fr\/wp-json\/wp\/v2\/media\/12721"}],"wp:attachment":[{"href":"https:\/\/www.lediamant.ca\/fr\/wp-json\/wp\/v2\/media?parent=12503"}],"wp:term":[{"taxonomy":"category","embeddable":true,"href":"https:\/\/www.lediamant.ca\/fr\/wp-json\/wp\/v2\/categories?post=12503"},{"taxonomy":"post_tag","embeddable":true,"href":"https:\/\/www.lediamant.ca\/fr\/wp-json\/wp\/v2\/tags?post=12503"}],"curies":[{"name":"wp","href":"https:\/\/api.w.org\/{rel}","templated":true}]}}