{"id":9027,"date":"2020-09-29T10:00:00","date_gmt":"2020-09-29T14:00:00","guid":{"rendered":"https:\/\/www.lediamant.ca\/suspension-des-activites-du-diamant"},"modified":"2024-02-02T15:04:08","modified_gmt":"2024-02-02T19:04:08","slug":"suspension-des-activites-du-diamant","status":"publish","type":"post","link":"https:\/\/www.lediamant.ca\/en\/suspension-des-activites-du-diamant","title":{"rendered":"Suspension des activit\u00e9s du Diamant"},"content":{"rendered":"<div class=\"item wysiwyg component-html\" >\n<p class=\"has-text-align-left has-light-gray-color has-dark-gray-background-color has-text-color has-background\" style=\"padding:1.25em 1.25em;display:inline-block;\">Sorry for the inconvenience, this press release is only available in French.<\/p>\n<\/div>\n\n<div class=\"item wysiwyg component-heading\" >\n<h3 class=\"wp-block-heading\">Passage en zone rouge de la Capitale-Nationale.<\/h3>\n<\/div>\n\n<div class=\"item wysiwyg component-paragraph\" >\n<p>En respect des mesures sanitaires impos\u00e9es par le passage en zone rouge de la Capitale-Nationale, l\u2019\u00e9quipe du Diamant se voit dans l\u2019obligation de suspendre les activit\u00e9s pr\u00e9vues au mois d\u2019octobre.<\/p>\n<\/div>\n\n<div class=\"item wysiwyg component-paragraph\" >\n<p>Cela signifie le report ou l\u2019annulation des \u00e9l\u00e9ments de programmation \u00e9voqu\u00e9s il y a quelques semaines dont :<\/p>\n<\/div>\n\n<div class=\"item wysiwyg component-list\" >\n<ul class=\"wp-block-list\">\n<li><strong>Andromaque en cr\u00e9ole<\/strong>, par le Th\u00e9\u00e2tre de la Sentinelle<\/li>\n\n\n\n<li>Lectures, grandes rencontres et spectacle pour <strong>comm\u00e9morer les 50 ans d\u2019Octobre 70<\/strong>, en collaboration avec l\u2019ONF, Qu\u00e9bec en toutes lettres, Sibyllines, la Sc\u00e8ne nationale du son et Le Soleil.<\/li>\n<\/ul>\n<\/div>\n\n<div class=\"item wysiwyg component-quote\" >\n<blockquote class=\"wp-block-quote is-layout-flow wp-block-quote-is-layout-flow\"><div class=\"item wysiwyg component-paragraph\" >\n<p>L\u2019annonce du gouvernement du Qu\u00e9bec intervient \u00e0 quelques heures de la mise en vente de nos spectacles pr\u00e9vus en octobre. Alors que nous travaillions depuis deux ans \u00e0 la comm\u00e9moration d\u2019Octobre 70 avec nos partenaires, nous \u00e9valuerons ensemble, dans les prochains jours, la possibilit\u00e9 d\u2019\u00e9voquer ce moment fort de notre histoire d\u2019une fa\u00e7on diff\u00e9rente.<\/p>\n<\/div><cite>Bernard Gilbert, directeur g\u00e9n\u00e9ral et de la programmation<\/cite><\/blockquote>\n<\/div>\n\n<div class=\"item wysiwyg component-paragraph\" >\n<p>\u00c9galement, la billetterie du Diamant sera ferm\u00e9e jusqu\u2019\u00e0 nouvel ordre et accessible uniquement par courriel, au <a href=\"mailto:billetterie@lediamant.ca\" target=\"_blank\" rel=\"noreferrer noopener\">billetterie@lediamant.ca<\/a>.<\/p>\n<\/div>\n\n<div class=\"item wysiwyg component-quote\" >\n<blockquote class=\"wp-block-quote is-layout-flow wp-block-quote-is-layout-flow\"><div class=\"item wysiwyg component-paragraph\" >\n<p>C\u2019est particuli\u00e8rement dur de refermer quelques semaines \u00e0 peine apr\u00e8s avoir \u00e9t\u00e9 autoris\u00e9 \u00e0 reprendre nos activit\u00e9s. Esp\u00e9rons que cette seconde vague sera la derni\u00e8re. D\u00e8s que possible, nous redonnerons vie aux arts vivants pour notre plus grand bien.<\/p>\n<\/div><cite>Bernard Gilbert, directeur g\u00e9n\u00e9ral et de la programmation<\/cite><\/blockquote>\n<\/div>","protected":false},"excerpt":{"rendered":"Passage en zone rouge de la Capitale-Nationale.","protected":false},"author":2,"featured_media":3122,"comment_status":"closed","ping_status":"closed","sticky":false,"template":"","format":"standard","meta":{"_acf_changed":false,"footnotes":""},"categories":[128],"tags":[],"class_list":["post-9027","post","type-post","status-publish","format-standard","has-post-thumbnail","hentry","category-press-release"],"acf":[],"yoast_head":"<!-- This site is optimized with the Yoast SEO plugin v26.5 - https:\/\/yoast.com\/wordpress\/plugins\/seo\/ -->\n<title>Suspension des activit\u00e9s du Diamant - Le Diamant<\/title>\n<meta name=\"description\" content=\"En respect des mesures sanitaires impos\u00e9es par le passage en zone rouge de la Capitale-Nationale, l\u2019\u00e9quipe du Diamant se voit dans l\u2019obligation de suspendre les activit\u00e9s pr\u00e9vues au mois d\u2019octobre.\" \/>\n<meta name=\"robots\" content=\"index, follow, max-snippet:-1, max-image-preview:large, max-video-preview:-1\" \/>\n<link rel=\"canonical\" href=\"https:\/\/www.lediamant.ca\/en\/suspension-des-activites-du-diamant\" \/>\n<meta property=\"og:locale\" content=\"en_US\" \/>\n<meta property=\"og:type\" content=\"article\" \/>\n<meta property=\"og:title\" content=\"Suspension des activit\u00e9s du Diamant\" \/>\n<meta property=\"og:description\" content=\"Passage en zone rouge de la Capitale-Nationale.\" \/>\n<meta property=\"og:url\" content=\"https:\/\/www.lediamant.ca\/en\/suspension-des-activites-du-diamant\" \/>\n<meta property=\"og:site_name\" content=\"Le Diamant\" \/>\n<meta property=\"article:publisher\" content=\"https:\/\/www.facebook.com\/lediamantqc\/\" \/>\n<meta property=\"article:published_time\" content=\"2020-09-29T14:00:00+00:00\" \/>\n<meta property=\"article:modified_time\" content=\"2024-02-02T19:04:08+00:00\" \/>\n<meta property=\"og:image\" content=\"https:\/\/www.lediamant.ca\/wp-content\/uploads\/2023\/05\/lieu-carrousel-elias-05.jpg\" \/>\n\t<meta property=\"og:image:width\" content=\"2000\" \/>\n\t<meta property=\"og:image:height\" content=\"1333\" \/>\n\t<meta property=\"og:image:type\" content=\"image\/jpeg\" \/>\n<meta name=\"author\" content=\"Le Diamant\" \/>\n<meta name=\"twitter:card\" content=\"summary_large_image\" \/>\n<meta name=\"twitter:creator\" content=\"@lediamant_qc\" \/>\n<meta name=\"twitter:site\" content=\"@lediamant_qc\" \/>\n<meta name=\"twitter:label1\" content=\"Written by\" \/>\n\t<meta name=\"twitter:data1\" content=\"Le Diamant\" \/>\n\t<meta name=\"twitter:label2\" content=\"Est. reading time\" \/>\n\t<meta name=\"twitter:data2\" content=\"1 minute\" \/>\n<script type=\"application\/ld+json\" class=\"yoast-schema-graph\">{\"@context\":\"https:\/\/schema.org\",\"@graph\":[{\"@type\":\"Article\",\"@id\":\"https:\/\/www.lediamant.ca\/en\/suspension-des-activites-du-diamant#article\",\"isPartOf\":{\"@id\":\"https:\/\/www.lediamant.ca\/en\/suspension-des-activites-du-diamant\"},\"author\":{\"name\":\"Le Diamant\",\"@id\":\"https:\/\/www.lediamant.ca\/en#\/schema\/person\/1df7cc9f6c6e5901ce19062096c025af\"},\"headline\":\"Suspension des activit\u00e9s du Diamant\",\"datePublished\":\"2020-09-29T14:00:00+00:00\",\"dateModified\":\"2024-02-02T19:04:08+00:00\",\"mainEntityOfPage\":{\"@id\":\"https:\/\/www.lediamant.ca\/en\/suspension-des-activites-du-diamant\"},\"wordCount\":268,\"publisher\":{\"@id\":\"https:\/\/www.lediamant.ca\/en#organization\"},\"image\":{\"@id\":\"https:\/\/www.lediamant.ca\/en\/suspension-des-activites-du-diamant#primaryimage\"},\"thumbnailUrl\":\"https:\/\/www.lediamant.ca\/wp-content\/uploads\/2023\/05\/lieu-carrousel-elias-05.jpg\",\"articleSection\":[\"Press Release\"],\"inLanguage\":\"en-US\"},{\"@type\":\"WebPage\",\"@id\":\"https:\/\/www.lediamant.ca\/en\/suspension-des-activites-du-diamant\",\"url\":\"https:\/\/www.lediamant.ca\/en\/suspension-des-activites-du-diamant\",\"name\":\"Suspension des activit\u00e9s du Diamant - Le Diamant\",\"isPartOf\":{\"@id\":\"https:\/\/www.lediamant.ca\/en#website\"},\"primaryImageOfPage\":{\"@id\":\"https:\/\/www.lediamant.ca\/en\/suspension-des-activites-du-diamant#primaryimage\"},\"image\":{\"@id\":\"https:\/\/www.lediamant.ca\/en\/suspension-des-activites-du-diamant#primaryimage\"},\"thumbnailUrl\":\"https:\/\/www.lediamant.ca\/wp-content\/uploads\/2023\/05\/lieu-carrousel-elias-05.jpg\",\"datePublished\":\"2020-09-29T14:00:00+00:00\",\"dateModified\":\"2024-02-02T19:04:08+00:00\",\"description\":\"En respect des mesures sanitaires impos\u00e9es par le passage en zone rouge de la Capitale-Nationale, l\u2019\u00e9quipe du Diamant se voit dans l\u2019obligation de suspendre les activit\u00e9s pr\u00e9vues au mois d\u2019octobre.\",\"breadcrumb\":{\"@id\":\"https:\/\/www.lediamant.ca\/en\/suspension-des-activites-du-diamant#breadcrumb\"},\"inLanguage\":\"en-US\",\"potentialAction\":[{\"@type\":\"ReadAction\",\"target\":[\"https:\/\/www.lediamant.ca\/en\/suspension-des-activites-du-diamant\"]}]},{\"@type\":\"ImageObject\",\"inLanguage\":\"en-US\",\"@id\":\"https:\/\/www.lediamant.ca\/en\/suspension-des-activites-du-diamant#primaryimage\",\"url\":\"https:\/\/www.lediamant.ca\/wp-content\/uploads\/2023\/05\/lieu-carrousel-elias-05.jpg\",\"contentUrl\":\"https:\/\/www.lediamant.ca\/wp-content\/uploads\/2023\/05\/lieu-carrousel-elias-05.jpg\",\"width\":2000,\"height\":1333},{\"@type\":\"BreadcrumbList\",\"@id\":\"https:\/\/www.lediamant.ca\/en\/suspension-des-activites-du-diamant#breadcrumb\",\"itemListElement\":[{\"@type\":\"ListItem\",\"position\":1,\"name\":\"Accueil\",\"item\":\"https:\/\/www.lediamant.ca\/en\"},{\"@type\":\"ListItem\",\"position\":2,\"name\":\"Suspension des activit\u00e9s du Diamant\"}]},{\"@type\":\"WebSite\",\"@id\":\"https:\/\/www.lediamant.ca\/en#website\",\"url\":\"https:\/\/www.lediamant.ca\/en\",\"name\":\"Le Diamant\",\"description\":\"Salle de spectacle situ\u00e9e \u00e0 place D&#039;Youville, Qu\u00e9bec (Canada). D\u00e9couvrez notre programmation.\",\"publisher\":{\"@id\":\"https:\/\/www.lediamant.ca\/en#organization\"},\"potentialAction\":[{\"@type\":\"SearchAction\",\"target\":{\"@type\":\"EntryPoint\",\"urlTemplate\":\"https:\/\/www.lediamant.ca\/en?s={search_term_string}\"},\"query-input\":{\"@type\":\"PropertyValueSpecification\",\"valueRequired\":true,\"valueName\":\"search_term_string\"}}],\"inLanguage\":\"en-US\"},{\"@type\":\"Organization\",\"@id\":\"https:\/\/www.lediamant.ca\/en#organization\",\"name\":\"Le Diamant\",\"url\":\"https:\/\/www.lediamant.ca\/en\",\"logo\":{\"@type\":\"ImageObject\",\"inLanguage\":\"en-US\",\"@id\":\"https:\/\/www.lediamant.ca\/en#\/schema\/logo\/image\/\",\"url\":\"https:\/\/www.lediamant.ca\/wp-content\/uploads\/2023\/05\/le-diamant-logo.png\",\"contentUrl\":\"https:\/\/www.lediamant.ca\/wp-content\/uploads\/2023\/05\/le-diamant-logo.png\",\"width\":1000,\"height\":750,\"caption\":\"Le Diamant\"},\"image\":{\"@id\":\"https:\/\/www.lediamant.ca\/en#\/schema\/logo\/image\/\"},\"sameAs\":[\"https:\/\/www.facebook.com\/lediamantqc\/\",\"https:\/\/x.com\/lediamant_qc\"]},{\"@type\":\"Person\",\"@id\":\"https:\/\/www.lediamant.ca\/en#\/schema\/person\/1df7cc9f6c6e5901ce19062096c025af\",\"name\":\"Le Diamant\",\"image\":{\"@type\":\"ImageObject\",\"inLanguage\":\"en-US\",\"@id\":\"https:\/\/www.lediamant.ca\/en#\/schema\/person\/image\/\",\"url\":\"https:\/\/secure.gravatar.com\/avatar\/987afa0f07c5e880e415fd6bbdc5cc7ccbd67354d810536804d8f515d64bd014?s=96&d=mm&r=g\",\"contentUrl\":\"https:\/\/secure.gravatar.com\/avatar\/987afa0f07c5e880e415fd6bbdc5cc7ccbd67354d810536804d8f515d64bd014?s=96&d=mm&r=g\",\"caption\":\"Le Diamant\"}}]}<\/script>\n<!-- \/ Yoast SEO plugin. -->","yoast_head_json":{"title":"Suspension des activit\u00e9s du Diamant - Le Diamant","description":"En respect des mesures sanitaires impos\u00e9es par le passage en zone rouge de la Capitale-Nationale, l\u2019\u00e9quipe du Diamant se voit dans l\u2019obligation de suspendre les activit\u00e9s pr\u00e9vues au mois d\u2019octobre.","robots":{"index":"index","follow":"follow","max-snippet":"max-snippet:-1","max-image-preview":"max-image-preview:large","max-video-preview":"max-video-preview:-1"},"canonical":"https:\/\/www.lediamant.ca\/en\/suspension-des-activites-du-diamant","og_locale":"en_US","og_type":"article","og_title":"Suspension des activit\u00e9s du Diamant","og_description":"Passage en zone rouge de la Capitale-Nationale.","og_url":"https:\/\/www.lediamant.ca\/en\/suspension-des-activites-du-diamant","og_site_name":"Le Diamant","article_publisher":"https:\/\/www.facebook.com\/lediamantqc\/","article_published_time":"2020-09-29T14:00:00+00:00","article_modified_time":"2024-02-02T19:04:08+00:00","og_image":[{"width":2000,"height":1333,"url":"https:\/\/www.lediamant.ca\/wp-content\/uploads\/2023\/05\/lieu-carrousel-elias-05.jpg","type":"image\/jpeg"}],"author":"Le Diamant","twitter_card":"summary_large_image","twitter_creator":"@lediamant_qc","twitter_site":"@lediamant_qc","twitter_misc":{"Written by":"Le Diamant","Est. reading time":"1 minute"},"schema":{"@context":"https:\/\/schema.org","@graph":[{"@type":"Article","@id":"https:\/\/www.lediamant.ca\/en\/suspension-des-activites-du-diamant#article","isPartOf":{"@id":"https:\/\/www.lediamant.ca\/en\/suspension-des-activites-du-diamant"},"author":{"name":"Le Diamant","@id":"https:\/\/www.lediamant.ca\/en#\/schema\/person\/1df7cc9f6c6e5901ce19062096c025af"},"headline":"Suspension des activit\u00e9s du Diamant","datePublished":"2020-09-29T14:00:00+00:00","dateModified":"2024-02-02T19:04:08+00:00","mainEntityOfPage":{"@id":"https:\/\/www.lediamant.ca\/en\/suspension-des-activites-du-diamant"},"wordCount":268,"publisher":{"@id":"https:\/\/www.lediamant.ca\/en#organization"},"image":{"@id":"https:\/\/www.lediamant.ca\/en\/suspension-des-activites-du-diamant#primaryimage"},"thumbnailUrl":"https:\/\/www.lediamant.ca\/wp-content\/uploads\/2023\/05\/lieu-carrousel-elias-05.jpg","articleSection":["Press Release"],"inLanguage":"en-US"},{"@type":"WebPage","@id":"https:\/\/www.lediamant.ca\/en\/suspension-des-activites-du-diamant","url":"https:\/\/www.lediamant.ca\/en\/suspension-des-activites-du-diamant","name":"Suspension des activit\u00e9s du Diamant - Le Diamant","isPartOf":{"@id":"https:\/\/www.lediamant.ca\/en#website"},"primaryImageOfPage":{"@id":"https:\/\/www.lediamant.ca\/en\/suspension-des-activites-du-diamant#primaryimage"},"image":{"@id":"https:\/\/www.lediamant.ca\/en\/suspension-des-activites-du-diamant#primaryimage"},"thumbnailUrl":"https:\/\/www.lediamant.ca\/wp-content\/uploads\/2023\/05\/lieu-carrousel-elias-05.jpg","datePublished":"2020-09-29T14:00:00+00:00","dateModified":"2024-02-02T19:04:08+00:00","description":"En respect des mesures sanitaires impos\u00e9es par le passage en zone rouge de la Capitale-Nationale, l\u2019\u00e9quipe du Diamant se voit dans l\u2019obligation de suspendre les activit\u00e9s pr\u00e9vues au mois d\u2019octobre.","breadcrumb":{"@id":"https:\/\/www.lediamant.ca\/en\/suspension-des-activites-du-diamant#breadcrumb"},"inLanguage":"en-US","potentialAction":[{"@type":"ReadAction","target":["https:\/\/www.lediamant.ca\/en\/suspension-des-activites-du-diamant"]}]},{"@type":"ImageObject","inLanguage":"en-US","@id":"https:\/\/www.lediamant.ca\/en\/suspension-des-activites-du-diamant#primaryimage","url":"https:\/\/www.lediamant.ca\/wp-content\/uploads\/2023\/05\/lieu-carrousel-elias-05.jpg","contentUrl":"https:\/\/www.lediamant.ca\/wp-content\/uploads\/2023\/05\/lieu-carrousel-elias-05.jpg","width":2000,"height":1333},{"@type":"BreadcrumbList","@id":"https:\/\/www.lediamant.ca\/en\/suspension-des-activites-du-diamant#breadcrumb","itemListElement":[{"@type":"ListItem","position":1,"name":"Accueil","item":"https:\/\/www.lediamant.ca\/en"},{"@type":"ListItem","position":2,"name":"Suspension des activit\u00e9s du Diamant"}]},{"@type":"WebSite","@id":"https:\/\/www.lediamant.ca\/en#website","url":"https:\/\/www.lediamant.ca\/en","name":"Le Diamant","description":"Salle de spectacle situ\u00e9e \u00e0 place D&#039;Youville, Qu\u00e9bec (Canada). D\u00e9couvrez notre programmation.","publisher":{"@id":"https:\/\/www.lediamant.ca\/en#organization"},"potentialAction":[{"@type":"SearchAction","target":{"@type":"EntryPoint","urlTemplate":"https:\/\/www.lediamant.ca\/en?s={search_term_string}"},"query-input":{"@type":"PropertyValueSpecification","valueRequired":true,"valueName":"search_term_string"}}],"inLanguage":"en-US"},{"@type":"Organization","@id":"https:\/\/www.lediamant.ca\/en#organization","name":"Le Diamant","url":"https:\/\/www.lediamant.ca\/en","logo":{"@type":"ImageObject","inLanguage":"en-US","@id":"https:\/\/www.lediamant.ca\/en#\/schema\/logo\/image\/","url":"https:\/\/www.lediamant.ca\/wp-content\/uploads\/2023\/05\/le-diamant-logo.png","contentUrl":"https:\/\/www.lediamant.ca\/wp-content\/uploads\/2023\/05\/le-diamant-logo.png","width":1000,"height":750,"caption":"Le Diamant"},"image":{"@id":"https:\/\/www.lediamant.ca\/en#\/schema\/logo\/image\/"},"sameAs":["https:\/\/www.facebook.com\/lediamantqc\/","https:\/\/x.com\/lediamant_qc"]},{"@type":"Person","@id":"https:\/\/www.lediamant.ca\/en#\/schema\/person\/1df7cc9f6c6e5901ce19062096c025af","name":"Le Diamant","image":{"@type":"ImageObject","inLanguage":"en-US","@id":"https:\/\/www.lediamant.ca\/en#\/schema\/person\/image\/","url":"https:\/\/secure.gravatar.com\/avatar\/987afa0f07c5e880e415fd6bbdc5cc7ccbd67354d810536804d8f515d64bd014?s=96&d=mm&r=g","contentUrl":"https:\/\/secure.gravatar.com\/avatar\/987afa0f07c5e880e415fd6bbdc5cc7ccbd67354d810536804d8f515d64bd014?s=96&d=mm&r=g","caption":"Le Diamant"}}]}},"_links":{"self":[{"href":"https:\/\/www.lediamant.ca\/en\/wp-json\/wp\/v2\/posts\/9027","targetHints":{"allow":["GET"]}}],"collection":[{"href":"https:\/\/www.lediamant.ca\/en\/wp-json\/wp\/v2\/posts"}],"about":[{"href":"https:\/\/www.lediamant.ca\/en\/wp-json\/wp\/v2\/types\/post"}],"author":[{"embeddable":true,"href":"https:\/\/www.lediamant.ca\/en\/wp-json\/wp\/v2\/users\/2"}],"replies":[{"embeddable":true,"href":"https:\/\/www.lediamant.ca\/en\/wp-json\/wp\/v2\/comments?post=9027"}],"version-history":[{"count":1,"href":"https:\/\/www.lediamant.ca\/en\/wp-json\/wp\/v2\/posts\/9027\/revisions"}],"predecessor-version":[{"id":9028,"href":"https:\/\/www.lediamant.ca\/en\/wp-json\/wp\/v2\/posts\/9027\/revisions\/9028"}],"wp:featuredmedia":[{"embeddable":true,"href":"https:\/\/www.lediamant.ca\/en\/wp-json\/wp\/v2\/media\/3122"}],"wp:attachment":[{"href":"https:\/\/www.lediamant.ca\/en\/wp-json\/wp\/v2\/media?parent=9027"}],"wp:term":[{"taxonomy":"category","embeddable":true,"href":"https:\/\/www.lediamant.ca\/en\/wp-json\/wp\/v2\/categories?post=9027"},{"taxonomy":"post_tag","embeddable":true,"href":"https:\/\/www.lediamant.ca\/en\/wp-json\/wp\/v2\/tags?post=9027"}],"curies":[{"name":"wp","href":"https:\/\/api.w.org\/{rel}","templated":true}]}}