{"id":9002,"date":"2022-11-24T14:55:00","date_gmt":"2022-11-24T18:55:00","guid":{"rendered":"https:\/\/www.lediamant.ca\/le-diamant-se-transformera-a-nouveau-en-glockenspiel"},"modified":"2024-02-02T14:25:51","modified_gmt":"2024-02-02T18:25:51","slug":"le-diamant-se-transformera-a-nouveau-en-glockenspiel","status":"publish","type":"post","link":"https:\/\/www.lediamant.ca\/en\/le-diamant-se-transformera-a-nouveau-en-glockenspiel","title":{"rendered":"Le Diamant se transformera \u00e0 nouveau en Glockenspiel\u2009!"},"content":{"rendered":"<div class=\"item wysiwyg component-html\" >\n<p class=\"has-text-align-left has-light-gray-color has-dark-gray-background-color has-text-color has-background\" style=\"padding:1.25em 1.25em;display:inline-block;\">Sorry for the inconvenience, this article is only available in French.<\/p>\n<\/div>\n\n<div class=\"item wysiwyg component-paragraph\" >\n<p>\u00c0 l\u2019invitation du March\u00e9 de No\u00ebl allemand de Qu\u00e9bec, Le Diamant pr\u00e9sentera pour une deuxi\u00e8me ann\u00e9e le <em>Glockenspiel<\/em>, en partenariat avec Solotech. Hommage \u00e0 l\u2019immense clocher centenaire qui attire les foules au c\u0153ur de Munich, l\u2019installation sera visible de l\u2019ext\u00e9rieur du 1<sup>er<\/sup> au 31 d\u00e9cembre 2022, tous les jours de 16 h \u00e0 21 h.<\/p>\n<\/div>\n\n<div class=\"item wysiwyg component-embed\" >\n<figure class=\"wp-block-embed is-type-video is-provider-youtube wp-block-embed-youtube wp-embed-aspect-16-9 wp-has-aspect-ratio\"><div class=\"wp-block-embed__wrapper\">\n<iframe loading=\"lazy\" title=\"Le Diamant se m\u00e9tamorphose en Glockenspiel de Munich | Studio mirari\" width=\"500\" height=\"281\" src=\"https:\/\/www.youtube.com\/embed\/dZu8lvS73fg?feature=oembed\" frameborder=\"0\" allow=\"accelerometer; autoplay; clipboard-write; encrypted-media; gyroscope; picture-in-picture; web-share\" referrerpolicy=\"strict-origin-when-cross-origin\" allowfullscreen><\/iframe>\n<\/div><\/figure>\n<\/div>\n\n<div class=\"item component-columns\">\n<div class=\"wp-block-columns is-layout-flex wp-container-core-columns-is-layout-9d6595d7 wp-block-columns-is-layout-flex\">\n<div class=\"wp-block-column is-layout-flow wp-block-column-is-layout-flow\"><div class=\"item wysiwyg component-image\" >\n<figure class=\"wp-block-image size-large\"><img decoding=\"async\" width=\"1024\" height=\"1534\" src=\"https:\/\/www.lediamant.ca\/wp-content\/uploads\/2023\/06\/journaldecreation-grockenspiel-interpretation-1024x1534.jpeg\" alt=\"\" class=\"wp-image-3906\"\/ loading=\"lazy\" srcset=\"https:\/\/www.lediamant.ca\/wp-content\/uploads\/2023\/06\/journaldecreation-grockenspiel-interpretation-1024x1534.jpeg 1024w, https:\/\/www.lediamant.ca\/wp-content\/uploads\/2023\/06\/journaldecreation-grockenspiel-interpretation-700x1049.jpeg 700w, https:\/\/www.lediamant.ca\/wp-content\/uploads\/2023\/06\/journaldecreation-grockenspiel-interpretation-768x1151.jpeg 768w, https:\/\/www.lediamant.ca\/wp-content\/uploads\/2023\/06\/journaldecreation-grockenspiel-interpretation-1025x1536.jpeg 1025w, https:\/\/www.lediamant.ca\/wp-content\/uploads\/2023\/06\/journaldecreation-grockenspiel-interpretation-400x599.jpeg 400w, https:\/\/www.lediamant.ca\/wp-content\/uploads\/2023\/06\/journaldecreation-grockenspiel-interpretation.jpeg 1335w\" sizes=\"auto, (max-width: 1024px) 100vw, 1024px\" \/><\/figure>\n<\/div><\/div>\n\n\n\n<div class=\"wp-block-column is-layout-flow wp-block-column-is-layout-flow\"><div class=\"item wysiwyg component-heading\" >\n<h3 class=\"wp-block-heading\">Une interpr\u00e9tation fid\u00e8le \u00e0 l\u2019original<\/h3>\n<\/div>\n\n<div class=\"item wysiwyg component-paragraph\" >\n<p>Thomas Payette, directeur de cr\u00e9ation chez mirari, s\u2019est rendu \u00e0 Munich l\u2019an dernier afin de documenter le fonctionnement de cette horloge unique, et de cr\u00e9er une interpr\u00e9tation fid\u00e8le \u00e0 l\u2019originale. On peut apercevoir, des fen\u00eatres du Diamant, des animations qui proviennent des photographies et vid\u00e9os qu\u2019il est all\u00e9 prendre lors de son s\u00e9jour, en plus d\u2019histoires inspir\u00e9es de personnages du 16<sup>e <\/sup>si\u00e8cle. Les passant-e-s \u00e0 place D\u2019Youville pourront \u00e9galement entendre des pi\u00e8ces musicales fid\u00e8les \u00e0 la tradition germanophone et s\u2019imaginer \u00e0 Marienplatz, la place publique qui accueille l\u2019\u0153uvre dans la vieille ville de Munich.<\/p>\n<\/div><\/div>\n<\/div>\n<\/div>\n\n<div class=\"item wysiwyg component-heading\" >\n<h3 class=\"wp-block-heading\">En bref<\/h3>\n<\/div>\n\n<div class=\"item wysiwyg component-list\" >\n<ul class=\"wp-block-list\">\n<li>De 16h \u00e0 21h, du 1<sup>er<\/sup> au 31 d\u00e9cembre ;<\/li>\n\n\n\n<li>Quatre segments \u00e0 l\u2019heure, en alternance aux 15&nbsp;minutes ;<\/li>\n\n\n\n<li>Visible de la place D&#8217;Youville, dans les fen\u00eatres du Diamant<\/li>\n<\/ul>\n<\/div>\n\n<div class=\"item wysiwyg component-heading\" >\n<h3 class=\"wp-block-heading\">Les cr\u00e9dits<\/h3>\n<\/div>\n\n<div class=\"item wysiwyg component-heading\" >\n<h4 class=\"wp-block-heading\">studio mirari<\/h4>\n<\/div>\n\n<div class=\"item wysiwyg component-paragraph\" >\n<p>Conception et r\u00e9alisation\u2009: <strong>mirari<\/strong><br>Conception multim\u00e9dia\u2009: <strong>Thomas Payette<\/strong><br>Animation\u2009: <strong>Benoit Piccolini<\/strong><br>Design\u2009: <strong>Marion Petitbout<\/strong><br>Conception sonore\u2009: <strong>Antonin Gougeon-Moisan<\/strong><br>Maquette\u2009: <strong>Margot Lacoste<\/strong><\/p>\n<\/div>\n\n<div class=\"item wysiwyg component-heading\" >\n<h4 class=\"wp-block-heading\">Le Diamant<\/h4>\n<\/div>\n\n<div class=\"item wysiwyg component-paragraph\" >\n<p>Coconcepteurs\u2009: <strong>Robert Lepage<\/strong>,&nbsp;<strong>Steve Blanchet<\/strong><br>Directrice, production et exploitation\u2009:&nbsp;<strong>Louise Roussel<\/strong><br>Direction technique\u2009:&nbsp;<strong>Patrick Durnin<\/strong>,&nbsp;<strong>Simon Cloutier<\/strong><br>Coordonnateur technique installation\u2009: <strong>Fran\u00e7ois Genest<\/strong><br>Adjointe de production\u2009: <strong>Cassandra Duguay<\/strong><br>Programmateur vid\u00e9o\u2009: <strong>Nicolas Dostie<\/strong><\/p>\n<\/div>\n\n<div class=\"item wysiwyg component-heading\" >\n<h3 class=\"wp-block-heading\">Remerciements aux partenaires<\/h3>\n<\/div>\n\n<div class=\"item wysiwyg component-paragraph\" >\n<p>Le Diamant souhaite remercier :<\/p>\n<\/div>\n\n<div class=\"item wysiwyg component-list\" >\n<ul class=\"wp-block-list\">\n<li>Solotech, pour sa collaboration \u00e0 la mise en \u0153uvre du projet ;<\/li>\n\n\n\n<li>Le March\u00e9 de No\u00ebl allemand de Qu\u00e9bec ;<\/li>\n\n\n\n<li>La Ville de Qu\u00e9bec ;<\/li>\n\n\n\n<li>Destination Qu\u00e9bec Cit\u00e9 ;<\/li>\n\n\n\n<li>La Repr\u00e9sentation de l\u2019\u00c9tat de Bavi\u00e8re \u00e0 Montr\u00e9al ;<\/li>\n\n\n\n<li>Le Consulat g\u00e9n\u00e9ral de la R\u00e9publique f\u00e9d\u00e9rale d\u2019Allemagne \u00e0 Montr\u00e9al ;<\/li>\n\n\n\n<li>Le Minist\u00e8re des Relations internationales et de la Francophonie.<\/li>\n<\/ul>\n<\/div>\n\n<div class=\"item wysiwyg component-heading\" >\n<h3 class=\"wp-block-heading\">\u00c0 propos de mirari \u2013 studio de cr\u00e9ation multidisciplinaire<\/h3>\n<\/div>\n\n<div class=\"item wysiwyg component-paragraph\" >\n<p>mirari imagine des espaces, des installations et des \u0153uvres qui transforment la perception du public. Son \u00e9quipe de cr\u00e9ateurs et de cr\u00e9atrices tire ce savoir-faire de sa profonde exp\u00e9rience dans le monde des arts vivants. Cette notion du vivant laisse une empreinte humaine dans tout ce qu\u2019ils cr\u00e9ent, que ce soit pour la sc\u00e8ne, l\u2019espace public ou les \u00e9v\u00e9nements d\u2019envergure. Chaque projet est pens\u00e9 pour provoquer une rencontre in\u00e9dite avec ses spectateurs. <a href=\"https:\/\/mirari.art\/\" target=\"_blank\" rel=\"noreferrer noopener\">En savoir plus<\/a>.<\/p>\n<\/div>","protected":false},"excerpt":{"rendered":"Le Diamant pr\u00e9sentera pour une deuxi\u00e8me ann\u00e9e le Glockenspiel, en partenariat avec Solotech.","protected":false},"author":2,"featured_media":3916,"comment_status":"closed","ping_status":"closed","sticky":false,"template":"","format":"standard","meta":{"_acf_changed":false,"footnotes":""},"categories":[131],"tags":[],"class_list":["post-9002","post","type-post","status-publish","format-standard","has-post-thumbnail","hentry","category-spirit-of-place"],"acf":[],"yoast_head":"<!-- This site is optimized with the Yoast SEO plugin v26.5 - https:\/\/yoast.com\/wordpress\/plugins\/seo\/ -->\n<title>Le Diamant se transformera \u00e0 nouveau en Glockenspiel\u2009! - Le Diamant<\/title>\n<meta name=\"description\" content=\"\u00c0 l\u2019invitation du March\u00e9 de No\u00ebl allemand de Qu\u00e9bec, Le Diamant pr\u00e9sentera pour une deuxi\u00e8me ann\u00e9e le Glockenspiel, en partenariat avec Solotech.\" \/>\n<meta name=\"robots\" content=\"index, follow, max-snippet:-1, max-image-preview:large, max-video-preview:-1\" \/>\n<link rel=\"canonical\" href=\"https:\/\/www.lediamant.ca\/en\/le-diamant-se-transformera-a-nouveau-en-glockenspiel\" \/>\n<meta property=\"og:locale\" content=\"en_US\" \/>\n<meta property=\"og:type\" content=\"article\" \/>\n<meta property=\"og:title\" content=\"Le Diamant se transformera \u00e0 nouveau en Glockenspiel\u2009!\" \/>\n<meta property=\"og:description\" content=\"\u00c0 l\u2019invitation du March\u00e9 de No\u00ebl allemand de Qu\u00e9bec, Le Diamant pr\u00e9sentera pour une deuxi\u00e8me ann\u00e9e le Glockenspiel, en partenariat avec Solotech.\" \/>\n<meta property=\"og:url\" content=\"https:\/\/www.lediamant.ca\/en\/le-diamant-se-transformera-a-nouveau-en-glockenspiel\" \/>\n<meta property=\"og:site_name\" content=\"Le Diamant\" \/>\n<meta property=\"article:publisher\" content=\"https:\/\/www.facebook.com\/lediamantqc\/\" \/>\n<meta property=\"article:published_time\" content=\"2022-11-24T18:55:00+00:00\" \/>\n<meta property=\"article:modified_time\" content=\"2024-02-02T18:25:51+00:00\" \/>\n<meta property=\"og:image\" content=\"https:\/\/www.lediamant.ca\/wp-content\/uploads\/2023\/06\/journaldecreation-grockenspiel-opengraph.jpeg\" \/>\n\t<meta property=\"og:image:width\" content=\"1200\" \/>\n\t<meta property=\"og:image:height\" content=\"630\" \/>\n\t<meta property=\"og:image:type\" content=\"image\/jpeg\" \/>\n<meta name=\"author\" content=\"Le Diamant\" \/>\n<meta name=\"twitter:card\" content=\"summary_large_image\" \/>\n<meta name=\"twitter:creator\" content=\"@lediamant_qc\" \/>\n<meta name=\"twitter:site\" content=\"@lediamant_qc\" \/>\n<meta name=\"twitter:label1\" content=\"Written by\" \/>\n\t<meta name=\"twitter:data1\" content=\"Le Diamant\" \/>\n\t<meta name=\"twitter:label2\" content=\"Est. reading time\" \/>\n\t<meta name=\"twitter:data2\" content=\"3 minutes\" \/>\n<script type=\"application\/ld+json\" class=\"yoast-schema-graph\">{\"@context\":\"https:\/\/schema.org\",\"@graph\":[{\"@type\":\"Article\",\"@id\":\"https:\/\/www.lediamant.ca\/en\/le-diamant-se-transformera-a-nouveau-en-glockenspiel#article\",\"isPartOf\":{\"@id\":\"https:\/\/www.lediamant.ca\/en\/le-diamant-se-transformera-a-nouveau-en-glockenspiel\"},\"author\":{\"name\":\"Le Diamant\",\"@id\":\"https:\/\/www.lediamant.ca\/en#\/schema\/person\/1df7cc9f6c6e5901ce19062096c025af\"},\"headline\":\"Le Diamant se transformera \u00e0 nouveau en Glockenspiel\u2009!\",\"datePublished\":\"2022-11-24T18:55:00+00:00\",\"dateModified\":\"2024-02-02T18:25:51+00:00\",\"mainEntityOfPage\":{\"@id\":\"https:\/\/www.lediamant.ca\/en\/le-diamant-se-transformera-a-nouveau-en-glockenspiel\"},\"wordCount\":462,\"publisher\":{\"@id\":\"https:\/\/www.lediamant.ca\/en#organization\"},\"image\":{\"@id\":\"https:\/\/www.lediamant.ca\/en\/le-diamant-se-transformera-a-nouveau-en-glockenspiel#primaryimage\"},\"thumbnailUrl\":\"https:\/\/www.lediamant.ca\/wp-content\/uploads\/2023\/06\/journaldecreation-grockenspiel-visuel.jpeg\",\"articleSection\":[\"Spirit of Place\"],\"inLanguage\":\"en-US\"},{\"@type\":\"WebPage\",\"@id\":\"https:\/\/www.lediamant.ca\/en\/le-diamant-se-transformera-a-nouveau-en-glockenspiel\",\"url\":\"https:\/\/www.lediamant.ca\/en\/le-diamant-se-transformera-a-nouveau-en-glockenspiel\",\"name\":\"Le Diamant se transformera \u00e0 nouveau en Glockenspiel\u2009! - Le Diamant\",\"isPartOf\":{\"@id\":\"https:\/\/www.lediamant.ca\/en#website\"},\"primaryImageOfPage\":{\"@id\":\"https:\/\/www.lediamant.ca\/en\/le-diamant-se-transformera-a-nouveau-en-glockenspiel#primaryimage\"},\"image\":{\"@id\":\"https:\/\/www.lediamant.ca\/en\/le-diamant-se-transformera-a-nouveau-en-glockenspiel#primaryimage\"},\"thumbnailUrl\":\"https:\/\/www.lediamant.ca\/wp-content\/uploads\/2023\/06\/journaldecreation-grockenspiel-visuel.jpeg\",\"datePublished\":\"2022-11-24T18:55:00+00:00\",\"dateModified\":\"2024-02-02T18:25:51+00:00\",\"description\":\"\u00c0 l\u2019invitation du March\u00e9 de No\u00ebl allemand de Qu\u00e9bec, Le Diamant pr\u00e9sentera pour une deuxi\u00e8me ann\u00e9e le Glockenspiel, en partenariat avec Solotech.\",\"breadcrumb\":{\"@id\":\"https:\/\/www.lediamant.ca\/en\/le-diamant-se-transformera-a-nouveau-en-glockenspiel#breadcrumb\"},\"inLanguage\":\"en-US\",\"potentialAction\":[{\"@type\":\"ReadAction\",\"target\":[\"https:\/\/www.lediamant.ca\/en\/le-diamant-se-transformera-a-nouveau-en-glockenspiel\"]}]},{\"@type\":\"ImageObject\",\"inLanguage\":\"en-US\",\"@id\":\"https:\/\/www.lediamant.ca\/en\/le-diamant-se-transformera-a-nouveau-en-glockenspiel#primaryimage\",\"url\":\"https:\/\/www.lediamant.ca\/wp-content\/uploads\/2023\/06\/journaldecreation-grockenspiel-visuel.jpeg\",\"contentUrl\":\"https:\/\/www.lediamant.ca\/wp-content\/uploads\/2023\/06\/journaldecreation-grockenspiel-visuel.jpeg\",\"width\":1200,\"height\":800},{\"@type\":\"BreadcrumbList\",\"@id\":\"https:\/\/www.lediamant.ca\/en\/le-diamant-se-transformera-a-nouveau-en-glockenspiel#breadcrumb\",\"itemListElement\":[{\"@type\":\"ListItem\",\"position\":1,\"name\":\"Accueil\",\"item\":\"https:\/\/www.lediamant.ca\/en\"},{\"@type\":\"ListItem\",\"position\":2,\"name\":\"Le Diamant se transformera \u00e0 nouveau en Glockenspiel\u2009!\"}]},{\"@type\":\"WebSite\",\"@id\":\"https:\/\/www.lediamant.ca\/en#website\",\"url\":\"https:\/\/www.lediamant.ca\/en\",\"name\":\"Le Diamant\",\"description\":\"Salle de spectacle situ\u00e9e \u00e0 place D&#039;Youville, Qu\u00e9bec (Canada). D\u00e9couvrez notre programmation.\",\"publisher\":{\"@id\":\"https:\/\/www.lediamant.ca\/en#organization\"},\"potentialAction\":[{\"@type\":\"SearchAction\",\"target\":{\"@type\":\"EntryPoint\",\"urlTemplate\":\"https:\/\/www.lediamant.ca\/en?s={search_term_string}\"},\"query-input\":{\"@type\":\"PropertyValueSpecification\",\"valueRequired\":true,\"valueName\":\"search_term_string\"}}],\"inLanguage\":\"en-US\"},{\"@type\":\"Organization\",\"@id\":\"https:\/\/www.lediamant.ca\/en#organization\",\"name\":\"Le Diamant\",\"url\":\"https:\/\/www.lediamant.ca\/en\",\"logo\":{\"@type\":\"ImageObject\",\"inLanguage\":\"en-US\",\"@id\":\"https:\/\/www.lediamant.ca\/en#\/schema\/logo\/image\/\",\"url\":\"https:\/\/www.lediamant.ca\/wp-content\/uploads\/2023\/05\/le-diamant-logo.png\",\"contentUrl\":\"https:\/\/www.lediamant.ca\/wp-content\/uploads\/2023\/05\/le-diamant-logo.png\",\"width\":1000,\"height\":750,\"caption\":\"Le Diamant\"},\"image\":{\"@id\":\"https:\/\/www.lediamant.ca\/en#\/schema\/logo\/image\/\"},\"sameAs\":[\"https:\/\/www.facebook.com\/lediamantqc\/\",\"https:\/\/x.com\/lediamant_qc\"]},{\"@type\":\"Person\",\"@id\":\"https:\/\/www.lediamant.ca\/en#\/schema\/person\/1df7cc9f6c6e5901ce19062096c025af\",\"name\":\"Le Diamant\",\"image\":{\"@type\":\"ImageObject\",\"inLanguage\":\"en-US\",\"@id\":\"https:\/\/www.lediamant.ca\/en#\/schema\/person\/image\/\",\"url\":\"https:\/\/secure.gravatar.com\/avatar\/987afa0f07c5e880e415fd6bbdc5cc7ccbd67354d810536804d8f515d64bd014?s=96&d=mm&r=g\",\"contentUrl\":\"https:\/\/secure.gravatar.com\/avatar\/987afa0f07c5e880e415fd6bbdc5cc7ccbd67354d810536804d8f515d64bd014?s=96&d=mm&r=g\",\"caption\":\"Le Diamant\"}}]}<\/script>\n<!-- \/ Yoast SEO plugin. -->","yoast_head_json":{"title":"Le Diamant se transformera \u00e0 nouveau en Glockenspiel\u2009! - Le Diamant","description":"\u00c0 l\u2019invitation du March\u00e9 de No\u00ebl allemand de Qu\u00e9bec, Le Diamant pr\u00e9sentera pour une deuxi\u00e8me ann\u00e9e le Glockenspiel, en partenariat avec Solotech.","robots":{"index":"index","follow":"follow","max-snippet":"max-snippet:-1","max-image-preview":"max-image-preview:large","max-video-preview":"max-video-preview:-1"},"canonical":"https:\/\/www.lediamant.ca\/en\/le-diamant-se-transformera-a-nouveau-en-glockenspiel","og_locale":"en_US","og_type":"article","og_title":"Le Diamant se transformera \u00e0 nouveau en Glockenspiel\u2009!","og_description":"\u00c0 l\u2019invitation du March\u00e9 de No\u00ebl allemand de Qu\u00e9bec, Le Diamant pr\u00e9sentera pour une deuxi\u00e8me ann\u00e9e le Glockenspiel, en partenariat avec Solotech.","og_url":"https:\/\/www.lediamant.ca\/en\/le-diamant-se-transformera-a-nouveau-en-glockenspiel","og_site_name":"Le Diamant","article_publisher":"https:\/\/www.facebook.com\/lediamantqc\/","article_published_time":"2022-11-24T18:55:00+00:00","article_modified_time":"2024-02-02T18:25:51+00:00","og_image":[{"width":1200,"height":630,"url":"https:\/\/www.lediamant.ca\/wp-content\/uploads\/2023\/06\/journaldecreation-grockenspiel-opengraph.jpeg","type":"image\/jpeg"}],"author":"Le Diamant","twitter_card":"summary_large_image","twitter_creator":"@lediamant_qc","twitter_site":"@lediamant_qc","twitter_misc":{"Written by":"Le Diamant","Est. reading time":"3 minutes"},"schema":{"@context":"https:\/\/schema.org","@graph":[{"@type":"Article","@id":"https:\/\/www.lediamant.ca\/en\/le-diamant-se-transformera-a-nouveau-en-glockenspiel#article","isPartOf":{"@id":"https:\/\/www.lediamant.ca\/en\/le-diamant-se-transformera-a-nouveau-en-glockenspiel"},"author":{"name":"Le Diamant","@id":"https:\/\/www.lediamant.ca\/en#\/schema\/person\/1df7cc9f6c6e5901ce19062096c025af"},"headline":"Le Diamant se transformera \u00e0 nouveau en Glockenspiel\u2009!","datePublished":"2022-11-24T18:55:00+00:00","dateModified":"2024-02-02T18:25:51+00:00","mainEntityOfPage":{"@id":"https:\/\/www.lediamant.ca\/en\/le-diamant-se-transformera-a-nouveau-en-glockenspiel"},"wordCount":462,"publisher":{"@id":"https:\/\/www.lediamant.ca\/en#organization"},"image":{"@id":"https:\/\/www.lediamant.ca\/en\/le-diamant-se-transformera-a-nouveau-en-glockenspiel#primaryimage"},"thumbnailUrl":"https:\/\/www.lediamant.ca\/wp-content\/uploads\/2023\/06\/journaldecreation-grockenspiel-visuel.jpeg","articleSection":["Spirit of Place"],"inLanguage":"en-US"},{"@type":"WebPage","@id":"https:\/\/www.lediamant.ca\/en\/le-diamant-se-transformera-a-nouveau-en-glockenspiel","url":"https:\/\/www.lediamant.ca\/en\/le-diamant-se-transformera-a-nouveau-en-glockenspiel","name":"Le Diamant se transformera \u00e0 nouveau en Glockenspiel\u2009! - Le Diamant","isPartOf":{"@id":"https:\/\/www.lediamant.ca\/en#website"},"primaryImageOfPage":{"@id":"https:\/\/www.lediamant.ca\/en\/le-diamant-se-transformera-a-nouveau-en-glockenspiel#primaryimage"},"image":{"@id":"https:\/\/www.lediamant.ca\/en\/le-diamant-se-transformera-a-nouveau-en-glockenspiel#primaryimage"},"thumbnailUrl":"https:\/\/www.lediamant.ca\/wp-content\/uploads\/2023\/06\/journaldecreation-grockenspiel-visuel.jpeg","datePublished":"2022-11-24T18:55:00+00:00","dateModified":"2024-02-02T18:25:51+00:00","description":"\u00c0 l\u2019invitation du March\u00e9 de No\u00ebl allemand de Qu\u00e9bec, Le Diamant pr\u00e9sentera pour une deuxi\u00e8me ann\u00e9e le Glockenspiel, en partenariat avec Solotech.","breadcrumb":{"@id":"https:\/\/www.lediamant.ca\/en\/le-diamant-se-transformera-a-nouveau-en-glockenspiel#breadcrumb"},"inLanguage":"en-US","potentialAction":[{"@type":"ReadAction","target":["https:\/\/www.lediamant.ca\/en\/le-diamant-se-transformera-a-nouveau-en-glockenspiel"]}]},{"@type":"ImageObject","inLanguage":"en-US","@id":"https:\/\/www.lediamant.ca\/en\/le-diamant-se-transformera-a-nouveau-en-glockenspiel#primaryimage","url":"https:\/\/www.lediamant.ca\/wp-content\/uploads\/2023\/06\/journaldecreation-grockenspiel-visuel.jpeg","contentUrl":"https:\/\/www.lediamant.ca\/wp-content\/uploads\/2023\/06\/journaldecreation-grockenspiel-visuel.jpeg","width":1200,"height":800},{"@type":"BreadcrumbList","@id":"https:\/\/www.lediamant.ca\/en\/le-diamant-se-transformera-a-nouveau-en-glockenspiel#breadcrumb","itemListElement":[{"@type":"ListItem","position":1,"name":"Accueil","item":"https:\/\/www.lediamant.ca\/en"},{"@type":"ListItem","position":2,"name":"Le Diamant se transformera \u00e0 nouveau en Glockenspiel\u2009!"}]},{"@type":"WebSite","@id":"https:\/\/www.lediamant.ca\/en#website","url":"https:\/\/www.lediamant.ca\/en","name":"Le Diamant","description":"Salle de spectacle situ\u00e9e \u00e0 place D&#039;Youville, Qu\u00e9bec (Canada). D\u00e9couvrez notre programmation.","publisher":{"@id":"https:\/\/www.lediamant.ca\/en#organization"},"potentialAction":[{"@type":"SearchAction","target":{"@type":"EntryPoint","urlTemplate":"https:\/\/www.lediamant.ca\/en?s={search_term_string}"},"query-input":{"@type":"PropertyValueSpecification","valueRequired":true,"valueName":"search_term_string"}}],"inLanguage":"en-US"},{"@type":"Organization","@id":"https:\/\/www.lediamant.ca\/en#organization","name":"Le Diamant","url":"https:\/\/www.lediamant.ca\/en","logo":{"@type":"ImageObject","inLanguage":"en-US","@id":"https:\/\/www.lediamant.ca\/en#\/schema\/logo\/image\/","url":"https:\/\/www.lediamant.ca\/wp-content\/uploads\/2023\/05\/le-diamant-logo.png","contentUrl":"https:\/\/www.lediamant.ca\/wp-content\/uploads\/2023\/05\/le-diamant-logo.png","width":1000,"height":750,"caption":"Le Diamant"},"image":{"@id":"https:\/\/www.lediamant.ca\/en#\/schema\/logo\/image\/"},"sameAs":["https:\/\/www.facebook.com\/lediamantqc\/","https:\/\/x.com\/lediamant_qc"]},{"@type":"Person","@id":"https:\/\/www.lediamant.ca\/en#\/schema\/person\/1df7cc9f6c6e5901ce19062096c025af","name":"Le Diamant","image":{"@type":"ImageObject","inLanguage":"en-US","@id":"https:\/\/www.lediamant.ca\/en#\/schema\/person\/image\/","url":"https:\/\/secure.gravatar.com\/avatar\/987afa0f07c5e880e415fd6bbdc5cc7ccbd67354d810536804d8f515d64bd014?s=96&d=mm&r=g","contentUrl":"https:\/\/secure.gravatar.com\/avatar\/987afa0f07c5e880e415fd6bbdc5cc7ccbd67354d810536804d8f515d64bd014?s=96&d=mm&r=g","caption":"Le Diamant"}}]}},"_links":{"self":[{"href":"https:\/\/www.lediamant.ca\/en\/wp-json\/wp\/v2\/posts\/9002","targetHints":{"allow":["GET"]}}],"collection":[{"href":"https:\/\/www.lediamant.ca\/en\/wp-json\/wp\/v2\/posts"}],"about":[{"href":"https:\/\/www.lediamant.ca\/en\/wp-json\/wp\/v2\/types\/post"}],"author":[{"embeddable":true,"href":"https:\/\/www.lediamant.ca\/en\/wp-json\/wp\/v2\/users\/2"}],"replies":[{"embeddable":true,"href":"https:\/\/www.lediamant.ca\/en\/wp-json\/wp\/v2\/comments?post=9002"}],"version-history":[{"count":1,"href":"https:\/\/www.lediamant.ca\/en\/wp-json\/wp\/v2\/posts\/9002\/revisions"}],"predecessor-version":[{"id":9003,"href":"https:\/\/www.lediamant.ca\/en\/wp-json\/wp\/v2\/posts\/9002\/revisions\/9003"}],"wp:featuredmedia":[{"embeddable":true,"href":"https:\/\/www.lediamant.ca\/en\/wp-json\/wp\/v2\/media\/3916"}],"wp:attachment":[{"href":"https:\/\/www.lediamant.ca\/en\/wp-json\/wp\/v2\/media?parent=9002"}],"wp:term":[{"taxonomy":"category","embeddable":true,"href":"https:\/\/www.lediamant.ca\/en\/wp-json\/wp\/v2\/categories?post=9002"},{"taxonomy":"post_tag","embeddable":true,"href":"https:\/\/www.lediamant.ca\/en\/wp-json\/wp\/v2\/tags?post=9002"}],"curies":[{"name":"wp","href":"https:\/\/api.w.org\/{rel}","templated":true}]}}