{"id":8974,"date":"2023-08-09T10:42:30","date_gmt":"2023-08-09T14:42:30","guid":{"rendered":"https:\/\/www.lediamant.ca\/fcvq-solo"},"modified":"2024-02-02T14:03:27","modified_gmt":"2024-02-02T18:03:27","slug":"fcvq-solo","status":"publish","type":"post","link":"https:\/\/www.lediamant.ca\/en\/fcvq-solo","title":{"rendered":"<i>SOLO<\/i> ouvre le Festival de cin\u00e9ma de la ville de Qu\u00e9bec au Diamant"},"content":{"rendered":"<div class=\"item wysiwyg component-html\" >\n<p class=\"has-text-align-left has-light-gray-color has-dark-gray-background-color has-text-color has-background\" style=\"padding:1.25em 1.25em;display:inline-block;\">Sorry for the inconvenience, this article is only available in French.<\/p>\n<\/div>\n\n<div class=\"item wysiwyg component-paragraph\" >\n<p>C\u2019est avec grand plaisir que Le Diamant accueille comme \u00e9v\u00e9nement partenaire le <a href=\"https:\/\/fcvq.ca\/\" target=\"_blank\" rel=\"noreferrer noopener\">Festival de cin\u00e9ma de la ville de Qu\u00e9bec<\/a>.\u00a0<\/p>\n<\/div>\n\n<div class=\"item wysiwyg component-paragraph\" >\n<p>Le 14 septembre prochain, en ouverture du FCVQ, le long m\u00e9trage de la r\u00e9alisatrice Sophie Dupuis, <em>SOLO<\/em>, sera pr\u00e9sent\u00e9 en grande premi\u00e8re qu\u00e9b\u00e9coise dans la salle Hydro-Qu\u00e9bec.<\/p>\n<\/div>\n\n<div class=\"item wysiwyg component-embed\" >\n<figure class=\"wp-block-embed is-type-video is-provider-youtube wp-block-embed-youtube wp-embed-aspect-16-9 wp-has-aspect-ratio\"><div class=\"wp-block-embed__wrapper\">\n<iframe loading=\"lazy\" title=\"SOLO TLR FR XX TIFF Version\" width=\"500\" height=\"281\" src=\"https:\/\/www.youtube.com\/embed\/wicyyGfXXCg?feature=oembed\" frameborder=\"0\" allow=\"accelerometer; autoplay; clipboard-write; encrypted-media; gyroscope; picture-in-picture; web-share\" referrerpolicy=\"strict-origin-when-cross-origin\" allowfullscreen><\/iframe>\n<\/div><\/figure>\n<\/div>\n\n<div class=\"item wysiwyg component-heading\" >\n<h3 class=\"wp-block-heading\">Synopsis<\/h3>\n<\/div>\n\n<div class=\"item wysiwyg component-paragraph\" >\n<p><em>SOLO<\/em> raconte l\u2019histoire de Simon, \u00e9toile montante de la sc\u00e8ne <em>drag queen<\/em> de Montr\u00e9al. C\u2019est le coup de foudre lorsqu\u2019il rencontre Olivier, la nouvelle recrue du bar-spectacle o\u00f9 il se produit. Alors que Simon croit vivre une \u00e9lectrisante histoire d\u2019amour, il s\u2019installe entre eux une dynamique toxique et destructrice. En parall\u00e8le, Claire, la m\u00e8re de Simon, c\u00e9l\u00e8bre chanteuse d\u2019op\u00e9ra, revient travailler au pays apr\u00e8s 15 ans d\u2019absence. Fascin\u00e9 par cette femme qu&#8217;il ne conna\u00eet presque plus mais qu\u2019il id\u00e9alise, Simon s\u2019obstine \u00e0 essayer de cr\u00e9er un lien avec elle. Fragilis\u00e9 par l\u2019\u00e9chec de ces deux amours impossibles, Simon n\u2019aura d\u2019autre choix que de se rendre compte qu&#8217;il m\u00e9rite mieux.&nbsp;<\/p>\n<\/div>\n\n<div class=\"item wysiwyg component-heading\" >\n<h3 class=\"wp-block-heading\">BILLETS EN VENTE D\u00c8S MAINTENANT<\/h3>\n<\/div>\n\n<div class=\"item wysiwyg component-paragraph\" >\n<p>Venez voir ce long m\u00e9trage qui donne des sensations fortes et qui ne laisse personne indiff\u00e9rent. Pour l&#8217;achat de billets, c\u2019est par <a href=\"https:\/\/lepointdevente.com\/billets\/solofcvq?fbclid=IwAR3zDHKm9v3lvkV9AQLVJHY7BgiBordiiv9k02JaAbjoU_bF-G5LLWG9c70\">lepointdevente<\/a> exclusivement.&nbsp;<\/p>\n<\/div>\n\n<div class=\"item wysiwyg component-paragraph\" >\n<p>Au plaisir de d\u00e9couvrir l\u2019univers de <em>SOLO<\/em> avec vous en septembre\u2009!<\/p>\n<\/div>","protected":false},"excerpt":{"rendered":"C\u2019est avec grand plaisir que Le Diamant accueille cette ann\u00e9e le Festival de cin\u00e9ma de la ville de Qu\u00e9bec comme partenaire de programmation. ","protected":false},"author":2,"featured_media":5010,"comment_status":"closed","ping_status":"closed","sticky":false,"template":"","format":"standard","meta":{"_acf_changed":false,"footnotes":""},"categories":[128],"tags":[],"class_list":["post-8974","post","type-post","status-publish","format-standard","has-post-thumbnail","hentry","category-press-release"],"acf":[],"yoast_head":"<!-- This site is optimized with the Yoast SEO plugin v26.5 - https:\/\/yoast.com\/wordpress\/plugins\/seo\/ -->\n<title>SOLO ouvre le Festival de cin\u00e9ma de la ville de Qu\u00e9bec au Diamant - Le Diamant<\/title>\n<meta name=\"description\" content=\"C\u2019est avec grand plaisir que Le Diamant accueille comme \u00e9v\u00e9nement partenaire le Festival de cin\u00e9ma de la ville de Qu\u00e9bec.\" \/>\n<meta name=\"robots\" content=\"index, follow, max-snippet:-1, max-image-preview:large, max-video-preview:-1\" \/>\n<link rel=\"canonical\" href=\"https:\/\/www.lediamant.ca\/en\/fcvq-solo\" \/>\n<meta property=\"og:locale\" content=\"en_US\" \/>\n<meta property=\"og:type\" content=\"article\" \/>\n<meta property=\"og:title\" content=\"SOLO ouvre le Festival de cin\u00e9ma de la ville de Qu\u00e9bec au Diamant\" \/>\n<meta property=\"og:description\" content=\"Le 14 septembre prochain, en ouverture du FCVQ, le long m\u00e9trage de la r\u00e9alisatrice Sophie Dupuis, SOLO, sera pr\u00e9sent\u00e9 en grande premi\u00e8re qu\u00e9b\u00e9coise dans la salle Hydro-Qu\u00e9bec.\" \/>\n<meta property=\"og:url\" content=\"https:\/\/www.lediamant.ca\/en\/fcvq-solo\" \/>\n<meta property=\"og:site_name\" content=\"Le Diamant\" \/>\n<meta property=\"article:publisher\" content=\"https:\/\/www.facebook.com\/lediamantqc\/\" \/>\n<meta property=\"article:published_time\" content=\"2023-08-09T14:42:30+00:00\" \/>\n<meta property=\"article:modified_time\" content=\"2024-02-02T18:03:27+00:00\" \/>\n<meta property=\"og:image\" content=\"https:\/\/www.lediamant.ca\/wp-content\/uploads\/2023\/08\/Journaldecreation-fcvq-solo-opengraph.jpg\" \/>\n\t<meta property=\"og:image:width\" content=\"1200\" \/>\n\t<meta property=\"og:image:height\" content=\"628\" \/>\n\t<meta property=\"og:image:type\" content=\"image\/jpeg\" \/>\n<meta name=\"author\" content=\"Le Diamant\" \/>\n<meta name=\"twitter:card\" content=\"summary_large_image\" \/>\n<meta name=\"twitter:creator\" content=\"@lediamant_qc\" \/>\n<meta name=\"twitter:site\" content=\"@lediamant_qc\" \/>\n<meta name=\"twitter:label1\" content=\"Written by\" \/>\n\t<meta name=\"twitter:data1\" content=\"Le Diamant\" \/>\n\t<meta name=\"twitter:label2\" content=\"Est. reading time\" \/>\n\t<meta name=\"twitter:data2\" content=\"2 minutes\" \/>\n<script type=\"application\/ld+json\" class=\"yoast-schema-graph\">{\"@context\":\"https:\/\/schema.org\",\"@graph\":[{\"@type\":\"Article\",\"@id\":\"https:\/\/www.lediamant.ca\/en\/fcvq-solo#article\",\"isPartOf\":{\"@id\":\"https:\/\/www.lediamant.ca\/en\/fcvq-solo\"},\"author\":{\"name\":\"Le Diamant\",\"@id\":\"https:\/\/www.lediamant.ca\/en#\/schema\/person\/1df7cc9f6c6e5901ce19062096c025af\"},\"headline\":\"SOLO ouvre le Festival de cin\u00e9ma de la ville de Qu\u00e9bec au Diamant\",\"datePublished\":\"2023-08-09T14:42:30+00:00\",\"dateModified\":\"2024-02-02T18:03:27+00:00\",\"mainEntityOfPage\":{\"@id\":\"https:\/\/www.lediamant.ca\/en\/fcvq-solo\"},\"wordCount\":270,\"publisher\":{\"@id\":\"https:\/\/www.lediamant.ca\/en#organization\"},\"image\":{\"@id\":\"https:\/\/www.lediamant.ca\/en\/fcvq-solo#primaryimage\"},\"thumbnailUrl\":\"https:\/\/www.lediamant.ca\/wp-content\/uploads\/2023\/08\/Journaldecreation-fcvq-solo.jpg\",\"articleSection\":[\"Press Release\"],\"inLanguage\":\"en-US\"},{\"@type\":\"WebPage\",\"@id\":\"https:\/\/www.lediamant.ca\/en\/fcvq-solo\",\"url\":\"https:\/\/www.lediamant.ca\/en\/fcvq-solo\",\"name\":\"SOLO ouvre le Festival de cin\u00e9ma de la ville de Qu\u00e9bec au Diamant - Le Diamant\",\"isPartOf\":{\"@id\":\"https:\/\/www.lediamant.ca\/en#website\"},\"primaryImageOfPage\":{\"@id\":\"https:\/\/www.lediamant.ca\/en\/fcvq-solo#primaryimage\"},\"image\":{\"@id\":\"https:\/\/www.lediamant.ca\/en\/fcvq-solo#primaryimage\"},\"thumbnailUrl\":\"https:\/\/www.lediamant.ca\/wp-content\/uploads\/2023\/08\/Journaldecreation-fcvq-solo.jpg\",\"datePublished\":\"2023-08-09T14:42:30+00:00\",\"dateModified\":\"2024-02-02T18:03:27+00:00\",\"description\":\"C\u2019est avec grand plaisir que Le Diamant accueille comme \u00e9v\u00e9nement partenaire le Festival de cin\u00e9ma de la ville de Qu\u00e9bec.\",\"breadcrumb\":{\"@id\":\"https:\/\/www.lediamant.ca\/en\/fcvq-solo#breadcrumb\"},\"inLanguage\":\"en-US\",\"potentialAction\":[{\"@type\":\"ReadAction\",\"target\":[\"https:\/\/www.lediamant.ca\/en\/fcvq-solo\"]}]},{\"@type\":\"ImageObject\",\"inLanguage\":\"en-US\",\"@id\":\"https:\/\/www.lediamant.ca\/en\/fcvq-solo#primaryimage\",\"url\":\"https:\/\/www.lediamant.ca\/wp-content\/uploads\/2023\/08\/Journaldecreation-fcvq-solo.jpg\",\"contentUrl\":\"https:\/\/www.lediamant.ca\/wp-content\/uploads\/2023\/08\/Journaldecreation-fcvq-solo.jpg\",\"width\":1200,\"height\":1200},{\"@type\":\"BreadcrumbList\",\"@id\":\"https:\/\/www.lediamant.ca\/en\/fcvq-solo#breadcrumb\",\"itemListElement\":[{\"@type\":\"ListItem\",\"position\":1,\"name\":\"Accueil\",\"item\":\"https:\/\/www.lediamant.ca\/en\"},{\"@type\":\"ListItem\",\"position\":2,\"name\":\"SOLO ouvre le Festival de cin\u00e9ma de la ville de Qu\u00e9bec au Diamant\"}]},{\"@type\":\"WebSite\",\"@id\":\"https:\/\/www.lediamant.ca\/en#website\",\"url\":\"https:\/\/www.lediamant.ca\/en\",\"name\":\"Le Diamant\",\"description\":\"Salle de spectacle situ\u00e9e \u00e0 place D&#039;Youville, Qu\u00e9bec (Canada). D\u00e9couvrez notre programmation.\",\"publisher\":{\"@id\":\"https:\/\/www.lediamant.ca\/en#organization\"},\"potentialAction\":[{\"@type\":\"SearchAction\",\"target\":{\"@type\":\"EntryPoint\",\"urlTemplate\":\"https:\/\/www.lediamant.ca\/en?s={search_term_string}\"},\"query-input\":{\"@type\":\"PropertyValueSpecification\",\"valueRequired\":true,\"valueName\":\"search_term_string\"}}],\"inLanguage\":\"en-US\"},{\"@type\":\"Organization\",\"@id\":\"https:\/\/www.lediamant.ca\/en#organization\",\"name\":\"Le Diamant\",\"url\":\"https:\/\/www.lediamant.ca\/en\",\"logo\":{\"@type\":\"ImageObject\",\"inLanguage\":\"en-US\",\"@id\":\"https:\/\/www.lediamant.ca\/en#\/schema\/logo\/image\/\",\"url\":\"https:\/\/www.lediamant.ca\/wp-content\/uploads\/2023\/05\/le-diamant-logo.png\",\"contentUrl\":\"https:\/\/www.lediamant.ca\/wp-content\/uploads\/2023\/05\/le-diamant-logo.png\",\"width\":1000,\"height\":750,\"caption\":\"Le Diamant\"},\"image\":{\"@id\":\"https:\/\/www.lediamant.ca\/en#\/schema\/logo\/image\/\"},\"sameAs\":[\"https:\/\/www.facebook.com\/lediamantqc\/\",\"https:\/\/x.com\/lediamant_qc\"]},{\"@type\":\"Person\",\"@id\":\"https:\/\/www.lediamant.ca\/en#\/schema\/person\/1df7cc9f6c6e5901ce19062096c025af\",\"name\":\"Le Diamant\",\"image\":{\"@type\":\"ImageObject\",\"inLanguage\":\"en-US\",\"@id\":\"https:\/\/www.lediamant.ca\/en#\/schema\/person\/image\/\",\"url\":\"https:\/\/secure.gravatar.com\/avatar\/987afa0f07c5e880e415fd6bbdc5cc7ccbd67354d810536804d8f515d64bd014?s=96&d=mm&r=g\",\"contentUrl\":\"https:\/\/secure.gravatar.com\/avatar\/987afa0f07c5e880e415fd6bbdc5cc7ccbd67354d810536804d8f515d64bd014?s=96&d=mm&r=g\",\"caption\":\"Le Diamant\"}}]}<\/script>\n<!-- \/ Yoast SEO plugin. -->","yoast_head_json":{"title":"SOLO ouvre le Festival de cin\u00e9ma de la ville de Qu\u00e9bec au Diamant - Le Diamant","description":"C\u2019est avec grand plaisir que Le Diamant accueille comme \u00e9v\u00e9nement partenaire le Festival de cin\u00e9ma de la ville de Qu\u00e9bec.","robots":{"index":"index","follow":"follow","max-snippet":"max-snippet:-1","max-image-preview":"max-image-preview:large","max-video-preview":"max-video-preview:-1"},"canonical":"https:\/\/www.lediamant.ca\/en\/fcvq-solo","og_locale":"en_US","og_type":"article","og_title":"SOLO ouvre le Festival de cin\u00e9ma de la ville de Qu\u00e9bec au Diamant","og_description":"Le 14 septembre prochain, en ouverture du FCVQ, le long m\u00e9trage de la r\u00e9alisatrice Sophie Dupuis, SOLO, sera pr\u00e9sent\u00e9 en grande premi\u00e8re qu\u00e9b\u00e9coise dans la salle Hydro-Qu\u00e9bec.","og_url":"https:\/\/www.lediamant.ca\/en\/fcvq-solo","og_site_name":"Le Diamant","article_publisher":"https:\/\/www.facebook.com\/lediamantqc\/","article_published_time":"2023-08-09T14:42:30+00:00","article_modified_time":"2024-02-02T18:03:27+00:00","og_image":[{"width":1200,"height":628,"url":"https:\/\/www.lediamant.ca\/wp-content\/uploads\/2023\/08\/Journaldecreation-fcvq-solo-opengraph.jpg","type":"image\/jpeg"}],"author":"Le Diamant","twitter_card":"summary_large_image","twitter_creator":"@lediamant_qc","twitter_site":"@lediamant_qc","twitter_misc":{"Written by":"Le Diamant","Est. reading time":"2 minutes"},"schema":{"@context":"https:\/\/schema.org","@graph":[{"@type":"Article","@id":"https:\/\/www.lediamant.ca\/en\/fcvq-solo#article","isPartOf":{"@id":"https:\/\/www.lediamant.ca\/en\/fcvq-solo"},"author":{"name":"Le Diamant","@id":"https:\/\/www.lediamant.ca\/en#\/schema\/person\/1df7cc9f6c6e5901ce19062096c025af"},"headline":"SOLO ouvre le Festival de cin\u00e9ma de la ville de Qu\u00e9bec au Diamant","datePublished":"2023-08-09T14:42:30+00:00","dateModified":"2024-02-02T18:03:27+00:00","mainEntityOfPage":{"@id":"https:\/\/www.lediamant.ca\/en\/fcvq-solo"},"wordCount":270,"publisher":{"@id":"https:\/\/www.lediamant.ca\/en#organization"},"image":{"@id":"https:\/\/www.lediamant.ca\/en\/fcvq-solo#primaryimage"},"thumbnailUrl":"https:\/\/www.lediamant.ca\/wp-content\/uploads\/2023\/08\/Journaldecreation-fcvq-solo.jpg","articleSection":["Press Release"],"inLanguage":"en-US"},{"@type":"WebPage","@id":"https:\/\/www.lediamant.ca\/en\/fcvq-solo","url":"https:\/\/www.lediamant.ca\/en\/fcvq-solo","name":"SOLO ouvre le Festival de cin\u00e9ma de la ville de Qu\u00e9bec au Diamant - Le Diamant","isPartOf":{"@id":"https:\/\/www.lediamant.ca\/en#website"},"primaryImageOfPage":{"@id":"https:\/\/www.lediamant.ca\/en\/fcvq-solo#primaryimage"},"image":{"@id":"https:\/\/www.lediamant.ca\/en\/fcvq-solo#primaryimage"},"thumbnailUrl":"https:\/\/www.lediamant.ca\/wp-content\/uploads\/2023\/08\/Journaldecreation-fcvq-solo.jpg","datePublished":"2023-08-09T14:42:30+00:00","dateModified":"2024-02-02T18:03:27+00:00","description":"C\u2019est avec grand plaisir que Le Diamant accueille comme \u00e9v\u00e9nement partenaire le Festival de cin\u00e9ma de la ville de Qu\u00e9bec.","breadcrumb":{"@id":"https:\/\/www.lediamant.ca\/en\/fcvq-solo#breadcrumb"},"inLanguage":"en-US","potentialAction":[{"@type":"ReadAction","target":["https:\/\/www.lediamant.ca\/en\/fcvq-solo"]}]},{"@type":"ImageObject","inLanguage":"en-US","@id":"https:\/\/www.lediamant.ca\/en\/fcvq-solo#primaryimage","url":"https:\/\/www.lediamant.ca\/wp-content\/uploads\/2023\/08\/Journaldecreation-fcvq-solo.jpg","contentUrl":"https:\/\/www.lediamant.ca\/wp-content\/uploads\/2023\/08\/Journaldecreation-fcvq-solo.jpg","width":1200,"height":1200},{"@type":"BreadcrumbList","@id":"https:\/\/www.lediamant.ca\/en\/fcvq-solo#breadcrumb","itemListElement":[{"@type":"ListItem","position":1,"name":"Accueil","item":"https:\/\/www.lediamant.ca\/en"},{"@type":"ListItem","position":2,"name":"SOLO ouvre le Festival de cin\u00e9ma de la ville de Qu\u00e9bec au Diamant"}]},{"@type":"WebSite","@id":"https:\/\/www.lediamant.ca\/en#website","url":"https:\/\/www.lediamant.ca\/en","name":"Le Diamant","description":"Salle de spectacle situ\u00e9e \u00e0 place D&#039;Youville, Qu\u00e9bec (Canada). D\u00e9couvrez notre programmation.","publisher":{"@id":"https:\/\/www.lediamant.ca\/en#organization"},"potentialAction":[{"@type":"SearchAction","target":{"@type":"EntryPoint","urlTemplate":"https:\/\/www.lediamant.ca\/en?s={search_term_string}"},"query-input":{"@type":"PropertyValueSpecification","valueRequired":true,"valueName":"search_term_string"}}],"inLanguage":"en-US"},{"@type":"Organization","@id":"https:\/\/www.lediamant.ca\/en#organization","name":"Le Diamant","url":"https:\/\/www.lediamant.ca\/en","logo":{"@type":"ImageObject","inLanguage":"en-US","@id":"https:\/\/www.lediamant.ca\/en#\/schema\/logo\/image\/","url":"https:\/\/www.lediamant.ca\/wp-content\/uploads\/2023\/05\/le-diamant-logo.png","contentUrl":"https:\/\/www.lediamant.ca\/wp-content\/uploads\/2023\/05\/le-diamant-logo.png","width":1000,"height":750,"caption":"Le Diamant"},"image":{"@id":"https:\/\/www.lediamant.ca\/en#\/schema\/logo\/image\/"},"sameAs":["https:\/\/www.facebook.com\/lediamantqc\/","https:\/\/x.com\/lediamant_qc"]},{"@type":"Person","@id":"https:\/\/www.lediamant.ca\/en#\/schema\/person\/1df7cc9f6c6e5901ce19062096c025af","name":"Le Diamant","image":{"@type":"ImageObject","inLanguage":"en-US","@id":"https:\/\/www.lediamant.ca\/en#\/schema\/person\/image\/","url":"https:\/\/secure.gravatar.com\/avatar\/987afa0f07c5e880e415fd6bbdc5cc7ccbd67354d810536804d8f515d64bd014?s=96&d=mm&r=g","contentUrl":"https:\/\/secure.gravatar.com\/avatar\/987afa0f07c5e880e415fd6bbdc5cc7ccbd67354d810536804d8f515d64bd014?s=96&d=mm&r=g","caption":"Le Diamant"}}]}},"_links":{"self":[{"href":"https:\/\/www.lediamant.ca\/en\/wp-json\/wp\/v2\/posts\/8974","targetHints":{"allow":["GET"]}}],"collection":[{"href":"https:\/\/www.lediamant.ca\/en\/wp-json\/wp\/v2\/posts"}],"about":[{"href":"https:\/\/www.lediamant.ca\/en\/wp-json\/wp\/v2\/types\/post"}],"author":[{"embeddable":true,"href":"https:\/\/www.lediamant.ca\/en\/wp-json\/wp\/v2\/users\/2"}],"replies":[{"embeddable":true,"href":"https:\/\/www.lediamant.ca\/en\/wp-json\/wp\/v2\/comments?post=8974"}],"version-history":[{"count":1,"href":"https:\/\/www.lediamant.ca\/en\/wp-json\/wp\/v2\/posts\/8974\/revisions"}],"predecessor-version":[{"id":8975,"href":"https:\/\/www.lediamant.ca\/en\/wp-json\/wp\/v2\/posts\/8974\/revisions\/8975"}],"wp:featuredmedia":[{"embeddable":true,"href":"https:\/\/www.lediamant.ca\/en\/wp-json\/wp\/v2\/media\/5010"}],"wp:attachment":[{"href":"https:\/\/www.lediamant.ca\/en\/wp-json\/wp\/v2\/media?parent=8974"}],"wp:term":[{"taxonomy":"category","embeddable":true,"href":"https:\/\/www.lediamant.ca\/en\/wp-json\/wp\/v2\/categories?post=8974"},{"taxonomy":"post_tag","embeddable":true,"href":"https:\/\/www.lediamant.ca\/en\/wp-json\/wp\/v2\/tags?post=8974"}],"curies":[{"name":"wp","href":"https:\/\/api.w.org\/{rel}","templated":true}]}}