{"id":8956,"date":"2023-09-25T10:13:04","date_gmt":"2023-09-25T14:13:04","guid":{"rendered":"https:\/\/www.lediamant.ca\/contribution-majeure-a-la-campagne-de-financement-prive"},"modified":"2024-02-02T12:04:39","modified_gmt":"2024-02-02T16:04:39","slug":"contribution-majeure-a-la-campagne-de-financement-prive","status":"publish","type":"post","link":"https:\/\/www.lediamant.ca\/en\/contribution-majeure-a-la-campagne-de-financement-prive","title":{"rendered":"Contribution majeure \u00e0 la campagne de financement priv\u00e9"},"content":{"rendered":"<div class=\"item wysiwyg component-html\" >\n<p class=\"has-text-align-left has-light-gray-color has-dark-gray-background-color has-text-color has-background\" style=\"padding:1.25em 1.25em;display:inline-block;\">Sorry for the inconvenience, this article is only available in French.<\/p>\n<\/div>\n\n<div class=\"item wysiwyg component-heading\" >\n<h2 class=\"wp-block-heading\">Don de 1\u00a0million\u2009$ de la Fondation Sandra et Alain Bouchard pour appuyer la mission du Diamant<\/h2>\n<\/div>\n\n<div class=\"item wysiwyg component-paragraph\" >\n<p>Le Diamant souligne aujourd\u2019hui l\u2019importante contribution de la <strong>Fondation Sandra et Alain Bouchard<\/strong> (FSAB) \u00e0 sa campagne majeure de financement priv\u00e9. Gr\u00e2ce \u00e0 son g\u00e9n\u00e9reux don de 1&nbsp;million&nbsp;$, la FSAB permet au Diamant d\u2019atteindre 99% de l\u2019objectif de la campagne fix\u00e9 \u00e0 10&nbsp;M$.<\/p>\n<\/div>\n\n<div class=\"item component-spacer\" ><div class=\"container\">\n<div style=\"height:50px\" aria-hidden=\"true\" class=\"wp-block-spacer\"><\/div>\n<\/div><\/div>\n\n<div class=\"item component-media-text\">\n<div class=\"wp-block-media-text alignwide is-stacked-on-mobile\" style=\"grid-template-columns:30% auto\"><figure class=\"wp-block-media-text__media\"><img decoding=\"async\" width=\"850\" height=\"850\" src=\"https:\/\/www.lediamant.ca\/wp-content\/uploads\/2023\/09\/sandra-alain.jpg\" alt=\"\" class=\"wp-image-6123 size-full\"\/ loading=\"lazy\" srcset=\"https:\/\/www.lediamant.ca\/wp-content\/uploads\/2023\/09\/sandra-alain.jpg 850w, https:\/\/www.lediamant.ca\/wp-content\/uploads\/2023\/09\/sandra-alain-700x700.jpg 700w, https:\/\/www.lediamant.ca\/wp-content\/uploads\/2023\/09\/sandra-alain-768x768.jpg 768w, https:\/\/www.lediamant.ca\/wp-content\/uploads\/2023\/09\/sandra-alain-400x400.jpg 400w\" sizes=\"auto, (max-width: 850px) 100vw, 850px\" \/><\/figure><div class=\"wp-block-media-text__content\"><div class=\"item wysiwyg component-quote\" >\n<blockquote class=\"wp-block-quote has-text-align-left is-layout-flow wp-block-quote-is-layout-flow\"><div class=\"item wysiwyg component-paragraph\" >\n<p>\u00ab&nbsp;La FSAB est fi\u00e8re d&#8217;offrir un appui \u00e0 la mission du Diamant et de contribuer au rayonnement des arts vivants en favorisant les rencontres entre les publics, les artistes et les cr\u00e9ateurs issus de tous les milieux&nbsp;\u00bb mentionne <strong>Mme Sandra&nbsp;Chartrand, pr\u00e9sidente de la Fondation Sandra et Alain Bouchard<\/strong>. \u00ab&nbsp;Depuis toujours, nous sommes convaincus de l\u2019impact positif des arts et de la culture sur les collectivit\u00e9s. La mise en place de programmes au Diamant vou\u00e9s \u00e0 l&#8217;\u00e9panouissement des enfants et des adultes vivant avec des limitations fonctionnelles s&#8217;inscrit parfaitement dans la mission de la FSAB. Notre engagement pour les cinq prochaines ann\u00e9es permettra notamment \u00e0 des milliers de personnes d\u2019avoir acc\u00e8s \u00e0 des \u0153uvres d\u2019ici et d\u2019ailleurs en th\u00e9\u00e2tre, cirque et autres disciplines pr\u00e9sent\u00e9es au Diamant&nbsp;\u00bb, pr\u00e9cise-t-elle.<\/p>\n<\/div><\/blockquote>\n<\/div><\/div><\/div>\n<\/div>\n\n<div class=\"item component-spacer\" ><div class=\"container\">\n<div style=\"height:50px\" aria-hidden=\"true\" class=\"wp-block-spacer\"><\/div>\n<\/div><\/div>\n\n<div class=\"item component-media-text\">\n<div class=\"wp-block-media-text alignwide is-stacked-on-mobile\" style=\"grid-template-columns:30% auto\"><figure class=\"wp-block-media-text__media\"><img decoding=\"async\" width=\"850\" height=\"850\" src=\"https:\/\/www.lediamant.ca\/wp-content\/uploads\/2023\/04\/equipe-robert-lepage-plus-lynda-beaulieu.jpg\" alt=\"\" class=\"wp-image-1276 size-full\"\/ loading=\"lazy\" srcset=\"https:\/\/www.lediamant.ca\/wp-content\/uploads\/2023\/04\/equipe-robert-lepage-plus-lynda-beaulieu.jpg 850w, https:\/\/www.lediamant.ca\/wp-content\/uploads\/2023\/04\/equipe-robert-lepage-plus-lynda-beaulieu-700x700.jpg 700w, https:\/\/www.lediamant.ca\/wp-content\/uploads\/2023\/04\/equipe-robert-lepage-plus-lynda-beaulieu-768x768.jpg 768w, https:\/\/www.lediamant.ca\/wp-content\/uploads\/2023\/04\/equipe-robert-lepage-plus-lynda-beaulieu-400x400.jpg 400w\" sizes=\"auto, (max-width: 850px) 100vw, 850px\" \/><\/figure><div class=\"wp-block-media-text__content\"><div class=\"item wysiwyg component-quote\" >\n<blockquote class=\"wp-block-quote has-text-align-left is-layout-flow wp-block-quote-is-layout-flow\"><div class=\"item wysiwyg component-paragraph\" >\n<p>\u00ab&nbsp;Aujourd\u2019hui, gr\u00e2ce \u00e0 la grande g\u00e9n\u00e9rosit\u00e9 et au pr\u00e9cieux soutien de la Fondation Sandra et Alain Bouchard, tous auront leur place dans cet espace culturel d\u00e9di\u00e9 \u00e0 la d\u00e9couverte et \u00e0 la rencontre. Nous sommes fiers d&#8217;ouvrir nos portes, d&#8217;impliquer nos \u00e9quipes et de rassembler les gens de tous les horizons pour cr\u00e9er des communaut\u00e9s inclusives et florissantes par les arts vivants.&nbsp;\u00bb<\/p>\n<\/div><cite>\u2014 <strong>Mme Lynda Beaulieu et M. Robert Lepage, cofondateurs du Diamant<\/strong>.<\/cite><\/blockquote>\n<\/div><\/div><\/div>\n<\/div>\n\n<div class=\"item component-spacer\" ><div class=\"container\">\n<div style=\"height:50px\" aria-hidden=\"true\" class=\"wp-block-spacer\"><\/div>\n<\/div><\/div>\n\n<div class=\"item component-media-text\">\n<div class=\"wp-block-media-text alignwide is-stacked-on-mobile\" style=\"grid-template-columns:30% auto\"><figure class=\"wp-block-media-text__media\"><img decoding=\"async\" width=\"850\" height=\"850\" src=\"https:\/\/www.lediamant.ca\/wp-content\/uploads\/2023\/04\/equipe-steve-labrie.jpg\" alt=\"\" class=\"wp-image-1334 size-full\"\/ loading=\"lazy\" srcset=\"https:\/\/www.lediamant.ca\/wp-content\/uploads\/2023\/04\/equipe-steve-labrie.jpg 850w, https:\/\/www.lediamant.ca\/wp-content\/uploads\/2023\/04\/equipe-steve-labrie-700x700.jpg 700w, https:\/\/www.lediamant.ca\/wp-content\/uploads\/2023\/04\/equipe-steve-labrie-768x768.jpg 768w, https:\/\/www.lediamant.ca\/wp-content\/uploads\/2023\/04\/equipe-steve-labrie-400x400.jpg 400w\" sizes=\"auto, (max-width: 850px) 100vw, 850px\" \/><\/figure><div class=\"wp-block-media-text__content\"><div class=\"item wysiwyg component-quote\" >\n<blockquote class=\"wp-block-quote has-text-align-left is-layout-flow wp-block-quote-is-layout-flow\"><div class=\"item wysiwyg component-paragraph\" >\n<p>\u00ab&nbsp;L\u2019engagement de la FSAB permettra \u00e9galement au Diamant d\u2019accueillir annuellement un projet artistique porteur et rassembleur d&#8217;un organisme choisi ayant \u00e0 c\u0153ur le d\u00e9veloppement des enfants et des personnes vivant avec des limitations fonctionnelles.&nbsp;\u00bb<\/p>\n<\/div><cite>\u2014 <strong>M. Steve Labrie, directeur g\u00e9n\u00e9ral du Diamant<\/strong>.<\/cite><\/blockquote>\n<\/div><\/div><\/div>\n<\/div>\n\n<div class=\"item component-spacer\" ><div class=\"container\">\n<div style=\"height:100px\" aria-hidden=\"true\" class=\"wp-block-spacer\"><\/div>\n<\/div><\/div>\n\n<div class=\"item wysiwyg component-paragraph\" >\n<p><em>\u00ab&nbsp;\u00c0 titre de co-pr\u00e9sident de la campagne de financement, je suis tr\u00e8s reconnaissant de la g\u00e9n\u00e9rosit\u00e9 de la Fondation Sandra et Alain Bouchard. Ce don substantiel permettra entre autres au Diamant de continuer \u00e0 faire d\u00e9couvrir l\u2019art sous toutes ses formes, mais aussi de renforcer la notion d\u2019inclusion dans sa programmation. \u00c0 mes yeux, la diversit\u00e9 et l\u2019inclusion sont des richesses pour notre soci\u00e9t\u00e9 et je suis convaincu qu\u2019elles doivent \u00eatre refl\u00e9t\u00e9es et c\u00e9l\u00e9br\u00e9es sur une sc\u00e8ne comme celle du Diamant.&nbsp;\u00bb<\/em><\/p>\n<\/div>\n\n<div class=\"item wysiwyg component-paragraph\" >\n<p>\u2014 <strong>M. Guy Cormier, co-pr\u00e9sident de la campagne de financement du Diamant et pr\u00e9sident et chef de la direction du Mouvement Desjardins<\/strong>.<\/p>\n<\/div>\n\n<div class=\"item component-spacer\" ><div class=\"container\">\n<div style=\"height:50px\" aria-hidden=\"true\" class=\"wp-block-spacer\"><\/div>\n<\/div><\/div>\n\n<div class=\"item wysiwyg component-paragraph\" >\n<p><em>\u00ab<\/em>&nbsp;<em>Le Diamant est un lieu d\u2019\u00e9change culturel unique, fruit du r\u00eave et de la vision de l\u2019un de nos plus grands artistes, M. Robert Lepage. Aujourd\u2019hui, \u00e0 titre de co-pr\u00e9sident de la campagne majeure de financement priv\u00e9 du Diamant et de fier fils de la ville de Qu\u00e9bec, je suis particuli\u00e8rement heureux d\u2019accepter le don de la fondation d\u2019un de nos plus grands entrepreneurs, lui aussi visionnaire, M. Alain Bouchard. Au nom de tous ceux et celles qui en b\u00e9n\u00e9ficieront en fr\u00e9quentant le Diamant, je tiens \u00e0 adresser mes plus sinc\u00e8res remerciements \u00e0 Mme Sandra Chartrand et M. Alain Bouchard pour leur g\u00e9n\u00e9reuse contribution.&nbsp;\u00bb<\/em><\/p>\n<\/div>\n\n<div class=\"item wysiwyg component-paragraph\" >\n<p>\u2014 <strong>M.<\/strong> <strong>Gr\u00e9goire Baillargeon, Pr\u00e9sident, BMO Groupe financier, Qu\u00e9bec.<\/strong><\/p>\n<\/div>\n\n<div class=\"item wysiwyg component-heading\" >\n<h3 class=\"wp-block-heading\">Objectifs<\/h3>\n<\/div>\n\n<div class=\"item wysiwyg component-paragraph\" >\n<p>La contribution de la Fondation Sandra et Alain Bouchard vise quatre objectifs\u2009:<\/p>\n<\/div>\n\n<div class=\"item wysiwyg component-list\" >\n<ol class=\"wp-block-list\">\n<li>Soutenir la diffusion d\u2019\u0153uvres audacieuses de la sc\u00e8ne locale, nationale et internationale\u2009;<\/li>\n\n\n\n<li>\u00c9largir le potentiel d\u2019exploitation du Diamant en rendant accessibles ses diff\u00e9rents espaces pour des ateliers artistiques, r\u00e9sidences de cr\u00e9ation ou spectacles vou\u00e9s \u00e0 l\u2019\u00e9panouissement des enfants et des personnes vivant avec des limitations fonctionnelles\u2009;<\/li>\n\n\n\n<li>Partager et transmettre la passion des arts vivants aux enfants et personnes vivant avec des limitations fonctionnelles par des sorties culturelles au Diamant\u2009;&nbsp;<\/li>\n\n\n\n<li>Laisser une marque dans le lieu par le droit nominatif de l\u2019<strong>Atrium Sandra et Alain Bouchard <\/strong>situ\u00e9 au rez-de-chauss\u00e9e, premier point de rencontre entre les publics et l\u2019\u00e9quipe du Diamant qui se distingue par son immense puits de lumi\u00e8re ainsi que par son escalier monumental.<\/li>\n<\/ol>\n<\/div>\n\n<div class=\"item component-spacer\" ><div class=\"container\">\n<div style=\"height:25px\" aria-hidden=\"true\" class=\"wp-block-spacer\"><\/div>\n<\/div><\/div>\n\n<div class=\"item wysiwyg component-images-slider\" >    <div class=\"js-images-slider images-slider images-slider--landscape\">\n\n        <nav data-slider-nav class=\"images-slider__navigation\" data-aria-label=\"Navigation du carrousel\">\n                            <button type=\"button\" aria-label=\"Pr\u00e9c\u00e9dent\" class=\"images-slider__button images-slider__button--prev\">\n                    <svg aria-hidden=\"true\" focusable=\"false\" width=\"20px\" height=\"19px\">\n                        <use xlink:href=\"#ico-arrow-right\"><\/use>\n                    <\/svg>\n                <\/button>\n                <button type=\"button\" aria-label=\"Suivant\" class=\"images-slider__button images-slider__button--next\">\n                    <svg aria-hidden=\"true\" focusable=\"false\" width=\"20px\" height=\"19px\">\n                        <use xlink:href=\"#ico-arrow-right\"><\/use>\n                    <\/svg>\n                <\/button>\n                    <\/nav>\n        <div class=\"images-slider__wrapper\" data-slider-items role=\"list\">\n                                            <div class=\"images-slider__item\">\n                    <img decoding=\"async\" src=\"https:\/\/www.lediamant.ca\/wp-content\/uploads\/2023\/09\/FSAB-Atrium-1.jpg\" data-src=\"https:\/\/www.lediamant.ca\/wp-content\/uploads\/2023\/09\/FSAB-Atrium-1.jpg\" alt=\"\" class=\"images-slider__img tns-lazy-img\" loading=\"lazy\">\n                                    <\/div>\n                                            <div class=\"images-slider__item\">\n                    <img decoding=\"async\" src=\"\" data-src=\"https:\/\/www.lediamant.ca\/wp-content\/uploads\/2023\/09\/FSAB-Atrium-2.jpg\" alt=\"\" class=\"images-slider__img tns-lazy-img\" loading=\"lazy\">\n                                    <\/div>\n                    <\/div>\n    <\/div>\n<\/div>\n\n<div class=\"item wysiwyg component-heading\" >\n<h3 class=\"wp-block-heading\">Remerciements aux partenaires<\/h3>\n<\/div>\n\n<div class=\"item wysiwyg component-paragraph\" >\n<p>Le Diamant tient \u00e0 souligner la contribution essentielle du gouvernement du Canada, du gouvernement du Qu\u00e9bec et de la Ville de Qu\u00e9bec dans son rayonnement, de m\u00eame que l\u2019apport primordial de ses grands donateurs auxquels s\u2019ajoute la Fondation Sandra et Alain Bouchard\u2009: BMO Groupe financier, le Mouvement Desjardins, Bell, Kabuchan International, Hydro-Qu\u00e9bec, Power Corporation du Canada, Robert Lepage, Groupe Canam, Groupe Dallaire, Fondaction, Beneva, Sylvia M. G.&nbsp;Soyka, Banque Nationale du Canada, Cogeco, Pomerleau, Cominar, Sanimax, Genevi\u00e8ve Marcon et Jean Campeau, L.&nbsp;Jacques et Marie-Jos\u00e9 M\u00e9nard, Daniel Gauthier ainsi que plusieurs donateurs anonymes.<\/p>\n<\/div>\n\n<div class=\"item wysiwyg component-paragraph\" >\n<p>Le Diamant remercie ses partenaires \u00e0 la programmation, soit le Conseil des arts et des lettres du Qu\u00e9bec, Patrimoine canadien, le Conseil des Arts du Canada, et la Ville de Qu\u00e9bec.<\/p>\n<\/div>\n\n<div class=\"item wysiwyg component-heading\" >\n<h3 class=\"wp-block-heading\">Mission du Diamant<\/h3>\n<\/div>\n\n<div class=\"item wysiwyg component-paragraph\" >\n<p>Inspir\u00e9 par l\u2019artiste de renomm\u00e9e internationale Robert Lepage, Le Diamant est un diffuseur et le lieu de cr\u00e9ation de la compagnie Ex Machina. Situ\u00e9 au c\u0153ur de la ville de Qu\u00e9bec, cet espace au concept architectural unique invite les publics \u00e0 d\u00e9couvrir la th\u00e9\u00e2tralit\u00e9 sous toutes ses formes dans un environnement accessible et accueillant.<\/p>\n<\/div>","protected":false},"excerpt":{"rendered":"Don de 1\u00a0million\u2009$ de la Fondation Sandra et Alain Bouchard pour appuyer la mission du Diamant","protected":false},"author":2,"featured_media":6101,"comment_status":"closed","ping_status":"closed","sticky":false,"template":"","format":"standard","meta":{"_acf_changed":false,"footnotes":""},"categories":[128],"tags":[],"class_list":["post-8956","post","type-post","status-publish","format-standard","has-post-thumbnail","hentry","category-press-release"],"acf":[],"yoast_head":"<!-- This site is optimized with the Yoast SEO plugin v26.5 - https:\/\/yoast.com\/wordpress\/plugins\/seo\/ -->\n<title>Contribution majeure \u00e0 la campagne de financement priv\u00e9 - Le Diamant<\/title>\n<meta name=\"description\" content=\"Don de 1 million $ de la Fondation Sandra et Alain Bouchard pour appuyer la mission du Diamant.\" \/>\n<meta name=\"robots\" content=\"index, follow, max-snippet:-1, max-image-preview:large, max-video-preview:-1\" \/>\n<link rel=\"canonical\" href=\"https:\/\/www.lediamant.ca\/en\/contribution-majeure-a-la-campagne-de-financement-prive\" \/>\n<meta property=\"og:locale\" content=\"en_US\" \/>\n<meta property=\"og:type\" content=\"article\" \/>\n<meta property=\"og:title\" content=\"Contribution majeure \u00e0 la campagne de financement priv\u00e9 | Le Diamant\" \/>\n<meta property=\"og:description\" content=\"Don de 1\u00a0million\u2009$ de la Fondation Sandra et Alain Bouchard pour appuyer la mission du Diamant.\" \/>\n<meta property=\"og:url\" content=\"https:\/\/www.lediamant.ca\/en\/contribution-majeure-a-la-campagne-de-financement-prive\" \/>\n<meta property=\"og:site_name\" content=\"Le Diamant\" \/>\n<meta property=\"article:publisher\" content=\"https:\/\/www.facebook.com\/lediamantqc\/\" \/>\n<meta property=\"article:published_time\" content=\"2023-09-25T14:13:04+00:00\" \/>\n<meta property=\"article:modified_time\" content=\"2024-02-02T16:04:39+00:00\" \/>\n<meta property=\"og:image\" content=\"https:\/\/www.lediamant.ca\/wp-content\/uploads\/2023\/09\/FSAB.jpg\" \/>\n\t<meta property=\"og:image:width\" content=\"2000\" \/>\n\t<meta property=\"og:image:height\" content=\"1457\" \/>\n\t<meta property=\"og:image:type\" content=\"image\/jpeg\" \/>\n<meta name=\"author\" content=\"Le Diamant\" \/>\n<meta name=\"twitter:card\" content=\"summary_large_image\" \/>\n<meta name=\"twitter:creator\" content=\"@lediamant_qc\" \/>\n<meta name=\"twitter:site\" content=\"@lediamant_qc\" \/>\n<meta name=\"twitter:label1\" content=\"Written by\" \/>\n\t<meta name=\"twitter:data1\" content=\"Le Diamant\" \/>\n\t<meta name=\"twitter:label2\" content=\"Est. reading time\" \/>\n\t<meta name=\"twitter:data2\" content=\"4 minutes\" \/>\n<script type=\"application\/ld+json\" class=\"yoast-schema-graph\">{\"@context\":\"https:\/\/schema.org\",\"@graph\":[{\"@type\":\"Article\",\"@id\":\"https:\/\/www.lediamant.ca\/en\/contribution-majeure-a-la-campagne-de-financement-prive#article\",\"isPartOf\":{\"@id\":\"https:\/\/www.lediamant.ca\/en\/contribution-majeure-a-la-campagne-de-financement-prive\"},\"author\":{\"name\":\"Le Diamant\",\"@id\":\"https:\/\/www.lediamant.ca\/en#\/schema\/person\/1df7cc9f6c6e5901ce19062096c025af\"},\"headline\":\"Contribution majeure \u00e0 la campagne de financement priv\u00e9\",\"datePublished\":\"2023-09-25T14:13:04+00:00\",\"dateModified\":\"2024-02-02T16:04:39+00:00\",\"mainEntityOfPage\":{\"@id\":\"https:\/\/www.lediamant.ca\/en\/contribution-majeure-a-la-campagne-de-financement-prive\"},\"wordCount\":947,\"publisher\":{\"@id\":\"https:\/\/www.lediamant.ca\/en#organization\"},\"image\":{\"@id\":\"https:\/\/www.lediamant.ca\/en\/contribution-majeure-a-la-campagne-de-financement-prive#primaryimage\"},\"thumbnailUrl\":\"https:\/\/www.lediamant.ca\/wp-content\/uploads\/2023\/09\/FSAB.jpg\",\"articleSection\":[\"Press Release\"],\"inLanguage\":\"en-US\"},{\"@type\":\"WebPage\",\"@id\":\"https:\/\/www.lediamant.ca\/en\/contribution-majeure-a-la-campagne-de-financement-prive\",\"url\":\"https:\/\/www.lediamant.ca\/en\/contribution-majeure-a-la-campagne-de-financement-prive\",\"name\":\"Contribution majeure \u00e0 la campagne de financement priv\u00e9 - Le Diamant\",\"isPartOf\":{\"@id\":\"https:\/\/www.lediamant.ca\/en#website\"},\"primaryImageOfPage\":{\"@id\":\"https:\/\/www.lediamant.ca\/en\/contribution-majeure-a-la-campagne-de-financement-prive#primaryimage\"},\"image\":{\"@id\":\"https:\/\/www.lediamant.ca\/en\/contribution-majeure-a-la-campagne-de-financement-prive#primaryimage\"},\"thumbnailUrl\":\"https:\/\/www.lediamant.ca\/wp-content\/uploads\/2023\/09\/FSAB.jpg\",\"datePublished\":\"2023-09-25T14:13:04+00:00\",\"dateModified\":\"2024-02-02T16:04:39+00:00\",\"description\":\"Don de 1 million $ de la Fondation Sandra et Alain Bouchard pour appuyer la mission du Diamant.\",\"breadcrumb\":{\"@id\":\"https:\/\/www.lediamant.ca\/en\/contribution-majeure-a-la-campagne-de-financement-prive#breadcrumb\"},\"inLanguage\":\"en-US\",\"potentialAction\":[{\"@type\":\"ReadAction\",\"target\":[\"https:\/\/www.lediamant.ca\/en\/contribution-majeure-a-la-campagne-de-financement-prive\"]}]},{\"@type\":\"ImageObject\",\"inLanguage\":\"en-US\",\"@id\":\"https:\/\/www.lediamant.ca\/en\/contribution-majeure-a-la-campagne-de-financement-prive#primaryimage\",\"url\":\"https:\/\/www.lediamant.ca\/wp-content\/uploads\/2023\/09\/FSAB.jpg\",\"contentUrl\":\"https:\/\/www.lediamant.ca\/wp-content\/uploads\/2023\/09\/FSAB.jpg\",\"width\":2000,\"height\":1457},{\"@type\":\"BreadcrumbList\",\"@id\":\"https:\/\/www.lediamant.ca\/en\/contribution-majeure-a-la-campagne-de-financement-prive#breadcrumb\",\"itemListElement\":[{\"@type\":\"ListItem\",\"position\":1,\"name\":\"Accueil\",\"item\":\"https:\/\/www.lediamant.ca\/en\"},{\"@type\":\"ListItem\",\"position\":2,\"name\":\"Contribution majeure \u00e0 la campagne de financement priv\u00e9\"}]},{\"@type\":\"WebSite\",\"@id\":\"https:\/\/www.lediamant.ca\/en#website\",\"url\":\"https:\/\/www.lediamant.ca\/en\",\"name\":\"Le Diamant\",\"description\":\"Salle de spectacle situ\u00e9e \u00e0 place D&#039;Youville, Qu\u00e9bec (Canada). D\u00e9couvrez notre programmation.\",\"publisher\":{\"@id\":\"https:\/\/www.lediamant.ca\/en#organization\"},\"potentialAction\":[{\"@type\":\"SearchAction\",\"target\":{\"@type\":\"EntryPoint\",\"urlTemplate\":\"https:\/\/www.lediamant.ca\/en?s={search_term_string}\"},\"query-input\":{\"@type\":\"PropertyValueSpecification\",\"valueRequired\":true,\"valueName\":\"search_term_string\"}}],\"inLanguage\":\"en-US\"},{\"@type\":\"Organization\",\"@id\":\"https:\/\/www.lediamant.ca\/en#organization\",\"name\":\"Le Diamant\",\"url\":\"https:\/\/www.lediamant.ca\/en\",\"logo\":{\"@type\":\"ImageObject\",\"inLanguage\":\"en-US\",\"@id\":\"https:\/\/www.lediamant.ca\/en#\/schema\/logo\/image\/\",\"url\":\"https:\/\/www.lediamant.ca\/wp-content\/uploads\/2023\/05\/le-diamant-logo.png\",\"contentUrl\":\"https:\/\/www.lediamant.ca\/wp-content\/uploads\/2023\/05\/le-diamant-logo.png\",\"width\":1000,\"height\":750,\"caption\":\"Le Diamant\"},\"image\":{\"@id\":\"https:\/\/www.lediamant.ca\/en#\/schema\/logo\/image\/\"},\"sameAs\":[\"https:\/\/www.facebook.com\/lediamantqc\/\",\"https:\/\/x.com\/lediamant_qc\"]},{\"@type\":\"Person\",\"@id\":\"https:\/\/www.lediamant.ca\/en#\/schema\/person\/1df7cc9f6c6e5901ce19062096c025af\",\"name\":\"Le Diamant\",\"image\":{\"@type\":\"ImageObject\",\"inLanguage\":\"en-US\",\"@id\":\"https:\/\/www.lediamant.ca\/en#\/schema\/person\/image\/\",\"url\":\"https:\/\/secure.gravatar.com\/avatar\/987afa0f07c5e880e415fd6bbdc5cc7ccbd67354d810536804d8f515d64bd014?s=96&d=mm&r=g\",\"contentUrl\":\"https:\/\/secure.gravatar.com\/avatar\/987afa0f07c5e880e415fd6bbdc5cc7ccbd67354d810536804d8f515d64bd014?s=96&d=mm&r=g\",\"caption\":\"Le Diamant\"}}]}<\/script>\n<!-- \/ Yoast SEO plugin. -->","yoast_head_json":{"title":"Contribution majeure \u00e0 la campagne de financement priv\u00e9 - Le Diamant","description":"Don de 1 million $ de la Fondation Sandra et Alain Bouchard pour appuyer la mission du Diamant.","robots":{"index":"index","follow":"follow","max-snippet":"max-snippet:-1","max-image-preview":"max-image-preview:large","max-video-preview":"max-video-preview:-1"},"canonical":"https:\/\/www.lediamant.ca\/en\/contribution-majeure-a-la-campagne-de-financement-prive","og_locale":"en_US","og_type":"article","og_title":"Contribution majeure \u00e0 la campagne de financement priv\u00e9 | Le Diamant","og_description":"Don de 1\u00a0million\u2009$ de la Fondation Sandra et Alain Bouchard pour appuyer la mission du Diamant.","og_url":"https:\/\/www.lediamant.ca\/en\/contribution-majeure-a-la-campagne-de-financement-prive","og_site_name":"Le Diamant","article_publisher":"https:\/\/www.facebook.com\/lediamantqc\/","article_published_time":"2023-09-25T14:13:04+00:00","article_modified_time":"2024-02-02T16:04:39+00:00","og_image":[{"width":2000,"height":1457,"url":"https:\/\/www.lediamant.ca\/wp-content\/uploads\/2023\/09\/FSAB.jpg","type":"image\/jpeg"}],"author":"Le Diamant","twitter_card":"summary_large_image","twitter_creator":"@lediamant_qc","twitter_site":"@lediamant_qc","twitter_misc":{"Written by":"Le Diamant","Est. reading time":"4 minutes"},"schema":{"@context":"https:\/\/schema.org","@graph":[{"@type":"Article","@id":"https:\/\/www.lediamant.ca\/en\/contribution-majeure-a-la-campagne-de-financement-prive#article","isPartOf":{"@id":"https:\/\/www.lediamant.ca\/en\/contribution-majeure-a-la-campagne-de-financement-prive"},"author":{"name":"Le Diamant","@id":"https:\/\/www.lediamant.ca\/en#\/schema\/person\/1df7cc9f6c6e5901ce19062096c025af"},"headline":"Contribution majeure \u00e0 la campagne de financement priv\u00e9","datePublished":"2023-09-25T14:13:04+00:00","dateModified":"2024-02-02T16:04:39+00:00","mainEntityOfPage":{"@id":"https:\/\/www.lediamant.ca\/en\/contribution-majeure-a-la-campagne-de-financement-prive"},"wordCount":947,"publisher":{"@id":"https:\/\/www.lediamant.ca\/en#organization"},"image":{"@id":"https:\/\/www.lediamant.ca\/en\/contribution-majeure-a-la-campagne-de-financement-prive#primaryimage"},"thumbnailUrl":"https:\/\/www.lediamant.ca\/wp-content\/uploads\/2023\/09\/FSAB.jpg","articleSection":["Press Release"],"inLanguage":"en-US"},{"@type":"WebPage","@id":"https:\/\/www.lediamant.ca\/en\/contribution-majeure-a-la-campagne-de-financement-prive","url":"https:\/\/www.lediamant.ca\/en\/contribution-majeure-a-la-campagne-de-financement-prive","name":"Contribution majeure \u00e0 la campagne de financement priv\u00e9 - Le Diamant","isPartOf":{"@id":"https:\/\/www.lediamant.ca\/en#website"},"primaryImageOfPage":{"@id":"https:\/\/www.lediamant.ca\/en\/contribution-majeure-a-la-campagne-de-financement-prive#primaryimage"},"image":{"@id":"https:\/\/www.lediamant.ca\/en\/contribution-majeure-a-la-campagne-de-financement-prive#primaryimage"},"thumbnailUrl":"https:\/\/www.lediamant.ca\/wp-content\/uploads\/2023\/09\/FSAB.jpg","datePublished":"2023-09-25T14:13:04+00:00","dateModified":"2024-02-02T16:04:39+00:00","description":"Don de 1 million $ de la Fondation Sandra et Alain Bouchard pour appuyer la mission du Diamant.","breadcrumb":{"@id":"https:\/\/www.lediamant.ca\/en\/contribution-majeure-a-la-campagne-de-financement-prive#breadcrumb"},"inLanguage":"en-US","potentialAction":[{"@type":"ReadAction","target":["https:\/\/www.lediamant.ca\/en\/contribution-majeure-a-la-campagne-de-financement-prive"]}]},{"@type":"ImageObject","inLanguage":"en-US","@id":"https:\/\/www.lediamant.ca\/en\/contribution-majeure-a-la-campagne-de-financement-prive#primaryimage","url":"https:\/\/www.lediamant.ca\/wp-content\/uploads\/2023\/09\/FSAB.jpg","contentUrl":"https:\/\/www.lediamant.ca\/wp-content\/uploads\/2023\/09\/FSAB.jpg","width":2000,"height":1457},{"@type":"BreadcrumbList","@id":"https:\/\/www.lediamant.ca\/en\/contribution-majeure-a-la-campagne-de-financement-prive#breadcrumb","itemListElement":[{"@type":"ListItem","position":1,"name":"Accueil","item":"https:\/\/www.lediamant.ca\/en"},{"@type":"ListItem","position":2,"name":"Contribution majeure \u00e0 la campagne de financement priv\u00e9"}]},{"@type":"WebSite","@id":"https:\/\/www.lediamant.ca\/en#website","url":"https:\/\/www.lediamant.ca\/en","name":"Le Diamant","description":"Salle de spectacle situ\u00e9e \u00e0 place D&#039;Youville, Qu\u00e9bec (Canada). D\u00e9couvrez notre programmation.","publisher":{"@id":"https:\/\/www.lediamant.ca\/en#organization"},"potentialAction":[{"@type":"SearchAction","target":{"@type":"EntryPoint","urlTemplate":"https:\/\/www.lediamant.ca\/en?s={search_term_string}"},"query-input":{"@type":"PropertyValueSpecification","valueRequired":true,"valueName":"search_term_string"}}],"inLanguage":"en-US"},{"@type":"Organization","@id":"https:\/\/www.lediamant.ca\/en#organization","name":"Le Diamant","url":"https:\/\/www.lediamant.ca\/en","logo":{"@type":"ImageObject","inLanguage":"en-US","@id":"https:\/\/www.lediamant.ca\/en#\/schema\/logo\/image\/","url":"https:\/\/www.lediamant.ca\/wp-content\/uploads\/2023\/05\/le-diamant-logo.png","contentUrl":"https:\/\/www.lediamant.ca\/wp-content\/uploads\/2023\/05\/le-diamant-logo.png","width":1000,"height":750,"caption":"Le Diamant"},"image":{"@id":"https:\/\/www.lediamant.ca\/en#\/schema\/logo\/image\/"},"sameAs":["https:\/\/www.facebook.com\/lediamantqc\/","https:\/\/x.com\/lediamant_qc"]},{"@type":"Person","@id":"https:\/\/www.lediamant.ca\/en#\/schema\/person\/1df7cc9f6c6e5901ce19062096c025af","name":"Le Diamant","image":{"@type":"ImageObject","inLanguage":"en-US","@id":"https:\/\/www.lediamant.ca\/en#\/schema\/person\/image\/","url":"https:\/\/secure.gravatar.com\/avatar\/987afa0f07c5e880e415fd6bbdc5cc7ccbd67354d810536804d8f515d64bd014?s=96&d=mm&r=g","contentUrl":"https:\/\/secure.gravatar.com\/avatar\/987afa0f07c5e880e415fd6bbdc5cc7ccbd67354d810536804d8f515d64bd014?s=96&d=mm&r=g","caption":"Le Diamant"}}]}},"_links":{"self":[{"href":"https:\/\/www.lediamant.ca\/en\/wp-json\/wp\/v2\/posts\/8956","targetHints":{"allow":["GET"]}}],"collection":[{"href":"https:\/\/www.lediamant.ca\/en\/wp-json\/wp\/v2\/posts"}],"about":[{"href":"https:\/\/www.lediamant.ca\/en\/wp-json\/wp\/v2\/types\/post"}],"author":[{"embeddable":true,"href":"https:\/\/www.lediamant.ca\/en\/wp-json\/wp\/v2\/users\/2"}],"replies":[{"embeddable":true,"href":"https:\/\/www.lediamant.ca\/en\/wp-json\/wp\/v2\/comments?post=8956"}],"version-history":[{"count":1,"href":"https:\/\/www.lediamant.ca\/en\/wp-json\/wp\/v2\/posts\/8956\/revisions"}],"predecessor-version":[{"id":8957,"href":"https:\/\/www.lediamant.ca\/en\/wp-json\/wp\/v2\/posts\/8956\/revisions\/8957"}],"wp:featuredmedia":[{"embeddable":true,"href":"https:\/\/www.lediamant.ca\/en\/wp-json\/wp\/v2\/media\/6101"}],"wp:attachment":[{"href":"https:\/\/www.lediamant.ca\/en\/wp-json\/wp\/v2\/media?parent=8956"}],"wp:term":[{"taxonomy":"category","embeddable":true,"href":"https:\/\/www.lediamant.ca\/en\/wp-json\/wp\/v2\/categories?post=8956"},{"taxonomy":"post_tag","embeddable":true,"href":"https:\/\/www.lediamant.ca\/en\/wp-json\/wp\/v2\/tags?post=8956"}],"curies":[{"name":"wp","href":"https:\/\/api.w.org\/{rel}","templated":true}]}}