{"id":8926,"date":"2024-01-25T17:53:14","date_gmt":"2024-01-25T21:53:14","guid":{"rendered":"https:\/\/www.lediamant.ca\/lobjectif-de-10-millions-est-atteint"},"modified":"2024-02-02T11:42:03","modified_gmt":"2024-02-02T15:42:03","slug":"lobjectif-de-10-millions-est-atteint","status":"publish","type":"post","link":"https:\/\/www.lediamant.ca\/en\/lobjectif-de-10-millions-est-atteint","title":{"rendered":"L&#8217;objectif de 10 millions est atteint"},"content":{"rendered":"<div class=\"item wysiwyg component-html\" >\n<p class=\"has-text-align-left has-light-gray-color has-dark-gray-background-color has-text-color has-background\" style=\"padding:1.25em 1.25em;display:inline-block;\">Sorry for the inconvenience, this article is only available in French.<\/p>\n<\/div>\n\n<div class=\"item wysiwyg component-heading\" >\n<h3 class=\"wp-block-heading\">Campagne majeure de financement priv\u00e9<\/h3>\n<\/div>\n\n<div class=\"item wysiwyg component-paragraph\" >\n<p>Apr\u00e8s dix ann\u00e9es d&#8217;efforts et plusieurs rencontres d\u00e9terminantes, Le Diamant est fier d\u2019annoncer l\u2019atteinte de l&#8217;objectif de 10 M$ de la Campagne majeure de financement priv\u00e9 gr\u00e2ce \u00e0 une nouvelle contribution du Mouvement Desjardins.<\/p>\n<\/div>\n\n<div class=\"item component-spacer\" ><div class=\"container\">\n<div style=\"height:50px\" aria-hidden=\"true\" class=\"wp-block-spacer\"><\/div>\n<\/div><\/div>\n\n<div class=\"item component-media-text\">\n<div class=\"wp-block-media-text alignwide is-stacked-on-mobile\" style=\"grid-template-columns:30% auto\"><figure class=\"wp-block-media-text__media\"><img decoding=\"async\" width=\"500\" height=\"500\" src=\"https:\/\/www.lediamant.ca\/wp-content\/uploads\/2024\/01\/guy-cormier-1.jpg\" alt=\"\" class=\"wp-image-8276 size-full\"\/ loading=\"lazy\" srcset=\"https:\/\/www.lediamant.ca\/wp-content\/uploads\/2024\/01\/guy-cormier-1.jpg 500w, https:\/\/www.lediamant.ca\/wp-content\/uploads\/2024\/01\/guy-cormier-1-400x400.jpg 400w\" sizes=\"auto, (max-width: 500px) 100vw, 500px\" \/><\/figure><div class=\"wp-block-media-text__content\"><div class=\"item wysiwyg component-quote\" >\n<blockquote class=\"wp-block-quote has-text-align-left is-layout-flow wp-block-quote-is-layout-flow\"><div class=\"item wysiwyg component-paragraph\" >\n<p>\u00ab&nbsp;Apr\u00e8s 10 ans de travail et de collaboration, l\u2019objectif de 10 M$ est atteint! Je tiens \u00e0 saluer le soutien et l\u2019engagement fort de la communaut\u00e9 d\u2019affaires, les nombreux partenaires et le leadership inspirant de Robert Lepage et Lynda Beaulieu. Le Diamant est un endroit unique, accueillant et inclusif, o\u00f9 se c\u00f4toient toutes les formes d\u2019arts vivants. Adopt\u00e9 par la population, il contribue au dynamisme et \u00e0 la vitalit\u00e9 culturelle et \u00e9conomique de la grande r\u00e9gion de Qu\u00e9bec en plus de rayonner \u00e0 l\u2019international.&nbsp;\u00bb<\/p>\n<\/div><cite>\u2014 <strong>M. Guy Cormier, copr\u00e9sident de la campagne de financement du Diamant et pr\u00e9sident et chef de la direction du Mouvement Desjardins<\/strong>. &nbsp;<\/cite><\/blockquote>\n<\/div><\/div><\/div>\n<\/div>\n\n<div class=\"item component-spacer\" ><div class=\"container\">\n<div style=\"height:50px\" aria-hidden=\"true\" class=\"wp-block-spacer\"><\/div>\n<\/div><\/div>\n\n<div class=\"item component-media-text\">\n<div class=\"wp-block-media-text alignwide is-stacked-on-mobile\" style=\"grid-template-columns:30% auto\"><figure class=\"wp-block-media-text__media\"><img decoding=\"async\" width=\"850\" height=\"850\" src=\"https:\/\/www.lediamant.ca\/wp-content\/uploads\/2023\/04\/equipe-robert-lepage-plus-lynda-beaulieu.jpg\" alt=\"\" class=\"wp-image-1276 size-full\"\/ loading=\"lazy\" srcset=\"https:\/\/www.lediamant.ca\/wp-content\/uploads\/2023\/04\/equipe-robert-lepage-plus-lynda-beaulieu.jpg 850w, https:\/\/www.lediamant.ca\/wp-content\/uploads\/2023\/04\/equipe-robert-lepage-plus-lynda-beaulieu-700x700.jpg 700w, https:\/\/www.lediamant.ca\/wp-content\/uploads\/2023\/04\/equipe-robert-lepage-plus-lynda-beaulieu-768x768.jpg 768w, https:\/\/www.lediamant.ca\/wp-content\/uploads\/2023\/04\/equipe-robert-lepage-plus-lynda-beaulieu-400x400.jpg 400w\" sizes=\"auto, (max-width: 850px) 100vw, 850px\" \/><\/figure><div class=\"wp-block-media-text__content\"><div class=\"item wysiwyg component-quote\" >\n<blockquote class=\"wp-block-quote has-text-align-left is-layout-flow wp-block-quote-is-layout-flow\"><div class=\"item wysiwyg component-paragraph\" >\n<p>\u00ab&nbsp;Il est exceptionnel, et nous en sommes d&#8217;autant plus fiers, qu&#8217;un projet culturel soit port\u00e9 par autant de grands partenaires dont plusieurs entreprises qui \u0153uvrent dans des secteurs d&#8217;affaires similaires. Ainsi, aux c\u00f4t\u00e9s des diff\u00e9rents paliers de gouvernement, l&#8217;engagement et le leadership des hauts dirigeants de BMO et de Desjardins ont permis de rassembler de nombreux donateurs.&nbsp; Tous ensemble, nous sommes parvenus \u00e0 d\u00e9montrer que le rayonnement de la culture doit \u00eatre consid\u00e9r\u00e9 comme l&#8217;un des piliers du d\u00e9veloppement \u00e9conomique d&#8217;une communaut\u00e9.&nbsp;\u00bb<\/p>\n<\/div><cite>\u2014 <strong>Mme Lynda Beaulieu et M. Robert Lepage, cofondateurs du Diamant<\/strong>.<\/cite><\/blockquote>\n<\/div><\/div><\/div>\n<\/div>\n\n<div class=\"item component-spacer\" ><div class=\"container\">\n<div style=\"height:50px\" aria-hidden=\"true\" class=\"wp-block-spacer\"><\/div>\n<\/div><\/div>\n\n<div class=\"item component-media-text\">\n<div class=\"wp-block-media-text alignwide is-stacked-on-mobile\" style=\"grid-template-columns:30% auto\"><figure class=\"wp-block-media-text__media\"><img decoding=\"async\" width=\"500\" height=\"500\" src=\"https:\/\/www.lediamant.ca\/wp-content\/uploads\/2024\/01\/gregoire-baillargeon.jpeg\" alt=\"\" class=\"wp-image-8274 size-full\"\/ loading=\"lazy\" srcset=\"https:\/\/www.lediamant.ca\/wp-content\/uploads\/2024\/01\/gregoire-baillargeon.jpeg 500w, https:\/\/www.lediamant.ca\/wp-content\/uploads\/2024\/01\/gregoire-baillargeon-400x400.jpeg 400w\" sizes=\"auto, (max-width: 500px) 100vw, 500px\" \/><\/figure><div class=\"wp-block-media-text__content\"><div class=\"item wysiwyg component-quote\" >\n<blockquote class=\"wp-block-quote has-text-align-left is-layout-flow wp-block-quote-is-layout-flow\"><div class=\"item wysiwyg component-paragraph\" >\n<p>\u00ab&nbsp;Aujourd\u2019hui, nous c\u00e9l\u00e9brons la r\u00e9alisation d\u2019un r\u00eave, celui de soutenir et de pr\u00e9server l\u2019art sous toute ses formes. Le Diamant est d\u00e9sormais un joyau \u00e9clatant, symbole de notre engagement envers la culture et la cr\u00e9ativit\u00e9. Cette campagne de financement priv\u00e9 a \u00e9t\u00e9 une v\u00e9ritable aventure, rassemblant esprits passionn\u00e9s et g\u00e9n\u00e9reux qui ont cru en la puissance de l\u2019art pour changer le monde. Gr\u00e2ce \u00e0 vous tous, nous avons r\u00e9ussi \u00e0 atteindre notre objectif et \u00e0 offrir un avenir radieux \u00e0 ce th\u00e9\u00e2tre embl\u00e9matique pour tout le Qu\u00e9bec.\u00bb<\/p>\n<\/div><cite>\u2014 <strong>Gr\u00e9goire Baillargeon, pr\u00e9sident, BMO, Qu\u00e9bec<\/strong>.<\/cite><\/blockquote>\n<\/div><\/div><\/div>\n<\/div>\n\n<div class=\"item component-spacer\" ><div class=\"container\">\n<div style=\"height:50px\" aria-hidden=\"true\" class=\"wp-block-spacer\"><\/div>\n<\/div><\/div>\n\n<div class=\"item wysiwyg component-heading\" >\n<h3 class=\"wp-block-heading\">Les grands b\u00e2tisseurs<\/h3>\n<\/div>\n\n<div class=\"item wysiwyg component-paragraph\" >\n<p>La Campagne majeure de financement priv\u00e9 du Diamant a \u00e9t\u00e9 lanc\u00e9e en janvier 2014 par le regrett\u00e9 M. L. Jacques M\u00e9nard, ancien pr\u00e9sident de BMO Groupe financier, Qu\u00e9bec, et pr\u00e9sident du conseil de BMO Nesbitt Burns, ainsi que par Mme Monique Leroux, alors pr\u00e9sidente et chef de la direction du Mouvement Desjardins. Cette initiative visait \u00e0 rassembler des partenaires majeurs pour la construction du th\u00e9\u00e2tre.<\/p>\n<\/div>\n\n<div class=\"item wysiwyg component-paragraph\" >\n<p>En septembre 2015, BMO Groupe financier, le Mouvement Desjardins et Bell annoncent des contributions majeures \u00e0 la campagne de financement totalisant 3,5 M$. Ces engagements donnent un v\u00e9ritable coup d\u2019envoi \u00e0 la recherche de grands donateurs. En avril 2016, l\u2019entreprise Kabuchan International du Japon se joint \u00e0 la liste des premiers b\u00e2tisseurs et permet de d\u00e9passer la barre des 4 M$.<\/p>\n<\/div>\n\n<div class=\"item wysiwyg component-paragraph\" >\n<p>Entre 2017 et 2023, plusieurs entreprises et individus apportent leur soutien financier \u00e0 la campagne, pour un total de 4,425 M$ : Hydro-Qu\u00e9bec, Power Corporation du Canada, Groupe Dallaire, Robert Lepage, Fondaction, Groupe Canam, La Capitale Groupe financier (aujourd\u2019hui Beneva), Sylvia M.G. Soyka, Cogeco, Banque Nationale, Pomerleau, Cominar, Sanimax, GM D\u00e9veloppement, L. Jacques et Marie-Jos\u00e9 M\u00e9nard, Daniel Gauthier, ainsi que de nombreux donateurs anonymes.<\/p>\n<\/div>\n\n<div class=\"item wysiwyg component-paragraph\" >\n<p>En septembre 2023, la Fondation Sandra et Alain Bouchard permet au Diamant d\u2019atteindre 99% de l\u2019objectif de la campagne gr\u00e2ce \u00e0 un don majeur de 1 M$.<\/p>\n<\/div>\n\n<div class=\"item wysiwyg component-paragraph\" >\n<p>En janvier 2024, le Mouvement Desjardins r\u00e9it\u00e8re son appui au Diamant et bonifie son engagement afin de cl\u00f4turer la campagne majeure de financement priv\u00e9. L&#8217;objectif de 10 M$ est d\u00e9sormais atteint! <\/p>\n<\/div>\n\n<div class=\"item wysiwyg component-paragraph\" >\n<p>Le 25 janvier 2024, Le Diamant a tenu une Soir\u00e9e reconnaissance afin de remercier tous les grands donateurs de la campagne.<\/p>\n<\/div>\n\n<div class=\"item wysiwyg component-images-slider\" >    <div class=\"js-images-slider images-slider images-slider--landscape\">\n\n        <nav data-slider-nav class=\"images-slider__navigation\" data-aria-label=\"Navigation du carrousel\">\n                            <button type=\"button\" aria-label=\"Pr\u00e9c\u00e9dent\" class=\"images-slider__button images-slider__button--prev\">\n                    <svg aria-hidden=\"true\" focusable=\"false\" width=\"20px\" height=\"19px\">\n                        <use xlink:href=\"#ico-arrow-right\"><\/use>\n                    <\/svg>\n                <\/button>\n                <button type=\"button\" aria-label=\"Suivant\" class=\"images-slider__button images-slider__button--next\">\n                    <svg aria-hidden=\"true\" focusable=\"false\" width=\"20px\" height=\"19px\">\n                        <use xlink:href=\"#ico-arrow-right\"><\/use>\n                    <\/svg>\n                <\/button>\n                    <\/nav>\n        <div class=\"images-slider__wrapper\" data-slider-items role=\"list\">\n                                            <div class=\"images-slider__item\">\n                    <img decoding=\"async\" src=\"https:\/\/www.lediamant.ca\/wp-content\/uploads\/2024\/01\/Diamant_Soiree-reconnaissance_Marc-Hervieux.jpeg\" data-src=\"https:\/\/www.lediamant.ca\/wp-content\/uploads\/2024\/01\/Diamant_Soiree-reconnaissance_Marc-Hervieux.jpeg\" alt=\"\" class=\"images-slider__img tns-lazy-img\" loading=\"lazy\">\n                                            <span class=\"images-slider__copyright\">Plusieurs invit\u00e9s sont pr\u00e9sents \u00e0 la Soir\u00e9e reconnaissance des grands donateurs. Photo \u2014 St\u00e9phane Bourgeois<\/span>\n                                    <\/div>\n                                            <div class=\"images-slider__item\">\n                    <img decoding=\"async\" src=\"\" data-src=\"https:\/\/www.lediamant.ca\/wp-content\/uploads\/2024\/01\/Diamant_Soiree-reconnaissance_DSF1481.jpeg\" alt=\"\" class=\"images-slider__img tns-lazy-img\" loading=\"lazy\">\n                                            <span class=\"images-slider__copyright\">Marc Hervieux en prestation. Photo \u2014 St\u00e9phane Bourgeois<\/span>\n                                    <\/div>\n                                            <div class=\"images-slider__item\">\n                    <img decoding=\"async\" src=\"\" data-src=\"https:\/\/www.lediamant.ca\/wp-content\/uploads\/2024\/01\/Diamant_Soiree-reconnaissance_DSF3156-e1706547535625.jpeg\" alt=\"\" class=\"images-slider__img tns-lazy-img\" loading=\"lazy\">\n                                            <span class=\"images-slider__copyright\">Accueil des invit\u00e9s, de la lutte \u00e0 l&#8217;op\u00e9ra, par Marc Hervieux et Marko Estrada. Photo \u2014 St\u00e9phane Bourgeois<\/span>\n                                    <\/div>\n                                            <div class=\"images-slider__item\">\n                    <img decoding=\"async\" src=\"\" data-src=\"https:\/\/www.lediamant.ca\/wp-content\/uploads\/2024\/01\/Diamant_Soiree-reconnaissance_DSF3222.jpeg\" alt=\"\" class=\"images-slider__img tns-lazy-img\" loading=\"lazy\">\n                                            <span class=\"images-slider__copyright\">M. Gagnon, ex-pr\u00e9s. aux op. chez BMO Groupe financier \u00e0 Qu\u00e9bec, M. Lepage, cofondateur du Diamant, et M. Cormier, pr\u00e9s. et chef de la dir. du Mouvement Desjardins.<\/span>\n                                    <\/div>\n                                            <div class=\"images-slider__item\">\n                    <img decoding=\"async\" src=\"\" data-src=\"https:\/\/www.lediamant.ca\/wp-content\/uploads\/2024\/01\/Diamant_Soiree-reconnaissance_DSF3553.jpeg\" alt=\"\" class=\"images-slider__img tns-lazy-img\" loading=\"lazy\">\n                                            <span class=\"images-slider__copyright\">M. St-Gelais, Pr\u00e9s. du C.A. de Beneva, M. Amyot, membre du C.A du Diamant et Associ\u00e9, Avocat \u00e0 BCF, et Mme Beaulieu, Pr\u00e9s. et cofondatrice du Diamant.<\/span>\n                                    <\/div>\n                                            <div class=\"images-slider__item\">\n                    <img decoding=\"async\" src=\"\" data-src=\"https:\/\/www.lediamant.ca\/wp-content\/uploads\/2024\/01\/Diamant_Soiree-reconnaissance_DSF3520-e1706548094167.jpeg\" alt=\"\" class=\"images-slider__img tns-lazy-img\" loading=\"lazy\">\n                                            <span class=\"images-slider__copyright\">Photo \u2014 St\u00e9phane Bourgeois<\/span>\n                                    <\/div>\n                                            <div class=\"images-slider__item\">\n                    <img decoding=\"async\" src=\"\" data-src=\"https:\/\/www.lediamant.ca\/wp-content\/uploads\/2024\/01\/Diamant_Soiree-reconnaissance_DSF3368-e1706547372752.jpeg\" alt=\"\" class=\"images-slider__img tns-lazy-img\" loading=\"lazy\">\n                                            <span class=\"images-slider__copyright\">M. Guy Cormier, pr\u00e9s. et chef de la dir. du Mouvement Desjardins et copr\u00e9sident de la campagne majeure. Photo \u2014 St\u00e9phane Bourgeois<\/span>\n                                    <\/div>\n                                            <div class=\"images-slider__item\">\n                    <img decoding=\"async\" src=\"\" data-src=\"https:\/\/www.lediamant.ca\/wp-content\/uploads\/2024\/01\/Diamant_Soiree-reconnaissance_DSF1510-e1706547582462.jpeg\" alt=\"\" class=\"images-slider__img tns-lazy-img\" loading=\"lazy\">\n                                            <span class=\"images-slider__copyright\">Mme Lynda Beaulieu, pr\u00e9sidente et cofondatrice du Diamant. Photo \u2014 St\u00e9phane Bourgeois<\/span>\n                                    <\/div>\n                                            <div class=\"images-slider__item\">\n                    <img decoding=\"async\" src=\"\" data-src=\"https:\/\/www.lediamant.ca\/wp-content\/uploads\/2024\/01\/Diamant_Soiree-reconnaissance_DSF1623.jpeg\" alt=\"\" class=\"images-slider__img tns-lazy-img\" loading=\"lazy\">\n                                            <span class=\"images-slider__copyright\">M. Robert Lepage, directeur artistique et cofondateur du Diamant. Photo \u2014 St\u00e9phane Bourgeois<\/span>\n                                    <\/div>\n                                            <div class=\"images-slider__item\">\n                    <img decoding=\"async\" src=\"\" data-src=\"https:\/\/www.lediamant.ca\/wp-content\/uploads\/2024\/01\/Diamant_Soiree-reconnaissance_DSF1615-e1706547790802.jpeg\" alt=\"\" class=\"images-slider__img tns-lazy-img\" loading=\"lazy\">\n                                            <span class=\"images-slider__copyright\">Photo \u2014 St\u00e9phane Bourgeois<\/span>\n                                    <\/div>\n                                            <div class=\"images-slider__item\">\n                    <img decoding=\"async\" src=\"\" data-src=\"https:\/\/www.lediamant.ca\/wp-content\/uploads\/2024\/01\/Diamant_Soiree-reconnaissance_DSF1448.jpeg\" alt=\"\" class=\"images-slider__img tns-lazy-img\" loading=\"lazy\">\n                                            <span class=\"images-slider__copyright\">Photo \u2014 St\u00e9phane Bourgeois<\/span>\n                                    <\/div>\n                                            <div class=\"images-slider__item\">\n                    <img decoding=\"async\" src=\"\" data-src=\"https:\/\/www.lediamant.ca\/wp-content\/uploads\/2024\/01\/Diamant_Soiree-reconnaissance_DSF3584-e1706547996380.jpeg\" alt=\"\" class=\"images-slider__img tns-lazy-img\" loading=\"lazy\">\n                                            <span class=\"images-slider__copyright\">Roby Talbot, pianiste. Photo \u2014 St\u00e9phane Bourgeois<\/span>\n                                    <\/div>\n                                            <div class=\"images-slider__item\">\n                    <img decoding=\"async\" src=\"\" data-src=\"https:\/\/www.lediamant.ca\/wp-content\/uploads\/2024\/01\/Diamant_Soiree-reconnaissance_DSF3361.jpeg\" alt=\"\" class=\"images-slider__img tns-lazy-img\" loading=\"lazy\">\n                                            <span class=\"images-slider__copyright\">Photo \u2014 St\u00e9phane Bourgeois<\/span>\n                                    <\/div>\n                                            <div class=\"images-slider__item\">\n                    <img decoding=\"async\" src=\"\" data-src=\"https:\/\/www.lediamant.ca\/wp-content\/uploads\/2024\/01\/Diamant_Soiree-reconnaissance_DSF3485-1-e1706547828961.jpeg\" alt=\"\" class=\"images-slider__img tns-lazy-img\" loading=\"lazy\">\n                                            <span class=\"images-slider__copyright\">M. Gagnon, pr\u00e9c\u00e9dent pr\u00e9s. aux op\u00e9r. chez BMO Groupe financier \u00e0 Qc, Mme Beaulieu, pr\u00e9s. et cofondatrice du Diamant, M. Cormier, pr\u00e9s. et chef de la dir. du Mouvement Desjardins et copr\u00e9s. de la campagne majeure, et M. Lepage, cofondateur du Diamant.<\/span>\n                                    <\/div>\n                    <\/div>\n    <\/div>\n<\/div>\n\n<div class=\"item component-spacer\" ><div class=\"container\">\n<div style=\"height:50px\" aria-hidden=\"true\" class=\"wp-block-spacer\"><\/div>\n<\/div><\/div>\n\n<div class=\"item component-media-text\">\n<div class=\"wp-block-media-text alignwide is-stacked-on-mobile\" style=\"grid-template-columns:30% auto\"><figure class=\"wp-block-media-text__media\"><img decoding=\"async\" width=\"850\" height=\"850\" src=\"https:\/\/www.lediamant.ca\/wp-content\/uploads\/2023\/04\/equipe-steve-labrie.jpg\" alt=\"\" class=\"wp-image-1334 size-full\"\/ loading=\"lazy\" srcset=\"https:\/\/www.lediamant.ca\/wp-content\/uploads\/2023\/04\/equipe-steve-labrie.jpg 850w, https:\/\/www.lediamant.ca\/wp-content\/uploads\/2023\/04\/equipe-steve-labrie-700x700.jpg 700w, https:\/\/www.lediamant.ca\/wp-content\/uploads\/2023\/04\/equipe-steve-labrie-768x768.jpg 768w, https:\/\/www.lediamant.ca\/wp-content\/uploads\/2023\/04\/equipe-steve-labrie-400x400.jpg 400w\" sizes=\"auto, (max-width: 850px) 100vw, 850px\" \/><\/figure><div class=\"wp-block-media-text__content\"><div class=\"item wysiwyg component-quote\" >\n<blockquote class=\"wp-block-quote has-text-align-left is-layout-flow wp-block-quote-is-layout-flow\"><div class=\"item wysiwyg component-paragraph\" >\n<p>\u00ab&nbsp;L\u2019engagement des grands b\u00e2tisseurs au fil des ann\u00e9es ainsi que les efforts soutenus de tous ceux et celles qui ont port\u00e9 le projet et qui continuent de le faire t\u00e9moignent de l\u2019importance et de l\u2019appr\u00e9ciation du lieu dans l\u2019\u00e9cosyst\u00e8me culturel qu\u00e9b\u00e9cois, canadien et international.&nbsp;\u00bb<\/p>\n<\/div><cite>\u2014 <strong>Steve Labrie, directeur g\u00e9n\u00e9ral du Diamant<\/strong>.<\/cite><\/blockquote>\n<\/div><\/div><\/div>\n<\/div>\n\n<div class=\"item component-spacer\" ><div class=\"container\">\n<div style=\"height:75px\" aria-hidden=\"true\" class=\"wp-block-spacer\"><\/div>\n<\/div><\/div>\n\n<div class=\"item wysiwyg component-heading\" >\n<h3 class=\"wp-block-heading\">Mission du Diamant<\/h3>\n<\/div>\n\n<div class=\"item wysiwyg component-paragraph\" >\n<p>Inspir\u00e9 par l\u2019artiste de renomm\u00e9e internationale Robert Lepage, Le Diamant est un diffuseur et le lieu de cr\u00e9ation de la compagnie Ex Machina. Situ\u00e9 au c\u0153ur de la ville de Qu\u00e9bec, cet espace au concept architectural unique invite les publics \u00e0 d\u00e9couvrir la th\u00e9\u00e2tralit\u00e9 sous toutes ses formes dans un environnement accessible et accueillant.<\/p>\n<\/div>\n\n<div class=\"item wysiwyg component-heading\" >\n<h3 class=\"wp-block-heading\">Remerciements aux partenaires<\/h3>\n<\/div>\n\n<div class=\"item wysiwyg component-paragraph\" >\n<p>Le Diamant tient \u00e0 souligner la contribution essentielle du gouvernement du Canada, du gouvernement du Qu\u00e9bec et de la Ville de Qu\u00e9bec dans son rayonnement, de m\u00eame que l\u2019apport primordial de ses grands donateurs: Bell, BMO Groupe financier, le Mouvement Desjardins, Hydro-Qu\u00e9bec, la Fondation Sandra et Alain Bouchard, Robert Lepage, Kabuchan International, Power Corporation du Canada, Groupe Canam, Groupe Dallaire, Fondaction, Beneva, Sylvia M. G.&nbsp;Soyka, Banque Nationale du Canada, Cogeco, Pomerleau, Cominar, Sanimax, Genevi\u00e8ve Marcon et Jean Campeau, L.&nbsp;Jacques et Marie-Jos\u00e9 M\u00e9nard, Daniel Gauthier, Coarchitecture et plusieurs donateurs anonymes.<\/p>\n<\/div>\n\n<div class=\"item wysiwyg component-paragraph\" >\n<p>Le Diamant remercie ses partenaires \u00e0 la programmation, soit le Conseil des arts et des lettres du Qu\u00e9bec, Patrimoine canadien, le Conseil des Arts du Canada et la Ville de Qu\u00e9bec.<\/p>\n<\/div>\n\n<div class=\"item wysiwyg component-heading\" >\n<h2 class=\"wp-block-heading\">LES M\u00c9DIAS EN PARLENT<\/h2>\n<\/div>\n\n<div class=\"item component-columns\">\n<div class=\"wp-block-columns is-layout-flex wp-container-core-columns-is-layout-9d6595d7 wp-block-columns-is-layout-flex\">\n<div class=\"wp-block-column is-layout-flow wp-block-column-is-layout-flow\"><div class=\"item wysiwyg component-image\" >\n<figure class=\"wp-block-image size-large is-style-default\"><img decoding=\"async\" width=\"1024\" height=\"1024\" src=\"https:\/\/www.lediamant.ca\/wp-content\/uploads\/2024\/01\/Tezza-2745-1024x1024.jpg\" alt=\"\" class=\"wp-image-8578\"\/ loading=\"lazy\" srcset=\"https:\/\/www.lediamant.ca\/wp-content\/uploads\/2024\/01\/Tezza-2745-1024x1024.jpg 1024w, https:\/\/www.lediamant.ca\/wp-content\/uploads\/2024\/01\/Tezza-2745-700x700.jpg 700w, https:\/\/www.lediamant.ca\/wp-content\/uploads\/2024\/01\/Tezza-2745-768x768.jpg 768w, https:\/\/www.lediamant.ca\/wp-content\/uploads\/2024\/01\/Tezza-2745-1536x1536.jpg 1536w, https:\/\/www.lediamant.ca\/wp-content\/uploads\/2024\/01\/Tezza-2745-2048x2048.jpg 2048w, https:\/\/www.lediamant.ca\/wp-content\/uploads\/2024\/01\/Tezza-2745-400x400.jpg 400w\" sizes=\"auto, (max-width: 1024px) 100vw, 1024px\" \/><\/figure>\n<\/div>\n\n<div class=\"item wysiwyg component-heading\" >\n<h4 class=\"wp-block-heading\">Noovo info<\/h4>\n<\/div>\n\n<div class=\"item wysiwyg component-link-button\" >\n<p><a class=\"btn btn--simple\" href=\"https:\/\/www.noovo.info\/video\/le-diamant-atteint-son-objectif-de-10-m-les-souvenirs-de-robert-lepage.html#:~:text=Noovo%20Info-,Le%20Diamant%20atteint%20son%20objectif%20de%2010,les%20souvenirs%20de%20Robert%20Lepage&#038;text=Dix%20ans%20apr%C3%A8s%20le%20lancement,amasser%20dix%20millions%20de%20dollars.\" target=\"_blank\">Regarder l&#8217;entrevue<\/a><\/p><\/div><\/div>\n\n\n\n<div class=\"wp-block-column is-layout-flow wp-block-column-is-layout-flow\"><div class=\"item wysiwyg component-image\" >\n<figure class=\"wp-block-image size-large is-style-default\"><img decoding=\"async\" width=\"1024\" height=\"1024\" src=\"https:\/\/www.lediamant.ca\/wp-content\/uploads\/2024\/01\/Journaldecreation-3ans-Diamant-Header-edited-1024x1024.jpg\" alt=\"\" class=\"wp-image-8584\"\/ loading=\"lazy\" srcset=\"https:\/\/www.lediamant.ca\/wp-content\/uploads\/2024\/01\/Journaldecreation-3ans-Diamant-Header-edited-1024x1024.jpg 1024w, https:\/\/www.lediamant.ca\/wp-content\/uploads\/2024\/01\/Journaldecreation-3ans-Diamant-Header-edited-700x700.jpg 700w, https:\/\/www.lediamant.ca\/wp-content\/uploads\/2024\/01\/Journaldecreation-3ans-Diamant-Header-edited-768x768.jpg 768w, https:\/\/www.lediamant.ca\/wp-content\/uploads\/2024\/01\/Journaldecreation-3ans-Diamant-Header-edited-400x400.jpg 400w, https:\/\/www.lediamant.ca\/wp-content\/uploads\/2024\/01\/Journaldecreation-3ans-Diamant-Header-edited.jpg 1125w\" sizes=\"auto, (max-width: 1024px) 100vw, 1024px\" \/><\/figure>\n<\/div>\n\n<div class=\"item wysiwyg component-heading\" >\n<h4 class=\"wp-block-heading\">Journal de Qu\u00e9bec<\/h4>\n<\/div>\n\n<div class=\"item wysiwyg component-link-button\" >\n<p><a class=\"btn btn--simple\" href=\"https:\/\/www.journaldequebec.com\/2024\/01\/25\/un-beau-cadeau-du-jour-de-lan--la-campagne-de-financement-de-10-m--du-diamant-enfin-completee\" target=\"_blank\">Lire l&#8217;article<\/a><\/p><\/div><\/div>\n\n\n\n<div class=\"wp-block-column is-layout-flow wp-block-column-is-layout-flow\"><div class=\"item wysiwyg component-image\" >\n<figure class=\"wp-block-image size-large is-style-default\"><img decoding=\"async\" width=\"2560\" height=\"2560\" src=\"https:\/\/www.lediamant.ca\/wp-content\/uploads\/2024\/01\/mauve-1-edited-scaled.jpg\" alt=\"\" class=\"wp-image-8620\"\/ loading=\"lazy\" srcset=\"https:\/\/www.lediamant.ca\/wp-content\/uploads\/2024\/01\/mauve-1-edited-scaled.jpg 2560w, https:\/\/www.lediamant.ca\/wp-content\/uploads\/2024\/01\/mauve-1-edited-700x700.jpg 700w, https:\/\/www.lediamant.ca\/wp-content\/uploads\/2024\/01\/mauve-1-edited-1024x1024.jpg 1024w, https:\/\/www.lediamant.ca\/wp-content\/uploads\/2024\/01\/mauve-1-edited-768x768.jpg 768w, https:\/\/www.lediamant.ca\/wp-content\/uploads\/2024\/01\/mauve-1-edited-1536x1536.jpg 1536w, https:\/\/www.lediamant.ca\/wp-content\/uploads\/2024\/01\/mauve-1-edited-2048x2048.jpg 2048w, https:\/\/www.lediamant.ca\/wp-content\/uploads\/2024\/01\/mauve-1-edited-400x400.jpg 400w\" sizes=\"auto, (max-width: 2560px) 100vw, 2560px\" \/><\/figure>\n<\/div>\n\n<div class=\"item wysiwyg component-heading\" >\n<h4 class=\"wp-block-heading\">Radio-Canada<\/h4>\n<\/div>\n\n<div class=\"item wysiwyg component-paragraph\" >\n<p><\/p>\n<\/div>\n\n<div class=\"item wysiwyg component-link-button\" >\n<p><a class=\"btn btn--simple\" href=\"https:\/\/ici.radio-canada.ca\/nouvelle\/2044660\/financement-prive-theatre-diamant-quebec-robert-lepage\" target=\"_blank\">Lire l&#8217;article<\/a><\/p><\/div><\/div>\n<\/div>\n<\/div>","protected":false},"excerpt":{"rendered":"Apr\u00e8s dix ann\u00e9es d&#8217;efforts et plusieurs rencontres d\u00e9terminantes, Le Diamant est fier d\u2019annoncer l\u2019atteinte de l&#8217;objectif de 10 M$ de la Campagne majeure de financement priv\u00e9 gr\u00e2ce \u00e0 une nouvelle contribution du Mouvement Desjardins.","protected":false},"author":2,"featured_media":8928,"comment_status":"closed","ping_status":"closed","sticky":false,"template":"","format":"standard","meta":{"_acf_changed":false,"footnotes":""},"categories":[128],"tags":[],"class_list":["post-8926","post","type-post","status-publish","format-standard","has-post-thumbnail","hentry","category-press-release"],"acf":[],"yoast_head":"<!-- This site is optimized with the Yoast SEO plugin v26.5 - https:\/\/yoast.com\/wordpress\/plugins\/seo\/ -->\n<title>L&#039;objectif de 10 millions est atteint - Le Diamant<\/title>\n<meta name=\"description\" content=\"Apr\u00e8s dix ann\u00e9es d&#039;efforts et plusieurs rencontres d\u00e9terminantes, Le Diamant est fier d\u2019annoncer l\u2019atteinte de l&#039;objectif de 10 M$.\" \/>\n<meta name=\"robots\" content=\"index, follow, max-snippet:-1, max-image-preview:large, max-video-preview:-1\" \/>\n<link rel=\"canonical\" href=\"https:\/\/www.lediamant.ca\/en\/lobjectif-de-10-millions-est-atteint\" \/>\n<meta property=\"og:locale\" content=\"en_US\" \/>\n<meta property=\"og:type\" content=\"article\" \/>\n<meta property=\"og:title\" content=\"L&#039;objectif de 10 millions est atteint | Le Diamant\" \/>\n<meta property=\"og:description\" content=\"Campagne majeure de financement priv\u00e9\" \/>\n<meta property=\"og:url\" content=\"https:\/\/www.lediamant.ca\/en\/lobjectif-de-10-millions-est-atteint\" \/>\n<meta property=\"og:site_name\" content=\"Le Diamant\" \/>\n<meta property=\"article:publisher\" content=\"https:\/\/www.facebook.com\/lediamantqc\/\" \/>\n<meta property=\"article:published_time\" content=\"2024-01-25T21:53:14+00:00\" \/>\n<meta property=\"article:modified_time\" content=\"2024-02-02T15:42:03+00:00\" \/>\n<meta property=\"og:image\" content=\"https:\/\/www.lediamant.ca\/wp-content\/uploads\/2024\/01\/DSF3478-1-copie.jpeg\" \/>\n\t<meta property=\"og:image:width\" content=\"2048\" \/>\n\t<meta property=\"og:image:height\" content=\"1218\" \/>\n\t<meta property=\"og:image:type\" content=\"image\/jpeg\" \/>\n<meta name=\"author\" content=\"Le Diamant\" \/>\n<meta name=\"twitter:card\" content=\"summary_large_image\" \/>\n<meta name=\"twitter:title\" content=\"L&#039;objectif de 10 millions est atteint | Le Diamant\" \/>\n<meta name=\"twitter:description\" content=\"Campagne majeure de financement priv\u00e9\" \/>\n<meta name=\"twitter:image\" content=\"https:\/\/www.lediamant.ca\/wp-content\/uploads\/2024\/01\/DSF3502_VSCO.jpg\" \/>\n<meta name=\"twitter:creator\" content=\"@lediamant_qc\" \/>\n<meta name=\"twitter:site\" content=\"@lediamant_qc\" \/>\n<meta name=\"twitter:label1\" content=\"Written by\" \/>\n\t<meta name=\"twitter:data1\" content=\"Le Diamant\" \/>\n<script type=\"application\/ld+json\" class=\"yoast-schema-graph\">{\"@context\":\"https:\/\/schema.org\",\"@graph\":[{\"@type\":\"Article\",\"@id\":\"https:\/\/www.lediamant.ca\/en\/lobjectif-de-10-millions-est-atteint#article\",\"isPartOf\":{\"@id\":\"https:\/\/www.lediamant.ca\/en\/lobjectif-de-10-millions-est-atteint\"},\"author\":{\"name\":\"Le Diamant\",\"@id\":\"https:\/\/www.lediamant.ca\/en#\/schema\/person\/1df7cc9f6c6e5901ce19062096c025af\"},\"headline\":\"L&#8217;objectif de 10 millions est atteint\",\"datePublished\":\"2024-01-25T21:53:14+00:00\",\"dateModified\":\"2024-02-02T15:42:03+00:00\",\"mainEntityOfPage\":{\"@id\":\"https:\/\/www.lediamant.ca\/en\/lobjectif-de-10-millions-est-atteint\"},\"wordCount\":945,\"publisher\":{\"@id\":\"https:\/\/www.lediamant.ca\/en#organization\"},\"image\":{\"@id\":\"https:\/\/www.lediamant.ca\/en\/lobjectif-de-10-millions-est-atteint#primaryimage\"},\"thumbnailUrl\":\"https:\/\/www.lediamant.ca\/wp-content\/uploads\/2024\/02\/JournalDeCreation-10million.jpg\",\"articleSection\":[\"Press Release\"],\"inLanguage\":\"en-US\"},{\"@type\":\"WebPage\",\"@id\":\"https:\/\/www.lediamant.ca\/en\/lobjectif-de-10-millions-est-atteint\",\"url\":\"https:\/\/www.lediamant.ca\/en\/lobjectif-de-10-millions-est-atteint\",\"name\":\"L'objectif de 10 millions est atteint - Le Diamant\",\"isPartOf\":{\"@id\":\"https:\/\/www.lediamant.ca\/en#website\"},\"primaryImageOfPage\":{\"@id\":\"https:\/\/www.lediamant.ca\/en\/lobjectif-de-10-millions-est-atteint#primaryimage\"},\"image\":{\"@id\":\"https:\/\/www.lediamant.ca\/en\/lobjectif-de-10-millions-est-atteint#primaryimage\"},\"thumbnailUrl\":\"https:\/\/www.lediamant.ca\/wp-content\/uploads\/2024\/02\/JournalDeCreation-10million.jpg\",\"datePublished\":\"2024-01-25T21:53:14+00:00\",\"dateModified\":\"2024-02-02T15:42:03+00:00\",\"description\":\"Apr\u00e8s dix ann\u00e9es d'efforts et plusieurs rencontres d\u00e9terminantes, Le Diamant est fier d\u2019annoncer l\u2019atteinte de l'objectif de 10 M$.\",\"breadcrumb\":{\"@id\":\"https:\/\/www.lediamant.ca\/en\/lobjectif-de-10-millions-est-atteint#breadcrumb\"},\"inLanguage\":\"en-US\",\"potentialAction\":[{\"@type\":\"ReadAction\",\"target\":[\"https:\/\/www.lediamant.ca\/en\/lobjectif-de-10-millions-est-atteint\"]}]},{\"@type\":\"ImageObject\",\"inLanguage\":\"en-US\",\"@id\":\"https:\/\/www.lediamant.ca\/en\/lobjectif-de-10-millions-est-atteint#primaryimage\",\"url\":\"https:\/\/www.lediamant.ca\/wp-content\/uploads\/2024\/02\/JournalDeCreation-10million.jpg\",\"contentUrl\":\"https:\/\/www.lediamant.ca\/wp-content\/uploads\/2024\/02\/JournalDeCreation-10million.jpg\",\"width\":2500,\"height\":1487},{\"@type\":\"BreadcrumbList\",\"@id\":\"https:\/\/www.lediamant.ca\/en\/lobjectif-de-10-millions-est-atteint#breadcrumb\",\"itemListElement\":[{\"@type\":\"ListItem\",\"position\":1,\"name\":\"Accueil\",\"item\":\"https:\/\/www.lediamant.ca\/en\"},{\"@type\":\"ListItem\",\"position\":2,\"name\":\"L&rsquo;objectif de 10 millions est atteint\"}]},{\"@type\":\"WebSite\",\"@id\":\"https:\/\/www.lediamant.ca\/en#website\",\"url\":\"https:\/\/www.lediamant.ca\/en\",\"name\":\"Le Diamant\",\"description\":\"Salle de spectacle situ\u00e9e \u00e0 place D&#039;Youville, Qu\u00e9bec (Canada). D\u00e9couvrez notre programmation.\",\"publisher\":{\"@id\":\"https:\/\/www.lediamant.ca\/en#organization\"},\"potentialAction\":[{\"@type\":\"SearchAction\",\"target\":{\"@type\":\"EntryPoint\",\"urlTemplate\":\"https:\/\/www.lediamant.ca\/en?s={search_term_string}\"},\"query-input\":{\"@type\":\"PropertyValueSpecification\",\"valueRequired\":true,\"valueName\":\"search_term_string\"}}],\"inLanguage\":\"en-US\"},{\"@type\":\"Organization\",\"@id\":\"https:\/\/www.lediamant.ca\/en#organization\",\"name\":\"Le Diamant\",\"url\":\"https:\/\/www.lediamant.ca\/en\",\"logo\":{\"@type\":\"ImageObject\",\"inLanguage\":\"en-US\",\"@id\":\"https:\/\/www.lediamant.ca\/en#\/schema\/logo\/image\/\",\"url\":\"https:\/\/www.lediamant.ca\/wp-content\/uploads\/2023\/05\/le-diamant-logo.png\",\"contentUrl\":\"https:\/\/www.lediamant.ca\/wp-content\/uploads\/2023\/05\/le-diamant-logo.png\",\"width\":1000,\"height\":750,\"caption\":\"Le Diamant\"},\"image\":{\"@id\":\"https:\/\/www.lediamant.ca\/en#\/schema\/logo\/image\/\"},\"sameAs\":[\"https:\/\/www.facebook.com\/lediamantqc\/\",\"https:\/\/x.com\/lediamant_qc\"]},{\"@type\":\"Person\",\"@id\":\"https:\/\/www.lediamant.ca\/en#\/schema\/person\/1df7cc9f6c6e5901ce19062096c025af\",\"name\":\"Le Diamant\",\"image\":{\"@type\":\"ImageObject\",\"inLanguage\":\"en-US\",\"@id\":\"https:\/\/www.lediamant.ca\/en#\/schema\/person\/image\/\",\"url\":\"https:\/\/secure.gravatar.com\/avatar\/987afa0f07c5e880e415fd6bbdc5cc7ccbd67354d810536804d8f515d64bd014?s=96&d=mm&r=g\",\"contentUrl\":\"https:\/\/secure.gravatar.com\/avatar\/987afa0f07c5e880e415fd6bbdc5cc7ccbd67354d810536804d8f515d64bd014?s=96&d=mm&r=g\",\"caption\":\"Le Diamant\"}}]}<\/script>\n<!-- \/ Yoast SEO plugin. -->","yoast_head_json":{"title":"L'objectif de 10 millions est atteint - Le Diamant","description":"Apr\u00e8s dix ann\u00e9es d'efforts et plusieurs rencontres d\u00e9terminantes, Le Diamant est fier d\u2019annoncer l\u2019atteinte de l'objectif de 10 M$.","robots":{"index":"index","follow":"follow","max-snippet":"max-snippet:-1","max-image-preview":"max-image-preview:large","max-video-preview":"max-video-preview:-1"},"canonical":"https:\/\/www.lediamant.ca\/en\/lobjectif-de-10-millions-est-atteint","og_locale":"en_US","og_type":"article","og_title":"L'objectif de 10 millions est atteint | Le Diamant","og_description":"Campagne majeure de financement priv\u00e9","og_url":"https:\/\/www.lediamant.ca\/en\/lobjectif-de-10-millions-est-atteint","og_site_name":"Le Diamant","article_publisher":"https:\/\/www.facebook.com\/lediamantqc\/","article_published_time":"2024-01-25T21:53:14+00:00","article_modified_time":"2024-02-02T15:42:03+00:00","og_image":[{"width":2048,"height":1218,"url":"https:\/\/www.lediamant.ca\/wp-content\/uploads\/2024\/01\/DSF3478-1-copie.jpeg","type":"image\/jpeg"}],"author":"Le Diamant","twitter_card":"summary_large_image","twitter_title":"L'objectif de 10 millions est atteint | Le Diamant","twitter_description":"Campagne majeure de financement priv\u00e9","twitter_image":"https:\/\/www.lediamant.ca\/wp-content\/uploads\/2024\/01\/DSF3502_VSCO.jpg","twitter_creator":"@lediamant_qc","twitter_site":"@lediamant_qc","twitter_misc":{"Written by":"Le Diamant"},"schema":{"@context":"https:\/\/schema.org","@graph":[{"@type":"Article","@id":"https:\/\/www.lediamant.ca\/en\/lobjectif-de-10-millions-est-atteint#article","isPartOf":{"@id":"https:\/\/www.lediamant.ca\/en\/lobjectif-de-10-millions-est-atteint"},"author":{"name":"Le Diamant","@id":"https:\/\/www.lediamant.ca\/en#\/schema\/person\/1df7cc9f6c6e5901ce19062096c025af"},"headline":"L&#8217;objectif de 10 millions est atteint","datePublished":"2024-01-25T21:53:14+00:00","dateModified":"2024-02-02T15:42:03+00:00","mainEntityOfPage":{"@id":"https:\/\/www.lediamant.ca\/en\/lobjectif-de-10-millions-est-atteint"},"wordCount":945,"publisher":{"@id":"https:\/\/www.lediamant.ca\/en#organization"},"image":{"@id":"https:\/\/www.lediamant.ca\/en\/lobjectif-de-10-millions-est-atteint#primaryimage"},"thumbnailUrl":"https:\/\/www.lediamant.ca\/wp-content\/uploads\/2024\/02\/JournalDeCreation-10million.jpg","articleSection":["Press Release"],"inLanguage":"en-US"},{"@type":"WebPage","@id":"https:\/\/www.lediamant.ca\/en\/lobjectif-de-10-millions-est-atteint","url":"https:\/\/www.lediamant.ca\/en\/lobjectif-de-10-millions-est-atteint","name":"L'objectif de 10 millions est atteint - Le Diamant","isPartOf":{"@id":"https:\/\/www.lediamant.ca\/en#website"},"primaryImageOfPage":{"@id":"https:\/\/www.lediamant.ca\/en\/lobjectif-de-10-millions-est-atteint#primaryimage"},"image":{"@id":"https:\/\/www.lediamant.ca\/en\/lobjectif-de-10-millions-est-atteint#primaryimage"},"thumbnailUrl":"https:\/\/www.lediamant.ca\/wp-content\/uploads\/2024\/02\/JournalDeCreation-10million.jpg","datePublished":"2024-01-25T21:53:14+00:00","dateModified":"2024-02-02T15:42:03+00:00","description":"Apr\u00e8s dix ann\u00e9es d'efforts et plusieurs rencontres d\u00e9terminantes, Le Diamant est fier d\u2019annoncer l\u2019atteinte de l'objectif de 10 M$.","breadcrumb":{"@id":"https:\/\/www.lediamant.ca\/en\/lobjectif-de-10-millions-est-atteint#breadcrumb"},"inLanguage":"en-US","potentialAction":[{"@type":"ReadAction","target":["https:\/\/www.lediamant.ca\/en\/lobjectif-de-10-millions-est-atteint"]}]},{"@type":"ImageObject","inLanguage":"en-US","@id":"https:\/\/www.lediamant.ca\/en\/lobjectif-de-10-millions-est-atteint#primaryimage","url":"https:\/\/www.lediamant.ca\/wp-content\/uploads\/2024\/02\/JournalDeCreation-10million.jpg","contentUrl":"https:\/\/www.lediamant.ca\/wp-content\/uploads\/2024\/02\/JournalDeCreation-10million.jpg","width":2500,"height":1487},{"@type":"BreadcrumbList","@id":"https:\/\/www.lediamant.ca\/en\/lobjectif-de-10-millions-est-atteint#breadcrumb","itemListElement":[{"@type":"ListItem","position":1,"name":"Accueil","item":"https:\/\/www.lediamant.ca\/en"},{"@type":"ListItem","position":2,"name":"L&rsquo;objectif de 10 millions est atteint"}]},{"@type":"WebSite","@id":"https:\/\/www.lediamant.ca\/en#website","url":"https:\/\/www.lediamant.ca\/en","name":"Le Diamant","description":"Salle de spectacle situ\u00e9e \u00e0 place D&#039;Youville, Qu\u00e9bec (Canada). D\u00e9couvrez notre programmation.","publisher":{"@id":"https:\/\/www.lediamant.ca\/en#organization"},"potentialAction":[{"@type":"SearchAction","target":{"@type":"EntryPoint","urlTemplate":"https:\/\/www.lediamant.ca\/en?s={search_term_string}"},"query-input":{"@type":"PropertyValueSpecification","valueRequired":true,"valueName":"search_term_string"}}],"inLanguage":"en-US"},{"@type":"Organization","@id":"https:\/\/www.lediamant.ca\/en#organization","name":"Le Diamant","url":"https:\/\/www.lediamant.ca\/en","logo":{"@type":"ImageObject","inLanguage":"en-US","@id":"https:\/\/www.lediamant.ca\/en#\/schema\/logo\/image\/","url":"https:\/\/www.lediamant.ca\/wp-content\/uploads\/2023\/05\/le-diamant-logo.png","contentUrl":"https:\/\/www.lediamant.ca\/wp-content\/uploads\/2023\/05\/le-diamant-logo.png","width":1000,"height":750,"caption":"Le Diamant"},"image":{"@id":"https:\/\/www.lediamant.ca\/en#\/schema\/logo\/image\/"},"sameAs":["https:\/\/www.facebook.com\/lediamantqc\/","https:\/\/x.com\/lediamant_qc"]},{"@type":"Person","@id":"https:\/\/www.lediamant.ca\/en#\/schema\/person\/1df7cc9f6c6e5901ce19062096c025af","name":"Le Diamant","image":{"@type":"ImageObject","inLanguage":"en-US","@id":"https:\/\/www.lediamant.ca\/en#\/schema\/person\/image\/","url":"https:\/\/secure.gravatar.com\/avatar\/987afa0f07c5e880e415fd6bbdc5cc7ccbd67354d810536804d8f515d64bd014?s=96&d=mm&r=g","contentUrl":"https:\/\/secure.gravatar.com\/avatar\/987afa0f07c5e880e415fd6bbdc5cc7ccbd67354d810536804d8f515d64bd014?s=96&d=mm&r=g","caption":"Le Diamant"}}]}},"_links":{"self":[{"href":"https:\/\/www.lediamant.ca\/en\/wp-json\/wp\/v2\/posts\/8926","targetHints":{"allow":["GET"]}}],"collection":[{"href":"https:\/\/www.lediamant.ca\/en\/wp-json\/wp\/v2\/posts"}],"about":[{"href":"https:\/\/www.lediamant.ca\/en\/wp-json\/wp\/v2\/types\/post"}],"author":[{"embeddable":true,"href":"https:\/\/www.lediamant.ca\/en\/wp-json\/wp\/v2\/users\/2"}],"replies":[{"embeddable":true,"href":"https:\/\/www.lediamant.ca\/en\/wp-json\/wp\/v2\/comments?post=8926"}],"version-history":[{"count":2,"href":"https:\/\/www.lediamant.ca\/en\/wp-json\/wp\/v2\/posts\/8926\/revisions"}],"predecessor-version":[{"id":8930,"href":"https:\/\/www.lediamant.ca\/en\/wp-json\/wp\/v2\/posts\/8926\/revisions\/8930"}],"wp:featuredmedia":[{"embeddable":true,"href":"https:\/\/www.lediamant.ca\/en\/wp-json\/wp\/v2\/media\/8928"}],"wp:attachment":[{"href":"https:\/\/www.lediamant.ca\/en\/wp-json\/wp\/v2\/media?parent=8926"}],"wp:term":[{"taxonomy":"category","embeddable":true,"href":"https:\/\/www.lediamant.ca\/en\/wp-json\/wp\/v2\/categories?post=8926"},{"taxonomy":"post_tag","embeddable":true,"href":"https:\/\/www.lediamant.ca\/en\/wp-json\/wp\/v2\/tags?post=8926"}],"curies":[{"name":"wp","href":"https:\/\/api.w.org\/{rel}","templated":true}]}}