{"id":21255,"date":"2026-01-30T14:57:32","date_gmt":"2026-01-30T18:57:32","guid":{"rendered":"https:\/\/www.lediamant.ca\/darkmatter-un-incontournable-de-la-danse-contemporaine"},"modified":"2026-01-30T15:00:53","modified_gmt":"2026-01-30T19:00:53","slug":"darkmatter-un-incontournable-de-la-danse-contemporaine","status":"publish","type":"post","link":"https:\/\/www.lediamant.ca\/en\/darkmatter-un-incontournable-de-la-danse-contemporaine","title":{"rendered":"<s>DARK<\/s>MATTER: Un incontournable de la danse contemporaine"},"content":{"rendered":"<div class=\"item wysiwyg component-html\" >\n<p class=\"has-text-align-left has-light-gray-color has-dark-gray-background-color has-text-color has-background\" style=\"padding:1.25em 1.25em;display:inline-block;\">Sorry for the inconvenience, this article is only available in French.<\/p>\n<\/div>\n\n<div class=\"item wysiwyg component-heading\" >\n<h2 class=\"wp-block-heading\">Corps, lumi\u00e8re et distorsions : un spectacle hors du commun<\/h2>\n<\/div>\n\n<div class=\"item wysiwyg component-paragraph\" >\n<p>Se d\u00e9marquant sur la sc\u00e8ne internationale, l\u2019artiste Cherish Menzo pr\u00e9sente pour la toute premi\u00e8re fois \u00e0 Qu\u00e9bec l\u2019une de ses cr\u00e9ations, consid\u00e9r\u00e9e comme un incontournable de la danse contemporaine : <em><s>DARK<\/s>MATTER<\/em>. Ce spectacle m\u00ealant danse, vid\u00e9o, lumi\u00e8re, texte et son \u00e0 travers po\u00e9sie, \u00e9tranget\u00e9 et distorsions est \u00e0 l\u2019affiche au Diamant les 5 et 6 f\u00e9vrier en copr\u00e9sentation avec le Mois Multi et La Rotonde.<\/p>\n<\/div>\n\n<div class=\"item wysiwyg component-embed\" >\n<figure class=\"wp-block-embed is-type-video is-provider-youtube wp-block-embed-youtube wp-embed-aspect-16-9 wp-has-aspect-ratio\"><div class=\"wp-block-embed__wrapper\">\n<iframe loading=\"lazy\" title=\"DARKMATTER | Du 5 au 6 f\u00e9vrier | Le Diamant en copr\u00e9sentation avec le Mois Multi et La Rotonde\" width=\"500\" height=\"281\" src=\"https:\/\/www.youtube.com\/embed\/E-sS-M1VAfk?feature=oembed\" frameborder=\"0\" allow=\"accelerometer; autoplay; clipboard-write; encrypted-media; gyroscope; picture-in-picture; web-share\" referrerpolicy=\"strict-origin-when-cross-origin\" allowfullscreen><\/iframe>\n<\/div><\/figure>\n<\/div>\n\n<div class=\"item wysiwyg component-heading\" >\n<h3 class=\"wp-block-heading\">Exp\u00e9rience physique hypnotisante<\/h3>\n<\/div>\n\n<div class=\"item wysiwyg component-paragraph\" >\n<p>Sur sc\u00e8ne, la chor\u00e9graphe et metteuse en sc\u00e8ne Cherish Menzo \u00e9tend son vocabulaire gestuel en y int\u00e9grant des techniques issues de la musique hip-hop avec son partenaire Camilo Mej\u00eda Cort\u00e9s. Le duo vous ouvre les portes d\u2019un espace sans limite o\u00f9 corps, temps et perceptions se brouillent, laissant au public le soin de red\u00e9finir sa propre r\u00e9alit\u00e9.<\/p>\n<\/div>\n\n<div class=\"item wysiwyg component-heading\" >\n<h3 class=\"wp-block-heading\">Exploration de la repr\u00e9sentation du corps noir<\/h3>\n<\/div>\n\n<div class=\"item wysiwyg component-paragraph\" >\n<p>Depuis le succ\u00e8s de son spectacle <em>JEZEBEL<\/em>, Cherish Menzo a souhait\u00e9 approfondir son d\u00e9sir de construire et de reconstruire les corps, s\u2019interrogeant principalement sur ce qui se produit lorsque l\u2019accent est \u00e0 nouveau mis sur le corps noir. Emprunt\u00e9 au ph\u00e9nom\u00e8ne astronomique de la mati\u00e8re noire, une mati\u00e8re quasi invisible qui stimule la curiosit\u00e9 de tous, le titre <em><s>DARK<\/s>MATTER<\/em> fait aussi r\u00e9f\u00e9rence \u00e0 la couleur de peau des corps des performeurs, laquelle pouvant, elle aussi, devenir invisible dans nos soci\u00e9t\u00e9s.<\/p>\n<\/div>\n\n<div class=\"item component-spacer\" ><div class=\"container\">\n<div style=\"height:25px\" aria-hidden=\"true\" class=\"wp-block-spacer\"><\/div>\n<\/div><\/div>\n\n<div class=\"item component-media-text\">\n<div class=\"wp-block-media-text alignwide is-stacked-on-mobile\" style=\"grid-template-columns:30% auto\"><figure class=\"wp-block-media-text__media\"><img decoding=\"async\" width=\"750\" height=\"750\" src=\"https:\/\/www.lediamant.ca\/wp-content\/uploads\/2026\/01\/cherish-menzo-photo-laetitia-bica.webp\" alt=\"\" class=\"wp-image-21206 size-full\"\/ loading=\"lazy\" srcset=\"https:\/\/www.lediamant.ca\/wp-content\/uploads\/2026\/01\/cherish-menzo-photo-laetitia-bica.webp 750w, https:\/\/www.lediamant.ca\/wp-content\/uploads\/2026\/01\/cherish-menzo-photo-laetitia-bica-700x700.webp 700w, https:\/\/www.lediamant.ca\/wp-content\/uploads\/2026\/01\/cherish-menzo-photo-laetitia-bica-400x400.webp 400w\" sizes=\"auto, (max-width: 750px) 100vw, 750px\" \/><\/figure><div class=\"wp-block-media-text__content\"><div class=\"item wysiwyg component-quote\" >\n<blockquote class=\"wp-block-quote has-text-align-left is-layout-flow wp-block-quote-is-layout-flow\"><div class=\"item wysiwyg component-paragraph\" >\n<p>\u00ab Dans le titre, j\u2019ai d\u00e9lib\u00e9r\u00e9ment barr\u00e9 le mot DARK, comme une ouverture permettant aux corps fonc\u00e9s de se d\u00e9connecter, de se d\u00e9tacher de certaines histoires et autres st\u00e9r\u00e9otypes. \u00bb<\/p>\n<\/div><cite>\u2014 <strong>Cherish Menzo<\/strong><\/cite><\/blockquote>\n<\/div><\/div><\/div>\n<\/div>\n\n<div class=\"item wysiwyg component-heading\" >\n<h3 class=\"wp-block-heading\"><s>DARK<\/s>MATTER en trois mots<\/h3>\n<\/div>\n\n<div class=\"item wysiwyg component-paragraph\" >\n<p><br>Dans cette capsule, Marie-H\u00e9l\u00e8ne Julien de La Rotonde, Christian Lapointe du Mois Multi et Viviane Paradis du Diamant, d\u00e9crivent le spectacle en trois mots.&nbsp;<\/p>\n<\/div>\n\n<div class=\"item wysiwyg component-embed\" >\n<figure class=\"wp-block-embed is-type-video is-provider-youtube wp-block-embed-youtube wp-embed-aspect-9-16 wp-has-aspect-ratio\"><div class=\"wp-block-embed__wrapper\">\n<iframe loading=\"lazy\" title=\"DARKMATTER de Cherish Menzo en trois mots...\" width=\"422\" height=\"750\" src=\"https:\/\/www.youtube.com\/embed\/6K8n-JcWTHY?feature=oembed\" frameborder=\"0\" allow=\"accelerometer; autoplay; clipboard-write; encrypted-media; gyroscope; picture-in-picture; web-share\" referrerpolicy=\"strict-origin-when-cross-origin\" allowfullscreen><\/iframe>\n<\/div><\/figure>\n<\/div>\n\n<div class=\"item wysiwyg component-heading\" >\n<h3 class=\"wp-block-heading\">Un peu plus sur les artistes<\/h3>\n<\/div>\n\n<div class=\"item component-spacer\" ><div class=\"container\">\n<div style=\"height:50px\" aria-hidden=\"true\" class=\"wp-block-spacer\"><\/div>\n<\/div><\/div>\n\n<div class=\"item component-columns\">\n<div class=\"wp-block-columns is-layout-flex wp-container-core-columns-is-layout-9d6595d7 wp-block-columns-is-layout-flex\">\n<div class=\"wp-block-column is-layout-flow wp-block-column-is-layout-flow\"><div class=\"item wysiwyg component-heading\" >\n<h4 class=\"wp-block-heading\">Cherish Menzo<\/h4>\n<\/div>\n\n<div class=\"item wysiwyg component-paragraph\" >\n<p>Dipl\u00f4m\u00e9e de la Haute \u00c9cole des arts (HSK) d\u2019Amsterdam en 2013, l\u2019artiste n\u00e9erlandaise est reconnue pour sa pratique chor\u00e9graphique situ\u00e9e \u00e0 la crois\u00e9e de la danse, de la musique et de la performance. Son travail s\u2019inscrit dans une recherche sc\u00e9nique o\u00f9 le corps, l\u2019image et le son dialoguent pour cr\u00e9er des formes hybrides et percutantes.<\/p>\n<\/div>\n\n<div class=\"item wysiwyg component-paragraph\" >\n<p>Son approche repose sur une recherche en mouvement constant, o\u00f9 des images famili\u00e8res sont r\u00e9interpr\u00e9t\u00e9es pour en r\u00e9v\u00e9ler les paradoxes. Cette m\u00e9thode cr\u00e9e une \u00e9criture chor\u00e9graphique fluide et exp\u00e9rimentale. Sur sc\u00e8ne, ses performances glissent entre \u00e9tats et \u00e9motions vari\u00e9s, offrant une exp\u00e9rience immersive et ouvrant ainsi un espace de r\u00e9flexion autant pour l\u2019interpr\u00e8te que pour le public.<\/p>\n<\/div><\/div>\n\n\n\n<div class=\"wp-block-column is-layout-flow wp-block-column-is-layout-flow\"><div class=\"item wysiwyg component-image\" >\n<figure class=\"wp-block-image size-full\"><img decoding=\"async\" width=\"750\" height=\"750\" src=\"https:\/\/www.lediamant.ca\/wp-content\/uploads\/2026\/01\/cherish-menzo-photo.webp\" alt=\"\" class=\"wp-image-21215\"\/ loading=\"lazy\" srcset=\"https:\/\/www.lediamant.ca\/wp-content\/uploads\/2026\/01\/cherish-menzo-photo.webp 750w, https:\/\/www.lediamant.ca\/wp-content\/uploads\/2026\/01\/cherish-menzo-photo-700x700.webp 700w, https:\/\/www.lediamant.ca\/wp-content\/uploads\/2026\/01\/cherish-menzo-photo-400x400.webp 400w\" sizes=\"auto, (max-width: 750px) 100vw, 750px\" \/><\/figure>\n<\/div><\/div>\n<\/div>\n<\/div>\n\n<div class=\"item component-columns\">\n<div class=\"wp-block-columns reverse-mobile is-layout-flex wp-container-core-columns-is-layout-9d6595d7 wp-block-columns-is-layout-flex\">\n<div class=\"wp-block-column is-layout-flow wp-block-column-is-layout-flow\"><div class=\"item wysiwyg component-image\" >\n<figure class=\"wp-block-image size-full\"><img decoding=\"async\" width=\"750\" height=\"750\" src=\"https:\/\/www.lediamant.ca\/wp-content\/uploads\/2026\/01\/camilo-mejia-cortes.webp\" alt=\"\" class=\"wp-image-21213\"\/ loading=\"lazy\" srcset=\"https:\/\/www.lediamant.ca\/wp-content\/uploads\/2026\/01\/camilo-mejia-cortes.webp 750w, https:\/\/www.lediamant.ca\/wp-content\/uploads\/2026\/01\/camilo-mejia-cortes-700x700.webp 700w, https:\/\/www.lediamant.ca\/wp-content\/uploads\/2026\/01\/camilo-mejia-cortes-400x400.webp 400w\" sizes=\"auto, (max-width: 750px) 100vw, 750px\" \/><\/figure>\n<\/div><\/div>\n\n\n\n<div class=\"wp-block-column is-layout-flow wp-block-column-is-layout-flow\"><div class=\"item wysiwyg component-heading\" >\n<h4 class=\"wp-block-heading\">Camilo Mej\u00eda Cort\u00e9s<\/h4>\n<\/div>\n\n<div class=\"item wysiwyg component-paragraph\" >\n<p>Originaire de Colombie, il s\u2019installe en Espagne \u00e0 14 ans pour se former en danse \u00e0 Barcelone avant de poursuivre ses \u00e9tudes \u00e0 l\u2019Acad\u00e9mie exp\u00e9rimentale de danse de Salzbourg. Interpr\u00e8te recherch\u00e9, il participe \u00e0 de nombreux projets de la sc\u00e8ne contemporaine.<\/p>\n<\/div>\n\n<div class=\"item wysiwyg component-paragraph\" >\n<p>Depuis mai 2022, il tourne \u00e0 l\u2019international pour <em><s>DARK<\/s>MATTER<\/em> avec Cherish Menzo. Sur sc\u00e8ne, ses performances m\u00ealent technique, expressivit\u00e9 et recherche artistique. Parall\u00e8lement, il d\u00e9veloppe un projet personnel explorant la salsa, ses dimensions artistiques, sociopolitiques et spirituelles, et contribue \u00e0 l\u2019archivage de la diaspora africaine.<\/p>\n<\/div><\/div>\n<\/div>\n<\/div>\n\n<div class=\"item wysiwyg component-heading\" >\n<h3 class=\"wp-block-heading\">Prix et reconnaissances de <s>DARK<\/s>MATTER<\/h3>\n<\/div>\n\n<div class=\"item wysiwyg component-list\" >\n<ul class=\"wp-block-list\">\n<li>Prix du th\u00e9\u00e2tre BNG BANK 2023<\/li>\n\n\n\n<li>Prix jury d&#8217;art dramatique des Pays-Bas pour le meilleur r\u00e9alisateur (Nederlandse Dansdagen) Maastricht 2023<\/li>\n\n\n\n<li>S\u00e9lection Festival de th\u00e9\u00e2tre flamand 2023<\/li>\n\n\n\n<li>S\u00e9lection Festival de th\u00e9\u00e2tre n\u00e9erlandais 2023<\/li>\n\n\n\n<li>Nomination VSCD Mime\/Performance 2023<\/li>\n\n\n\n<li>Nomination VSCD Zwaan production de danse la plus impressionnante 2023<\/li>\n\n\n\n<li>Nomination prix du th\u00e9\u00e2tre Guilde d\u2019Acteurs flamand 2023 (cat\u00e9gorie jusqu&#8217;\u00e0 35 ans)<\/li>\n<\/ul>\n<\/div>\n\n\n\n<div class=\"bloc-infos bloc-infos--half wysiwyg\">\n\n    <div class=\"bloc-info bloc-info--black\">\n                    <img decoding=\"async\" width=\"1200\" height=\"1200\" src=\"https:\/\/www.lediamant.ca\/wp-content\/uploads\/2025\/10\/2026-darkmatter-cherish-menzo-grip-frascati-producties-le-diamant-visuel.jpg\" class=\"bloc-info__img cover\" alt=\"DARKMATTER\" srcset=\"https:\/\/www.lediamant.ca\/wp-content\/uploads\/2025\/10\/2026-darkmatter-cherish-menzo-grip-frascati-producties-le-diamant-visuel.jpg 1200w, https:\/\/www.lediamant.ca\/wp-content\/uploads\/2025\/10\/2026-darkmatter-cherish-menzo-grip-frascati-producties-le-diamant-visuel-700x700.jpg 700w, https:\/\/www.lediamant.ca\/wp-content\/uploads\/2025\/10\/2026-darkmatter-cherish-menzo-grip-frascati-producties-le-diamant-visuel-1024x1024.jpg 1024w, https:\/\/www.lediamant.ca\/wp-content\/uploads\/2025\/10\/2026-darkmatter-cherish-menzo-grip-frascati-producties-le-diamant-visuel-768x768.jpg 768w, https:\/\/www.lediamant.ca\/wp-content\/uploads\/2025\/10\/2026-darkmatter-cherish-menzo-grip-frascati-producties-le-diamant-visuel-400x400.jpg 400w\" sizes=\"auto, (max-width: 1200px) 100vw, 1200px\" \/ loading=\"lazy\">                    <\/div>\n\n    <div class=\"bloc-info bloc-info--black\">\n                    <div class=\"bloc-info__content\">\n                <strong class=\"d-block h3\"><s>DARK<\/s>MATTER<h4 style=\"margin-top: 1em\">\u2014 5 et 6 f\u00e9vr.<\/h4><\/strong>\n                <p><span style=\"font-weight: 400;\">&lt;!&#8211; wp:html &#8211;&gt;<br \/>\n&lt;p class=&#8221;has-text-align-left has-light-gray-color has-dark-gray-background-color has-text-color has-background&#8221; style=&#8221;padding:1.25em 1.25em;display:inline-block;&#8221;&gt;Sorry for the inconvenience, this article is only available in French.&lt;\/p&gt;<br \/>\n&lt;!&#8211; \/wp:html &#8211;&gt;Rendez-vous les 5 et 6 f\u00e9vrier au Diamant pour <em><s>DARK<\/s>MATTER<\/em>, un spectacle qui se vit plus qu\u2019il ne s\u2019explique. Une chance unique de voir pour la premi\u00e8re fois \u00e0 Qu\u00e9bec une cr\u00e9ation de l\u2019artiste renomm\u00e9e Cherish Menzo. <\/span><\/p>\n                                    <a class=\"btn btn--white-inverse\" href=\"https:\/\/www.lediamant.ca\/fr\/programmation\/darkmatter\" target=\"_blank\">Billets<\/a>\n                            <\/div>\n            \n                    <\/div>\n<\/div>","protected":false},"excerpt":{"rendered":"Se d\u00e9marquant sur la sc\u00e8ne internationale, l\u2019artiste Cherish Menzo pr\u00e9sente pour la toute premi\u00e8re fois \u00e0 Qu\u00e9bec l\u2019une de ses cr\u00e9ations","protected":false},"author":2,"featured_media":21221,"comment_status":"closed","ping_status":"closed","sticky":false,"template":"","format":"standard","meta":{"_acf_changed":false,"footnotes":""},"categories":[127],"tags":[],"class_list":["post-21255","post","type-post","status-publish","format-standard","has-post-thumbnail","hentry","category-article-en"],"acf":[],"yoast_head":"<!-- This site is optimized with the Yoast SEO plugin v26.5 - https:\/\/yoast.com\/wordpress\/plugins\/seo\/ -->\n<title>DARKMATTER: Un incontournable de la danse contemporaine - Le Diamant<\/title>\n<meta name=\"description\" content=\"Se d\u00e9marquant sur la sc\u00e8ne internationale, l\u2019artiste Cherish Menzo pr\u00e9sente pour la toute premi\u00e8re fois \u00e0 Qu\u00e9bec l\u2019une de ses cr\u00e9ations.\" \/>\n<meta name=\"robots\" content=\"index, follow, max-snippet:-1, max-image-preview:large, max-video-preview:-1\" \/>\n<link rel=\"canonical\" href=\"https:\/\/www.lediamant.ca\/en\/darkmatter-un-incontournable-de-la-danse-contemporaine\" \/>\n<meta property=\"og:locale\" content=\"en_US\" \/>\n<meta property=\"og:type\" content=\"article\" \/>\n<meta property=\"og:title\" content=\"DARKMATTER: Un incontournable de la danse contemporaine\" \/>\n<meta property=\"og:description\" content=\"Se d\u00e9marquant sur la sc\u00e8ne internationale, l\u2019artiste Cherish Menzo pr\u00e9sente pour la toute premi\u00e8re fois \u00e0 Qu\u00e9bec.\" \/>\n<meta property=\"og:url\" content=\"https:\/\/www.lediamant.ca\/en\/darkmatter-un-incontournable-de-la-danse-contemporaine\" \/>\n<meta property=\"og:site_name\" content=\"Le Diamant\" \/>\n<meta property=\"article:publisher\" content=\"https:\/\/www.facebook.com\/lediamantqc\/\" \/>\n<meta property=\"article:published_time\" content=\"2026-01-30T18:57:32+00:00\" \/>\n<meta property=\"article:modified_time\" content=\"2026-01-30T19:00:53+00:00\" \/>\n<meta property=\"og:image\" content=\"https:\/\/www.lediamant.ca\/wp-content\/uploads\/2026\/01\/darkmatter-article-le-diamant.webp\" \/>\n\t<meta property=\"og:image:width\" content=\"1000\" \/>\n\t<meta property=\"og:image:height\" content=\"667\" \/>\n\t<meta property=\"og:image:type\" content=\"image\/webp\" \/>\n<meta name=\"author\" content=\"Le Diamant\" \/>\n<meta name=\"twitter:card\" content=\"summary_large_image\" \/>\n<meta name=\"twitter:creator\" content=\"@lediamant_qc\" \/>\n<meta name=\"twitter:site\" content=\"@lediamant_qc\" \/>\n<meta name=\"twitter:label1\" content=\"Written by\" \/>\n\t<meta name=\"twitter:data1\" content=\"Le Diamant\" \/>\n\t<meta name=\"twitter:label2\" content=\"Est. reading time\" \/>\n\t<meta name=\"twitter:data2\" content=\"4 minutes\" \/>\n<script type=\"application\/ld+json\" class=\"yoast-schema-graph\">{\"@context\":\"https:\/\/schema.org\",\"@graph\":[{\"@type\":\"Article\",\"@id\":\"https:\/\/www.lediamant.ca\/en\/darkmatter-un-incontournable-de-la-danse-contemporaine#article\",\"isPartOf\":{\"@id\":\"https:\/\/www.lediamant.ca\/en\/darkmatter-un-incontournable-de-la-danse-contemporaine\"},\"author\":{\"name\":\"Le Diamant\",\"@id\":\"https:\/\/www.lediamant.ca\/en#\/schema\/person\/1df7cc9f6c6e5901ce19062096c025af\"},\"headline\":\"DARKMATTER: Un incontournable de la danse contemporaine\",\"datePublished\":\"2026-01-30T18:57:32+00:00\",\"dateModified\":\"2026-01-30T19:00:53+00:00\",\"mainEntityOfPage\":{\"@id\":\"https:\/\/www.lediamant.ca\/en\/darkmatter-un-incontournable-de-la-danse-contemporaine\"},\"wordCount\":662,\"publisher\":{\"@id\":\"https:\/\/www.lediamant.ca\/en#organization\"},\"image\":{\"@id\":\"https:\/\/www.lediamant.ca\/en\/darkmatter-un-incontournable-de-la-danse-contemporaine#primaryimage\"},\"thumbnailUrl\":\"https:\/\/www.lediamant.ca\/wp-content\/uploads\/2026\/01\/darkmatter-article-le-diamant.webp\",\"articleSection\":[\"Article\"],\"inLanguage\":\"en-US\"},{\"@type\":\"WebPage\",\"@id\":\"https:\/\/www.lediamant.ca\/en\/darkmatter-un-incontournable-de-la-danse-contemporaine\",\"url\":\"https:\/\/www.lediamant.ca\/en\/darkmatter-un-incontournable-de-la-danse-contemporaine\",\"name\":\"DARKMATTER: Un incontournable de la danse contemporaine - Le Diamant\",\"isPartOf\":{\"@id\":\"https:\/\/www.lediamant.ca\/en#website\"},\"primaryImageOfPage\":{\"@id\":\"https:\/\/www.lediamant.ca\/en\/darkmatter-un-incontournable-de-la-danse-contemporaine#primaryimage\"},\"image\":{\"@id\":\"https:\/\/www.lediamant.ca\/en\/darkmatter-un-incontournable-de-la-danse-contemporaine#primaryimage\"},\"thumbnailUrl\":\"https:\/\/www.lediamant.ca\/wp-content\/uploads\/2026\/01\/darkmatter-article-le-diamant.webp\",\"datePublished\":\"2026-01-30T18:57:32+00:00\",\"dateModified\":\"2026-01-30T19:00:53+00:00\",\"description\":\"Se d\u00e9marquant sur la sc\u00e8ne internationale, l\u2019artiste Cherish Menzo pr\u00e9sente pour la toute premi\u00e8re fois \u00e0 Qu\u00e9bec l\u2019une de ses cr\u00e9ations.\",\"breadcrumb\":{\"@id\":\"https:\/\/www.lediamant.ca\/en\/darkmatter-un-incontournable-de-la-danse-contemporaine#breadcrumb\"},\"inLanguage\":\"en-US\",\"potentialAction\":[{\"@type\":\"ReadAction\",\"target\":[\"https:\/\/www.lediamant.ca\/en\/darkmatter-un-incontournable-de-la-danse-contemporaine\"]}]},{\"@type\":\"ImageObject\",\"inLanguage\":\"en-US\",\"@id\":\"https:\/\/www.lediamant.ca\/en\/darkmatter-un-incontournable-de-la-danse-contemporaine#primaryimage\",\"url\":\"https:\/\/www.lediamant.ca\/wp-content\/uploads\/2026\/01\/darkmatter-article-le-diamant.webp\",\"contentUrl\":\"https:\/\/www.lediamant.ca\/wp-content\/uploads\/2026\/01\/darkmatter-article-le-diamant.webp\",\"width\":1000,\"height\":667},{\"@type\":\"BreadcrumbList\",\"@id\":\"https:\/\/www.lediamant.ca\/en\/darkmatter-un-incontournable-de-la-danse-contemporaine#breadcrumb\",\"itemListElement\":[{\"@type\":\"ListItem\",\"position\":1,\"name\":\"Accueil\",\"item\":\"https:\/\/www.lediamant.ca\/en\"},{\"@type\":\"ListItem\",\"position\":2,\"name\":\"DARKMATTER: Un incontournable de la danse contemporaine\"}]},{\"@type\":\"WebSite\",\"@id\":\"https:\/\/www.lediamant.ca\/en#website\",\"url\":\"https:\/\/www.lediamant.ca\/en\",\"name\":\"Le Diamant\",\"description\":\"Salle de spectacle situ\u00e9e \u00e0 place D&#039;Youville, Qu\u00e9bec (Canada). D\u00e9couvrez notre programmation.\",\"publisher\":{\"@id\":\"https:\/\/www.lediamant.ca\/en#organization\"},\"potentialAction\":[{\"@type\":\"SearchAction\",\"target\":{\"@type\":\"EntryPoint\",\"urlTemplate\":\"https:\/\/www.lediamant.ca\/en?s={search_term_string}\"},\"query-input\":{\"@type\":\"PropertyValueSpecification\",\"valueRequired\":true,\"valueName\":\"search_term_string\"}}],\"inLanguage\":\"en-US\"},{\"@type\":\"Organization\",\"@id\":\"https:\/\/www.lediamant.ca\/en#organization\",\"name\":\"Le Diamant\",\"url\":\"https:\/\/www.lediamant.ca\/en\",\"logo\":{\"@type\":\"ImageObject\",\"inLanguage\":\"en-US\",\"@id\":\"https:\/\/www.lediamant.ca\/en#\/schema\/logo\/image\/\",\"url\":\"https:\/\/www.lediamant.ca\/wp-content\/uploads\/2023\/05\/le-diamant-logo.png\",\"contentUrl\":\"https:\/\/www.lediamant.ca\/wp-content\/uploads\/2023\/05\/le-diamant-logo.png\",\"width\":1000,\"height\":750,\"caption\":\"Le Diamant\"},\"image\":{\"@id\":\"https:\/\/www.lediamant.ca\/en#\/schema\/logo\/image\/\"},\"sameAs\":[\"https:\/\/www.facebook.com\/lediamantqc\/\",\"https:\/\/x.com\/lediamant_qc\"]},{\"@type\":\"Person\",\"@id\":\"https:\/\/www.lediamant.ca\/en#\/schema\/person\/1df7cc9f6c6e5901ce19062096c025af\",\"name\":\"Le Diamant\",\"image\":{\"@type\":\"ImageObject\",\"inLanguage\":\"en-US\",\"@id\":\"https:\/\/www.lediamant.ca\/en#\/schema\/person\/image\/\",\"url\":\"https:\/\/secure.gravatar.com\/avatar\/987afa0f07c5e880e415fd6bbdc5cc7ccbd67354d810536804d8f515d64bd014?s=96&d=mm&r=g\",\"contentUrl\":\"https:\/\/secure.gravatar.com\/avatar\/987afa0f07c5e880e415fd6bbdc5cc7ccbd67354d810536804d8f515d64bd014?s=96&d=mm&r=g\",\"caption\":\"Le Diamant\"}}]}<\/script>\n<!-- \/ Yoast SEO plugin. -->","yoast_head_json":{"title":"DARKMATTER: Un incontournable de la danse contemporaine - Le Diamant","description":"Se d\u00e9marquant sur la sc\u00e8ne internationale, l\u2019artiste Cherish Menzo pr\u00e9sente pour la toute premi\u00e8re fois \u00e0 Qu\u00e9bec l\u2019une de ses cr\u00e9ations.","robots":{"index":"index","follow":"follow","max-snippet":"max-snippet:-1","max-image-preview":"max-image-preview:large","max-video-preview":"max-video-preview:-1"},"canonical":"https:\/\/www.lediamant.ca\/en\/darkmatter-un-incontournable-de-la-danse-contemporaine","og_locale":"en_US","og_type":"article","og_title":"DARKMATTER: Un incontournable de la danse contemporaine","og_description":"Se d\u00e9marquant sur la sc\u00e8ne internationale, l\u2019artiste Cherish Menzo pr\u00e9sente pour la toute premi\u00e8re fois \u00e0 Qu\u00e9bec.","og_url":"https:\/\/www.lediamant.ca\/en\/darkmatter-un-incontournable-de-la-danse-contemporaine","og_site_name":"Le Diamant","article_publisher":"https:\/\/www.facebook.com\/lediamantqc\/","article_published_time":"2026-01-30T18:57:32+00:00","article_modified_time":"2026-01-30T19:00:53+00:00","og_image":[{"width":1000,"height":667,"url":"https:\/\/www.lediamant.ca\/wp-content\/uploads\/2026\/01\/darkmatter-article-le-diamant.webp","type":"image\/webp"}],"author":"Le Diamant","twitter_card":"summary_large_image","twitter_creator":"@lediamant_qc","twitter_site":"@lediamant_qc","twitter_misc":{"Written by":"Le Diamant","Est. reading time":"4 minutes"},"schema":{"@context":"https:\/\/schema.org","@graph":[{"@type":"Article","@id":"https:\/\/www.lediamant.ca\/en\/darkmatter-un-incontournable-de-la-danse-contemporaine#article","isPartOf":{"@id":"https:\/\/www.lediamant.ca\/en\/darkmatter-un-incontournable-de-la-danse-contemporaine"},"author":{"name":"Le Diamant","@id":"https:\/\/www.lediamant.ca\/en#\/schema\/person\/1df7cc9f6c6e5901ce19062096c025af"},"headline":"DARKMATTER: Un incontournable de la danse contemporaine","datePublished":"2026-01-30T18:57:32+00:00","dateModified":"2026-01-30T19:00:53+00:00","mainEntityOfPage":{"@id":"https:\/\/www.lediamant.ca\/en\/darkmatter-un-incontournable-de-la-danse-contemporaine"},"wordCount":662,"publisher":{"@id":"https:\/\/www.lediamant.ca\/en#organization"},"image":{"@id":"https:\/\/www.lediamant.ca\/en\/darkmatter-un-incontournable-de-la-danse-contemporaine#primaryimage"},"thumbnailUrl":"https:\/\/www.lediamant.ca\/wp-content\/uploads\/2026\/01\/darkmatter-article-le-diamant.webp","articleSection":["Article"],"inLanguage":"en-US"},{"@type":"WebPage","@id":"https:\/\/www.lediamant.ca\/en\/darkmatter-un-incontournable-de-la-danse-contemporaine","url":"https:\/\/www.lediamant.ca\/en\/darkmatter-un-incontournable-de-la-danse-contemporaine","name":"DARKMATTER: Un incontournable de la danse contemporaine - Le Diamant","isPartOf":{"@id":"https:\/\/www.lediamant.ca\/en#website"},"primaryImageOfPage":{"@id":"https:\/\/www.lediamant.ca\/en\/darkmatter-un-incontournable-de-la-danse-contemporaine#primaryimage"},"image":{"@id":"https:\/\/www.lediamant.ca\/en\/darkmatter-un-incontournable-de-la-danse-contemporaine#primaryimage"},"thumbnailUrl":"https:\/\/www.lediamant.ca\/wp-content\/uploads\/2026\/01\/darkmatter-article-le-diamant.webp","datePublished":"2026-01-30T18:57:32+00:00","dateModified":"2026-01-30T19:00:53+00:00","description":"Se d\u00e9marquant sur la sc\u00e8ne internationale, l\u2019artiste Cherish Menzo pr\u00e9sente pour la toute premi\u00e8re fois \u00e0 Qu\u00e9bec l\u2019une de ses cr\u00e9ations.","breadcrumb":{"@id":"https:\/\/www.lediamant.ca\/en\/darkmatter-un-incontournable-de-la-danse-contemporaine#breadcrumb"},"inLanguage":"en-US","potentialAction":[{"@type":"ReadAction","target":["https:\/\/www.lediamant.ca\/en\/darkmatter-un-incontournable-de-la-danse-contemporaine"]}]},{"@type":"ImageObject","inLanguage":"en-US","@id":"https:\/\/www.lediamant.ca\/en\/darkmatter-un-incontournable-de-la-danse-contemporaine#primaryimage","url":"https:\/\/www.lediamant.ca\/wp-content\/uploads\/2026\/01\/darkmatter-article-le-diamant.webp","contentUrl":"https:\/\/www.lediamant.ca\/wp-content\/uploads\/2026\/01\/darkmatter-article-le-diamant.webp","width":1000,"height":667},{"@type":"BreadcrumbList","@id":"https:\/\/www.lediamant.ca\/en\/darkmatter-un-incontournable-de-la-danse-contemporaine#breadcrumb","itemListElement":[{"@type":"ListItem","position":1,"name":"Accueil","item":"https:\/\/www.lediamant.ca\/en"},{"@type":"ListItem","position":2,"name":"DARKMATTER: Un incontournable de la danse contemporaine"}]},{"@type":"WebSite","@id":"https:\/\/www.lediamant.ca\/en#website","url":"https:\/\/www.lediamant.ca\/en","name":"Le Diamant","description":"Salle de spectacle situ\u00e9e \u00e0 place D&#039;Youville, Qu\u00e9bec (Canada). D\u00e9couvrez notre programmation.","publisher":{"@id":"https:\/\/www.lediamant.ca\/en#organization"},"potentialAction":[{"@type":"SearchAction","target":{"@type":"EntryPoint","urlTemplate":"https:\/\/www.lediamant.ca\/en?s={search_term_string}"},"query-input":{"@type":"PropertyValueSpecification","valueRequired":true,"valueName":"search_term_string"}}],"inLanguage":"en-US"},{"@type":"Organization","@id":"https:\/\/www.lediamant.ca\/en#organization","name":"Le Diamant","url":"https:\/\/www.lediamant.ca\/en","logo":{"@type":"ImageObject","inLanguage":"en-US","@id":"https:\/\/www.lediamant.ca\/en#\/schema\/logo\/image\/","url":"https:\/\/www.lediamant.ca\/wp-content\/uploads\/2023\/05\/le-diamant-logo.png","contentUrl":"https:\/\/www.lediamant.ca\/wp-content\/uploads\/2023\/05\/le-diamant-logo.png","width":1000,"height":750,"caption":"Le Diamant"},"image":{"@id":"https:\/\/www.lediamant.ca\/en#\/schema\/logo\/image\/"},"sameAs":["https:\/\/www.facebook.com\/lediamantqc\/","https:\/\/x.com\/lediamant_qc"]},{"@type":"Person","@id":"https:\/\/www.lediamant.ca\/en#\/schema\/person\/1df7cc9f6c6e5901ce19062096c025af","name":"Le Diamant","image":{"@type":"ImageObject","inLanguage":"en-US","@id":"https:\/\/www.lediamant.ca\/en#\/schema\/person\/image\/","url":"https:\/\/secure.gravatar.com\/avatar\/987afa0f07c5e880e415fd6bbdc5cc7ccbd67354d810536804d8f515d64bd014?s=96&d=mm&r=g","contentUrl":"https:\/\/secure.gravatar.com\/avatar\/987afa0f07c5e880e415fd6bbdc5cc7ccbd67354d810536804d8f515d64bd014?s=96&d=mm&r=g","caption":"Le Diamant"}}]}},"_links":{"self":[{"href":"https:\/\/www.lediamant.ca\/en\/wp-json\/wp\/v2\/posts\/21255","targetHints":{"allow":["GET"]}}],"collection":[{"href":"https:\/\/www.lediamant.ca\/en\/wp-json\/wp\/v2\/posts"}],"about":[{"href":"https:\/\/www.lediamant.ca\/en\/wp-json\/wp\/v2\/types\/post"}],"author":[{"embeddable":true,"href":"https:\/\/www.lediamant.ca\/en\/wp-json\/wp\/v2\/users\/2"}],"replies":[{"embeddable":true,"href":"https:\/\/www.lediamant.ca\/en\/wp-json\/wp\/v2\/comments?post=21255"}],"version-history":[{"count":2,"href":"https:\/\/www.lediamant.ca\/en\/wp-json\/wp\/v2\/posts\/21255\/revisions"}],"predecessor-version":[{"id":21257,"href":"https:\/\/www.lediamant.ca\/en\/wp-json\/wp\/v2\/posts\/21255\/revisions\/21257"}],"wp:featuredmedia":[{"embeddable":true,"href":"https:\/\/www.lediamant.ca\/en\/wp-json\/wp\/v2\/media\/21221"}],"wp:attachment":[{"href":"https:\/\/www.lediamant.ca\/en\/wp-json\/wp\/v2\/media?parent=21255"}],"wp:term":[{"taxonomy":"category","embeddable":true,"href":"https:\/\/www.lediamant.ca\/en\/wp-json\/wp\/v2\/categories?post=21255"},{"taxonomy":"post_tag","embeddable":true,"href":"https:\/\/www.lediamant.ca\/en\/wp-json\/wp\/v2\/tags?post=21255"}],"curies":[{"name":"wp","href":"https:\/\/api.w.org\/{rel}","templated":true}]}}