{"id":13583,"date":"2024-09-09T14:45:11","date_gmt":"2024-09-09T18:45:11","guid":{"rendered":"https:\/\/www.lediamant.ca\/rentree-culturelle-quoi-voir-au-diamant"},"modified":"2024-09-10T15:50:23","modified_gmt":"2024-09-10T19:50:23","slug":"rentree-culturelle-quoi-voir-au-diamant","status":"publish","type":"post","link":"https:\/\/www.lediamant.ca\/en\/rentree-culturelle-quoi-voir-au-diamant","title":{"rendered":"Rentr\u00e9e culturelle : Quoi voir au Diamant"},"content":{"rendered":"<div class=\"item wysiwyg component-html\" >\n<p class=\"has-text-align-left has-light-gray-color has-dark-gray-background-color has-text-color has-background\" style=\"padding:1.25em 1.25em;display:inline-block;\">Sorry for the inconvenience, this article is only available in French.<\/p>\n<\/div>\n\n<div class=\"item wysiwyg component-paragraph\" >\n<p>Septembre est arriv\u00e9, ce qui signifie que c&#8217;est officiellement la rentr\u00e9e culturelle au Diamant. Ainsi, c\u2019est l\u2019heure de vous proposer 6 sorties \u00e0 mettre \u00e0 votre agenda cet automne.<\/p>\n<\/div>\n\n<div class=\"item wysiwyg component-heading\" >\n<h3 class=\"wp-block-heading\">1 \u2014 Galas de lutte professionelle<\/h3>\n<\/div>\n\n<div class=\"item wysiwyg component-html\" >\n<video autoplay muted loop playsinline poster=\"https:\/\/www.lediamant.ca\/wp-content\/uploads\/2024\/08\/Article-Lutte.jpeg\"\n           style=\"pointer-events: none; width: 100%; height: auto;\" \n           oncontextmenu=\"return false;\">\n        <source src=\"https:\/\/www.lediamant.ca\/wp-content\/uploads\/2024\/08\/Article-Lutte.mp4\" type=\"video\/mp4\">\n        Votre navigateur ne prend pas en charge cette vid\u00e9o.\n    <\/video>\n<\/div>\n\n<div class=\"item component-spacer\" ><div class=\"container\">\n<div style=\"height:35px\" aria-hidden=\"true\" class=\"wp-block-spacer\"><\/div>\n<\/div><\/div>\n\n<div class=\"item wysiwyg component-heading\" >\n<h4 class=\"wp-block-heading\">Vivre l&#8217;exp\u00e9rience \u00e9lectrisante de la nspw<\/h4>\n<\/div>\n\n<div class=\"item wysiwyg component-paragraph\" >\n<p>Vos lutteurs et lutteuses pr\u00e9f\u00e9r\u00e9-e-s de la North Shore Pro Wrestling seront de retour au Diamant les <strong>28 septembre<\/strong> et <strong>16 novembre<\/strong> prochains afin de vous offrir des combats spectaculaires, rien de moins ! Depuis que la lutte fait partie de notre programmation r\u00e9guli\u00e8re, cet art du divertissement fascine non seulement Robert Lepage, mais aussi le grand public.\u00a0<\/p>\n<\/div>\n\n<div class=\"item wysiwyg component-paragraph\" >\n<p>R\u00e9servez vos billets d\u00e8s maintenant avant qu\u2019ils ne s\u2019envolent tous. Si jamais la date que vous d\u00e9sirez est compl\u00e8te, sachez que vous pouvez toujours vous procurer des <a href=\"https:\/\/www.lediamant.ca\/en\/box-office#tarificationaccessible\" target=\"_blank\" rel=\"noreferrer noopener\">billets <em>MIDI 50<\/em><\/a>.<\/p>\n<\/div>\n\n<div class=\"item wysiwyg component-link-button\" >\n<p><a class=\"btn btn--regular\" href=\"https:\/\/www.lediamant.ca\/fr\/programmation\/lutte-2024-2025\" target=\"_blank\">Acheter des billets<\/a><\/p><\/div>\n\n<div class=\"item wysiwyg component-heading\" >\n<h3 class=\"wp-block-heading\">2 \u2014 Vernon Subutex 1 et Vernon Subutex 1+2+3<\/h3>\n<\/div>\n\n<div class=\"item wysiwyg component-html\" >\n<video autoplay muted loop playsinline poster=\"https:\/\/www.lediamant.ca\/wp-content\/uploads\/2024\/08\/Article-VernonSubutex.jpeg\"\n           style=\"pointer-events: none; width: 100%; height: auto;\" \n           oncontextmenu=\"return false;\">\n        <source src=\"https:\/\/www.lediamant.ca\/wp-content\/uploads\/2024\/08\/Article-VernonSubutex.mp4\" type=\"video\/mp4\">\n        Votre navigateur ne prend pas en charge cette vid\u00e9o.\n    <\/video>\n<\/div>\n\n<div class=\"item component-spacer\" ><div class=\"container\">\n<div style=\"height:35px\" aria-hidden=\"true\" class=\"wp-block-spacer\"><\/div>\n<\/div><\/div>\n\n<div class=\"item wysiwyg component-heading\" >\n<h4 class=\"wp-block-heading\">L&#8217;adaptation sc\u00e9nique de l&#8217;oeuvre de Virginie Despentes<\/h4>\n<\/div>\n\n<div class=\"item wysiwyg component-paragraph\" >\n<p>La metteuse en sc\u00e8ne Angela Konrad pr\u00e9sente au Diamant <em><a href=\"https:\/\/www.lediamant.ca\/en\/programming\/vernon-subutex-1\" target=\"_blank\" rel=\"noreferrer noopener\">Vernon Subutex 1<\/a><\/em> les 3 et 4 octobre prochains en plus de pr\u00e9senter l\u2019int\u00e9grale, <em><a href=\"https:\/\/www.lediamant.ca\/en\/programming\/vernon-subutex-123\" target=\"_blank\" rel=\"noreferrer noopener\">Vernon Subutex 1+2+3<\/a><\/em>, le 5 octobre, qui affiche d\u00e9j\u00e0 complet.&nbsp;<\/p>\n<\/div>\n\n<div class=\"item wysiwyg component-paragraph\" >\n<p>Dans <a href=\"https:\/\/www.lediamant.ca\/en\/programming\/vernon-subutex-1\" target=\"_blank\" rel=\"noreferrer noopener\"><em>V<\/em><\/a><a href=\"https:\/\/www.lediamant.ca\/en\/programming\/vernon-subutex-1\"><em>ernon Subutex&nbsp;1<\/em><\/a><em>,<\/em> vous plongerez dans une soci\u00e9t\u00e9 contemporaine compos\u00e9e d\u2019humains isol\u00e9s et vuln\u00e9rables et de vautours qui les guettent, une soci\u00e9t\u00e9 en manque de rien et de tout et qui ne semble plus vraiment avoir le choix entre son an\u00e9antissement ou sa r\u00e9demption. C\u2019est une occasion unique de voir Anne-Marie Cadieux, David Boutin, Violette Chauveau, Paul Ahmarani et cinq autres talentueux interpr\u00e8tes sur sc\u00e8ne vous livrer une cr\u00e9ation subversive.<\/p>\n<\/div>\n\n<div class=\"item wysiwyg component-paragraph\" >\n<p><\/p>\n<\/div>\n\n<div class=\"item wysiwyg component-link-button\" >\n<p><a class=\"btn btn--regular\" href=\"https:\/\/www.lediamant.ca\/fr\/programmation\/vernon-subutex-1\" target=\"_blank\">Acheter des billets<\/a><\/p><\/div>\n\n<div class=\"item wysiwyg component-heading\" >\n<h3 class=\"wp-block-heading\">3 \u2014 Courville<\/h3>\n<\/div>\n\n<div class=\"item wysiwyg component-html\" >\n<video autoplay muted loop playsinline poster=\"https:\/\/www.lediamant.ca\/wp-content\/uploads\/2024\/08\/Article-Courville.jpeg\"\n           style=\"pointer-events: none; width: 100%; height: auto;\" \n           oncontextmenu=\"return false;\">\n        <source src=\"https:\/\/www.lediamant.ca\/wp-content\/uploads\/2024\/08\/Article-Courville.mp4\" type=\"video\/mp4\">\n        Votre navigateur ne prend pas en charge cette vid\u00e9o.\n    <\/video>\n<\/div>\n\n<div class=\"item component-spacer\" ><div class=\"container\">\n<div style=\"height:0px\" aria-hidden=\"true\" class=\"wp-block-spacer\"><\/div>\n<\/div><\/div>\n\n<div class=\"item wysiwyg component-heading\" >\n<h4 class=\"wp-block-heading\"><br>Le passage \u00e0 l&#8217;adolescence <\/h4>\n<\/div>\n\n<div class=\"item wysiwyg component-paragraph\" >\n<p>Du 24 octobre au 9 novembre, Le Diamant pr\u00e9sente un des classiques d\u2019Ex Machina \/ Robert Lepage,<em> <a href=\"https:\/\/www.lediamant.ca\/en\/programming\/courville\" target=\"_blank\" rel=\"noreferrer noopener\">Courville<\/a><\/em>. Cette pi\u00e8ce esquisse, \u00e0 l\u2019aide de marionnettes troublantes de r\u00e9alit\u00e9, le portrait d\u2019une adolescence confuse. En toile de fond, les euphories collectives des ann\u00e9es 70 qui n\u2019arrivent pas \u00e0 dissimuler les pr\u00e9occupations de l\u2019\u00e9veil \u00e0 la sexualit\u00e9, le poids du regard des autres ou l\u2019obsession des apparences.&nbsp;<\/p>\n<\/div>\n\n<div class=\"item wysiwyg component-paragraph\" >\n<p>En 2021, c&#8217;est Robert Lepage qui incarnait le r\u00f4le principal lors de la premi\u00e8re mondiale diffus\u00e9e au Diamant. Cette fois, c&#8217;est Olivier Normand qui prend la rel\u00e8ve sur sc\u00e8ne.<\/p>\n<\/div>\n\n<div class=\"item wysiwyg component-link-button\" >\n<p><a class=\"btn btn--regular\" href=\"https:\/\/www.lediamant.ca\/fr\/programmation\/courville\" target=\"_blank\">Acheter des billets<\/a><\/p><\/div>\n\n<div class=\"item wysiwyg component-heading\" >\n<h3 class=\"wp-block-heading\">4 \u2014 Duel Reality : Au jeu comme en amour<\/h3>\n<\/div>\n\n<div class=\"item wysiwyg component-html\" >\n<video autoplay muted loop playsinline poster=\"https:\/\/www.lediamant.ca\/wp-content\/uploads\/2024\/08\/Article-DuelReality.jpeg\"\n           style=\"pointer-events: none; width: 100%; height: auto;\" \n           oncontextmenu=\"return false;\">\n        <source src=\"https:\/\/www.lediamant.ca\/wp-content\/uploads\/2024\/08\/Article-DuelReality.mp4\" type=\"video\/mp4\">\n        Votre navigateur ne prend pas en charge cette vid\u00e9o.\n    <\/video>\n<\/div>\n\n<div class=\"item wysiwyg component-heading\" >\n<h4 class=\"wp-block-heading\">Quand la sc\u00e8ne devient une ar\u00e8ne de sport<\/h4>\n<\/div>\n\n<div class=\"item wysiwyg component-paragraph\" >\n<p>Le collectif Les 7 doigts de la main sera au Diamant pour la deuxi\u00e8me fois du 21 au 23 novembre afin de pr\u00e9senter leur spectacle de cirque <em><a href=\"https:\/\/www.lediamant.ca\/en\/programming\/duel-reality\" target=\"_blank\" rel=\"noreferrer noopener\">Duel Reality<\/a><\/em>. Pendant 70 minutes, la sc\u00e8ne devient une ar\u00e8ne de sport et le public assiste \u00e0 l\u2019opposition de deux groupes, \u00e9rig\u00e9s l\u2019un contre l\u2019autre, mus par le d\u00e9sir de se surpasser. <\/p>\n<\/div>\n\n<div class=\"item wysiwyg component-paragraph\" >\n<p>Si vous souhaitez vivre une exp\u00e9rience unique, r\u00e9servez des places en admission g\u00e9n\u00e9rale sur sc\u00e8ne o\u00f9 vous serez aux premi\u00e8res loges pour assister \u00e0 l&#8217;opposition des deux groupes.<\/p>\n<\/div>\n\n<div class=\"item wysiwyg component-paragraph\" >\n<p>Venez en famille voir ce spectacle acrobatique et moderne o\u00f9 les artistes repoussent les limites du possible en vous procurant des billets \u00e0 <strong>20 $ pour les 20 ans et moins.<\/strong><\/p>\n<\/div>\n\n<div class=\"item wysiwyg component-link-button\" >\n<p><a class=\"btn btn--regular\" href=\"https:\/\/www.lediamant.ca\/fr\/programmation\/duel-reality\" target=\"_blank\">Acheter des billets<\/a><\/p><\/div>\n\n<div class=\"item wysiwyg component-heading\" >\n<h3 class=\"wp-block-heading\">5 \u2014 Nufonia Must Fall<\/h3>\n<\/div>\n\n<div class=\"item wysiwyg component-html\" >\n<video autoplay muted loop playsinline poster=\"https:\/\/www.lediamant.ca\/wp-content\/uploads\/2024\/08\/Article-NufoniaMustFall.jpeg\"\n           style=\"pointer-events: none; width: 100%; height: auto;\" \n           oncontextmenu=\"return false;\">\n        <source src=\"https:\/\/www.lediamant.ca\/wp-content\/uploads\/2024\/08\/Article-NufoniaMustFall.mp4\" type=\"video\/mp4\">\n        Votre navigateur ne prend pas en charge cette vid\u00e9o.\n    <\/video>\n<\/div>\n\n<div class=\"item wysiwyg component-heading\" >\n<h4 class=\"wp-block-heading\">Adaptation vivante et multidisciplinaire<\/h4>\n<\/div>\n\n<div class=\"item wysiwyg component-paragraph\" >\n<p>Kid Koala est de retour au Diamant du 5 au 7 d\u00e9cembre afin de nous pr\u00e9senter <em><a href=\"https:\/\/www.lediamant.ca\/en\/programming\/nufonia-must-fall\" target=\"_blank\" rel=\"noreferrer noopener\">Nufonia Must Fall<\/a><\/em>, \u00e0 la fois cin\u00e9ma, th\u00e9\u00e2tre et concert musical qui saura charmer toute la famille. Le quatuor \u00e0 cordes Afiara se joint \u00e0 l\u2019\u00e9quipe sur sc\u00e8ne o\u00f9 des marionnettistes donneront vie aux personnages du roman graphique de Kid Koala, <em><a href=\"https:\/\/www.lediamant.ca\/en\/programming\/nufonia-must-fall\" target=\"_blank\" rel=\"noreferrer noopener\">Nufonia Must Fall<\/a><\/em>, dans des d\u00e9cors miniatures construits pour recr\u00e9er chaque sc\u00e8ne du livre. Le spectacle est \u00e9clair\u00e9, film\u00e9 et projet\u00e9 en direct sur un \u00e9cran g\u00e9ant par des moyens cin\u00e9matographiques.&nbsp;<\/p>\n<\/div>\n\n<div class=\"item wysiwyg component-paragraph\" >\n<p>Un spectacle qui saura plaire aux adeptes des films d&#8217;animation, mais \u00e9galement aux personnes qui s&#8217;int\u00e9ressent \u00e0 l&#8217;univers cin\u00e9matographique et musical. R\u00e9servez vos billets d\u00e8s maintenant parmi l\u2019une des trois repr\u00e9sentations.<\/p>\n<\/div>\n\n<div class=\"item wysiwyg component-link-button\" >\n<p><a class=\"btn btn--regular\" href=\"https:\/\/www.lediamant.ca\/fr\/programmation\/nufonia-must-fall\" target=\"_blank\">Acheter des billets<\/a><\/p><\/div>\n\n<div class=\"item wysiwyg component-heading\" >\n<h3 class=\"wp-block-heading\">6 \u2014 Action !<\/h3>\n<\/div>\n\n<div class=\"item wysiwyg component-html\" >\n<video autoplay muted loop playsinline poster=\"https:\/\/www.lediamant.ca\/wp-content\/uploads\/2024\/08\/Article-Action.jpeg\"\n           style=\"pointer-events: none; width: 100%; height: auto;\" \n           oncontextmenu=\"return false;\">\n        <source src=\"https:\/\/www.lediamant.ca\/wp-content\/uploads\/2024\/08\/Article-Action.mp4\" type=\"video\/mp4\">\n        Votre navigateur ne prend pas en charge cette vid\u00e9o.\n    <\/video>\n<\/div>\n\n<div class=\"item wysiwyg component-heading\" >\n<h4 class=\"wp-block-heading\">Votre rendez-vous des f\u00eates <\/h4>\n<\/div>\n\n<div class=\"item wysiwyg component-paragraph\" >\n<p>Du 19 au 29 d\u00e9cembre, le Th\u00e9\u00e2tre \u00e0 Tempo occupera la salle Hydro-Qu\u00e9bec afin de vous pr\u00e9senter en premi\u00e8re mondiale <em><a href=\"https:\/\/www.lediamant.ca\/en\/programming\/action\" target=\"_blank\" rel=\"noreferrer noopener\">ACTION !<\/a><\/em> une nouvelle cr\u00e9ation qui vous entra\u00eene sur un plateau de tournage des ann\u00e9es 1960. Au programme, un r\u00e9alisateur \u00ab tr\u00e8s renomm\u00e9 \u00bb et plusieurs acteurs aux multiples talents qui contournent, tant bien que mal, les cam\u00e9ras, les micros-perches, les projecteurs et tous les autres \u00e9l\u00e9ments de d\u00e9cors du plateau. M\u00eame les techniciens vous surprendront avec leurs prouesses acrobatiques\u2026<\/p>\n<\/div>\n\n<div class=\"item wysiwyg component-paragraph\" >\n<p>Vous souhaitez venir en famille pour le temps des f\u00eates ? R\u00e9servez pour l&#8217;une des repr\u00e9sentations en matin\u00e9e ou en fin d&#8217;apr\u00e8s-midi et profitez de notre tarification <strong>20 $ pour les 20 ans et moins<\/strong>.&nbsp;<\/p>\n<\/div>\n\n<div class=\"item wysiwyg component-link-button\" >\n<p><a class=\"btn btn--regular\" href=\"https:\/\/www.lediamant.ca\/fr\/programmation\/action\" target=\"_blank\">Acheter des billets<\/a><\/p><\/div>\n\n<div class=\"item wysiwyg component-heading\" >\n<h3 class=\"wp-block-heading\">Nos employ\u00e9-e-s veulent voir&#8230;<\/h3>\n<\/div>\n\n<div class=\"item wysiwyg component-paragraph\" >\n<p>Rendez-vous dans nos bureaux et d\u00e9couvrez quel spectacle nos employ\u00e9-e-s ont le plus h\u00e2te de voir cet automne au Diamant. <\/p>\n<\/div>\n\n<div class=\"item wysiwyg component-embed\" >\n<figure class=\"wp-block-embed is-type-video is-provider-youtube wp-block-embed-youtube wp-embed-aspect-16-9 wp-has-aspect-ratio\"><div class=\"wp-block-embed__wrapper\">\n<iframe loading=\"lazy\" title=\"Rentr\u00e9e culturelle\u2009: Quoi voir au Diamant | Le Diamant\" width=\"500\" height=\"281\" src=\"https:\/\/www.youtube.com\/embed\/E5Kaer84728?feature=oembed\" frameborder=\"0\" allow=\"accelerometer; autoplay; clipboard-write; encrypted-media; gyroscope; picture-in-picture; web-share\" referrerpolicy=\"strict-origin-when-cross-origin\" allowfullscreen><\/iframe>\n<\/div><\/figure>\n<\/div>","protected":false},"excerpt":{"rendered":"Septembre est arriv\u00e9, ce qui signifie que c&#8217;est officiellement la rentr\u00e9e culturelle au Diamant. Ainsi, c\u2019est l\u2019heure de vous proposer 6 sorties \u00e0 mettre \u00e0 votre agenda cet automne.","protected":false},"author":2,"featured_media":13413,"comment_status":"closed","ping_status":"closed","sticky":false,"template":"","format":"standard","meta":{"_acf_changed":false,"footnotes":""},"categories":[127],"tags":[],"class_list":["post-13583","post","type-post","status-publish","format-standard","has-post-thumbnail","hentry","category-article-en"],"acf":[],"yoast_head":"<!-- This site is optimized with the Yoast SEO plugin v26.5 - https:\/\/yoast.com\/wordpress\/plugins\/seo\/ -->\n<title>Rentr\u00e9e culturelle : Quoi voir au Diamant - Le Diamant<\/title>\n<meta name=\"description\" content=\"Septembre est arriv\u00e9, ce qui signifie que c&#039;est officiellement la rentr\u00e9e culturelle au Diamant. Ainsi, c\u2019est l\u2019heure de vous proposer 6 sorties \u00e0 mettre \u00e0 votre agenda cet automne.\" \/>\n<meta name=\"robots\" content=\"index, follow, max-snippet:-1, max-image-preview:large, max-video-preview:-1\" \/>\n<link rel=\"canonical\" href=\"https:\/\/www.lediamant.ca\/en\/rentree-culturelle-quoi-voir-au-diamant\" \/>\n<meta property=\"og:locale\" content=\"en_US\" \/>\n<meta property=\"og:type\" content=\"article\" \/>\n<meta property=\"og:title\" content=\"Rentr\u00e9e culturelle : Quoi voir au Diamant\" \/>\n<meta property=\"og:description\" content=\"6 sorties \u00e0 mettre \u00e0 votre agenda cet automne\" \/>\n<meta property=\"og:url\" content=\"https:\/\/www.lediamant.ca\/en\/rentree-culturelle-quoi-voir-au-diamant\" \/>\n<meta property=\"og:site_name\" content=\"Le Diamant\" \/>\n<meta property=\"article:publisher\" content=\"https:\/\/www.facebook.com\/lediamantqc\/\" \/>\n<meta property=\"article:published_time\" content=\"2024-09-09T18:45:11+00:00\" \/>\n<meta property=\"article:modified_time\" content=\"2024-09-10T19:50:23+00:00\" \/>\n<meta property=\"og:image\" content=\"https:\/\/www.lediamant.ca\/wp-content\/uploads\/2024\/08\/2024-quoifaireautomne-header.jpg\" \/>\n\t<meta property=\"og:image:width\" content=\"1500\" \/>\n\t<meta property=\"og:image:height\" content=\"1000\" \/>\n\t<meta property=\"og:image:type\" content=\"image\/jpeg\" \/>\n<meta name=\"author\" content=\"Le Diamant\" \/>\n<meta name=\"twitter:card\" content=\"summary_large_image\" \/>\n<meta name=\"twitter:title\" content=\"Rentr\u00e9e culturelle : Quoi voir au Diamant\" \/>\n<meta name=\"twitter:description\" content=\"6 sorties \u00e0 mettre \u00e0 votre agenda cet automne\" \/>\n<meta name=\"twitter:image\" content=\"https:\/\/www.lediamant.ca\/wp-content\/uploads\/2024\/08\/2024-quoifaireautomne-header.jpg\" \/>\n<meta name=\"twitter:creator\" content=\"@lediamant_qc\" \/>\n<meta name=\"twitter:site\" content=\"@lediamant_qc\" \/>\n<meta name=\"twitter:label1\" content=\"Written by\" \/>\n\t<meta name=\"twitter:data1\" content=\"Le Diamant\" \/>\n\t<meta name=\"twitter:label2\" content=\"Est. reading time\" \/>\n\t<meta name=\"twitter:data2\" content=\"5 minutes\" \/>\n<script type=\"application\/ld+json\" class=\"yoast-schema-graph\">{\"@context\":\"https:\/\/schema.org\",\"@graph\":[{\"@type\":\"Article\",\"@id\":\"https:\/\/www.lediamant.ca\/en\/rentree-culturelle-quoi-voir-au-diamant#article\",\"isPartOf\":{\"@id\":\"https:\/\/www.lediamant.ca\/en\/rentree-culturelle-quoi-voir-au-diamant\"},\"author\":{\"name\":\"Le Diamant\",\"@id\":\"https:\/\/www.lediamant.ca\/en#\/schema\/person\/1df7cc9f6c6e5901ce19062096c025af\"},\"headline\":\"Rentr\u00e9e culturelle : Quoi voir au Diamant\",\"datePublished\":\"2024-09-09T18:45:11+00:00\",\"dateModified\":\"2024-09-10T19:50:23+00:00\",\"mainEntityOfPage\":{\"@id\":\"https:\/\/www.lediamant.ca\/en\/rentree-culturelle-quoi-voir-au-diamant\"},\"wordCount\":906,\"publisher\":{\"@id\":\"https:\/\/www.lediamant.ca\/en#organization\"},\"image\":{\"@id\":\"https:\/\/www.lediamant.ca\/en\/rentree-culturelle-quoi-voir-au-diamant#primaryimage\"},\"thumbnailUrl\":\"https:\/\/www.lediamant.ca\/wp-content\/uploads\/2024\/08\/2024-quoifaireautomne-header.jpg\",\"articleSection\":[\"Article\"],\"inLanguage\":\"en-US\"},{\"@type\":\"WebPage\",\"@id\":\"https:\/\/www.lediamant.ca\/en\/rentree-culturelle-quoi-voir-au-diamant\",\"url\":\"https:\/\/www.lediamant.ca\/en\/rentree-culturelle-quoi-voir-au-diamant\",\"name\":\"Rentr\u00e9e culturelle : Quoi voir au Diamant - Le Diamant\",\"isPartOf\":{\"@id\":\"https:\/\/www.lediamant.ca\/en#website\"},\"primaryImageOfPage\":{\"@id\":\"https:\/\/www.lediamant.ca\/en\/rentree-culturelle-quoi-voir-au-diamant#primaryimage\"},\"image\":{\"@id\":\"https:\/\/www.lediamant.ca\/en\/rentree-culturelle-quoi-voir-au-diamant#primaryimage\"},\"thumbnailUrl\":\"https:\/\/www.lediamant.ca\/wp-content\/uploads\/2024\/08\/2024-quoifaireautomne-header.jpg\",\"datePublished\":\"2024-09-09T18:45:11+00:00\",\"dateModified\":\"2024-09-10T19:50:23+00:00\",\"description\":\"Septembre est arriv\u00e9, ce qui signifie que c'est officiellement la rentr\u00e9e culturelle au Diamant. Ainsi, c\u2019est l\u2019heure de vous proposer 6 sorties \u00e0 mettre \u00e0 votre agenda cet automne.\",\"breadcrumb\":{\"@id\":\"https:\/\/www.lediamant.ca\/en\/rentree-culturelle-quoi-voir-au-diamant#breadcrumb\"},\"inLanguage\":\"en-US\",\"potentialAction\":[{\"@type\":\"ReadAction\",\"target\":[\"https:\/\/www.lediamant.ca\/en\/rentree-culturelle-quoi-voir-au-diamant\"]}]},{\"@type\":\"ImageObject\",\"inLanguage\":\"en-US\",\"@id\":\"https:\/\/www.lediamant.ca\/en\/rentree-culturelle-quoi-voir-au-diamant#primaryimage\",\"url\":\"https:\/\/www.lediamant.ca\/wp-content\/uploads\/2024\/08\/2024-quoifaireautomne-header.jpg\",\"contentUrl\":\"https:\/\/www.lediamant.ca\/wp-content\/uploads\/2024\/08\/2024-quoifaireautomne-header.jpg\",\"width\":1500,\"height\":1000},{\"@type\":\"BreadcrumbList\",\"@id\":\"https:\/\/www.lediamant.ca\/en\/rentree-culturelle-quoi-voir-au-diamant#breadcrumb\",\"itemListElement\":[{\"@type\":\"ListItem\",\"position\":1,\"name\":\"Accueil\",\"item\":\"https:\/\/www.lediamant.ca\/en\"},{\"@type\":\"ListItem\",\"position\":2,\"name\":\"Rentr\u00e9e culturelle : Quoi voir au Diamant\"}]},{\"@type\":\"WebSite\",\"@id\":\"https:\/\/www.lediamant.ca\/en#website\",\"url\":\"https:\/\/www.lediamant.ca\/en\",\"name\":\"Le Diamant\",\"description\":\"Salle de spectacle situ\u00e9e \u00e0 place D&#039;Youville, Qu\u00e9bec (Canada). D\u00e9couvrez notre programmation.\",\"publisher\":{\"@id\":\"https:\/\/www.lediamant.ca\/en#organization\"},\"potentialAction\":[{\"@type\":\"SearchAction\",\"target\":{\"@type\":\"EntryPoint\",\"urlTemplate\":\"https:\/\/www.lediamant.ca\/en?s={search_term_string}\"},\"query-input\":{\"@type\":\"PropertyValueSpecification\",\"valueRequired\":true,\"valueName\":\"search_term_string\"}}],\"inLanguage\":\"en-US\"},{\"@type\":\"Organization\",\"@id\":\"https:\/\/www.lediamant.ca\/en#organization\",\"name\":\"Le Diamant\",\"url\":\"https:\/\/www.lediamant.ca\/en\",\"logo\":{\"@type\":\"ImageObject\",\"inLanguage\":\"en-US\",\"@id\":\"https:\/\/www.lediamant.ca\/en#\/schema\/logo\/image\/\",\"url\":\"https:\/\/www.lediamant.ca\/wp-content\/uploads\/2023\/05\/le-diamant-logo.png\",\"contentUrl\":\"https:\/\/www.lediamant.ca\/wp-content\/uploads\/2023\/05\/le-diamant-logo.png\",\"width\":1000,\"height\":750,\"caption\":\"Le Diamant\"},\"image\":{\"@id\":\"https:\/\/www.lediamant.ca\/en#\/schema\/logo\/image\/\"},\"sameAs\":[\"https:\/\/www.facebook.com\/lediamantqc\/\",\"https:\/\/x.com\/lediamant_qc\"]},{\"@type\":\"Person\",\"@id\":\"https:\/\/www.lediamant.ca\/en#\/schema\/person\/1df7cc9f6c6e5901ce19062096c025af\",\"name\":\"Le Diamant\",\"image\":{\"@type\":\"ImageObject\",\"inLanguage\":\"en-US\",\"@id\":\"https:\/\/www.lediamant.ca\/en#\/schema\/person\/image\/\",\"url\":\"https:\/\/secure.gravatar.com\/avatar\/987afa0f07c5e880e415fd6bbdc5cc7ccbd67354d810536804d8f515d64bd014?s=96&d=mm&r=g\",\"contentUrl\":\"https:\/\/secure.gravatar.com\/avatar\/987afa0f07c5e880e415fd6bbdc5cc7ccbd67354d810536804d8f515d64bd014?s=96&d=mm&r=g\",\"caption\":\"Le Diamant\"}}]}<\/script>\n<!-- \/ Yoast SEO plugin. -->","yoast_head_json":{"title":"Rentr\u00e9e culturelle : Quoi voir au Diamant - Le Diamant","description":"Septembre est arriv\u00e9, ce qui signifie que c'est officiellement la rentr\u00e9e culturelle au Diamant. Ainsi, c\u2019est l\u2019heure de vous proposer 6 sorties \u00e0 mettre \u00e0 votre agenda cet automne.","robots":{"index":"index","follow":"follow","max-snippet":"max-snippet:-1","max-image-preview":"max-image-preview:large","max-video-preview":"max-video-preview:-1"},"canonical":"https:\/\/www.lediamant.ca\/en\/rentree-culturelle-quoi-voir-au-diamant","og_locale":"en_US","og_type":"article","og_title":"Rentr\u00e9e culturelle : Quoi voir au Diamant","og_description":"6 sorties \u00e0 mettre \u00e0 votre agenda cet automne","og_url":"https:\/\/www.lediamant.ca\/en\/rentree-culturelle-quoi-voir-au-diamant","og_site_name":"Le Diamant","article_publisher":"https:\/\/www.facebook.com\/lediamantqc\/","article_published_time":"2024-09-09T18:45:11+00:00","article_modified_time":"2024-09-10T19:50:23+00:00","og_image":[{"width":1500,"height":1000,"url":"https:\/\/www.lediamant.ca\/wp-content\/uploads\/2024\/08\/2024-quoifaireautomne-header.jpg","type":"image\/jpeg"}],"author":"Le Diamant","twitter_card":"summary_large_image","twitter_title":"Rentr\u00e9e culturelle : Quoi voir au Diamant","twitter_description":"6 sorties \u00e0 mettre \u00e0 votre agenda cet automne","twitter_image":"https:\/\/www.lediamant.ca\/wp-content\/uploads\/2024\/08\/2024-quoifaireautomne-header.jpg","twitter_creator":"@lediamant_qc","twitter_site":"@lediamant_qc","twitter_misc":{"Written by":"Le Diamant","Est. reading time":"5 minutes"},"schema":{"@context":"https:\/\/schema.org","@graph":[{"@type":"Article","@id":"https:\/\/www.lediamant.ca\/en\/rentree-culturelle-quoi-voir-au-diamant#article","isPartOf":{"@id":"https:\/\/www.lediamant.ca\/en\/rentree-culturelle-quoi-voir-au-diamant"},"author":{"name":"Le Diamant","@id":"https:\/\/www.lediamant.ca\/en#\/schema\/person\/1df7cc9f6c6e5901ce19062096c025af"},"headline":"Rentr\u00e9e culturelle : Quoi voir au Diamant","datePublished":"2024-09-09T18:45:11+00:00","dateModified":"2024-09-10T19:50:23+00:00","mainEntityOfPage":{"@id":"https:\/\/www.lediamant.ca\/en\/rentree-culturelle-quoi-voir-au-diamant"},"wordCount":906,"publisher":{"@id":"https:\/\/www.lediamant.ca\/en#organization"},"image":{"@id":"https:\/\/www.lediamant.ca\/en\/rentree-culturelle-quoi-voir-au-diamant#primaryimage"},"thumbnailUrl":"https:\/\/www.lediamant.ca\/wp-content\/uploads\/2024\/08\/2024-quoifaireautomne-header.jpg","articleSection":["Article"],"inLanguage":"en-US"},{"@type":"WebPage","@id":"https:\/\/www.lediamant.ca\/en\/rentree-culturelle-quoi-voir-au-diamant","url":"https:\/\/www.lediamant.ca\/en\/rentree-culturelle-quoi-voir-au-diamant","name":"Rentr\u00e9e culturelle : Quoi voir au Diamant - Le Diamant","isPartOf":{"@id":"https:\/\/www.lediamant.ca\/en#website"},"primaryImageOfPage":{"@id":"https:\/\/www.lediamant.ca\/en\/rentree-culturelle-quoi-voir-au-diamant#primaryimage"},"image":{"@id":"https:\/\/www.lediamant.ca\/en\/rentree-culturelle-quoi-voir-au-diamant#primaryimage"},"thumbnailUrl":"https:\/\/www.lediamant.ca\/wp-content\/uploads\/2024\/08\/2024-quoifaireautomne-header.jpg","datePublished":"2024-09-09T18:45:11+00:00","dateModified":"2024-09-10T19:50:23+00:00","description":"Septembre est arriv\u00e9, ce qui signifie que c'est officiellement la rentr\u00e9e culturelle au Diamant. Ainsi, c\u2019est l\u2019heure de vous proposer 6 sorties \u00e0 mettre \u00e0 votre agenda cet automne.","breadcrumb":{"@id":"https:\/\/www.lediamant.ca\/en\/rentree-culturelle-quoi-voir-au-diamant#breadcrumb"},"inLanguage":"en-US","potentialAction":[{"@type":"ReadAction","target":["https:\/\/www.lediamant.ca\/en\/rentree-culturelle-quoi-voir-au-diamant"]}]},{"@type":"ImageObject","inLanguage":"en-US","@id":"https:\/\/www.lediamant.ca\/en\/rentree-culturelle-quoi-voir-au-diamant#primaryimage","url":"https:\/\/www.lediamant.ca\/wp-content\/uploads\/2024\/08\/2024-quoifaireautomne-header.jpg","contentUrl":"https:\/\/www.lediamant.ca\/wp-content\/uploads\/2024\/08\/2024-quoifaireautomne-header.jpg","width":1500,"height":1000},{"@type":"BreadcrumbList","@id":"https:\/\/www.lediamant.ca\/en\/rentree-culturelle-quoi-voir-au-diamant#breadcrumb","itemListElement":[{"@type":"ListItem","position":1,"name":"Accueil","item":"https:\/\/www.lediamant.ca\/en"},{"@type":"ListItem","position":2,"name":"Rentr\u00e9e culturelle : Quoi voir au Diamant"}]},{"@type":"WebSite","@id":"https:\/\/www.lediamant.ca\/en#website","url":"https:\/\/www.lediamant.ca\/en","name":"Le Diamant","description":"Salle de spectacle situ\u00e9e \u00e0 place D&#039;Youville, Qu\u00e9bec (Canada). D\u00e9couvrez notre programmation.","publisher":{"@id":"https:\/\/www.lediamant.ca\/en#organization"},"potentialAction":[{"@type":"SearchAction","target":{"@type":"EntryPoint","urlTemplate":"https:\/\/www.lediamant.ca\/en?s={search_term_string}"},"query-input":{"@type":"PropertyValueSpecification","valueRequired":true,"valueName":"search_term_string"}}],"inLanguage":"en-US"},{"@type":"Organization","@id":"https:\/\/www.lediamant.ca\/en#organization","name":"Le Diamant","url":"https:\/\/www.lediamant.ca\/en","logo":{"@type":"ImageObject","inLanguage":"en-US","@id":"https:\/\/www.lediamant.ca\/en#\/schema\/logo\/image\/","url":"https:\/\/www.lediamant.ca\/wp-content\/uploads\/2023\/05\/le-diamant-logo.png","contentUrl":"https:\/\/www.lediamant.ca\/wp-content\/uploads\/2023\/05\/le-diamant-logo.png","width":1000,"height":750,"caption":"Le Diamant"},"image":{"@id":"https:\/\/www.lediamant.ca\/en#\/schema\/logo\/image\/"},"sameAs":["https:\/\/www.facebook.com\/lediamantqc\/","https:\/\/x.com\/lediamant_qc"]},{"@type":"Person","@id":"https:\/\/www.lediamant.ca\/en#\/schema\/person\/1df7cc9f6c6e5901ce19062096c025af","name":"Le Diamant","image":{"@type":"ImageObject","inLanguage":"en-US","@id":"https:\/\/www.lediamant.ca\/en#\/schema\/person\/image\/","url":"https:\/\/secure.gravatar.com\/avatar\/987afa0f07c5e880e415fd6bbdc5cc7ccbd67354d810536804d8f515d64bd014?s=96&d=mm&r=g","contentUrl":"https:\/\/secure.gravatar.com\/avatar\/987afa0f07c5e880e415fd6bbdc5cc7ccbd67354d810536804d8f515d64bd014?s=96&d=mm&r=g","caption":"Le Diamant"}}]}},"_links":{"self":[{"href":"https:\/\/www.lediamant.ca\/en\/wp-json\/wp\/v2\/posts\/13583","targetHints":{"allow":["GET"]}}],"collection":[{"href":"https:\/\/www.lediamant.ca\/en\/wp-json\/wp\/v2\/posts"}],"about":[{"href":"https:\/\/www.lediamant.ca\/en\/wp-json\/wp\/v2\/types\/post"}],"author":[{"embeddable":true,"href":"https:\/\/www.lediamant.ca\/en\/wp-json\/wp\/v2\/users\/2"}],"replies":[{"embeddable":true,"href":"https:\/\/www.lediamant.ca\/en\/wp-json\/wp\/v2\/comments?post=13583"}],"version-history":[{"count":3,"href":"https:\/\/www.lediamant.ca\/en\/wp-json\/wp\/v2\/posts\/13583\/revisions"}],"predecessor-version":[{"id":13595,"href":"https:\/\/www.lediamant.ca\/en\/wp-json\/wp\/v2\/posts\/13583\/revisions\/13595"}],"wp:featuredmedia":[{"embeddable":true,"href":"https:\/\/www.lediamant.ca\/en\/wp-json\/wp\/v2\/media\/13413"}],"wp:attachment":[{"href":"https:\/\/www.lediamant.ca\/en\/wp-json\/wp\/v2\/media?parent=13583"}],"wp:term":[{"taxonomy":"category","embeddable":true,"href":"https:\/\/www.lediamant.ca\/en\/wp-json\/wp\/v2\/categories?post=13583"},{"taxonomy":"post_tag","embeddable":true,"href":"https:\/\/www.lediamant.ca\/en\/wp-json\/wp\/v2\/tags?post=13583"}],"curies":[{"name":"wp","href":"https:\/\/api.w.org\/{rel}","templated":true}]}}